{"id":7532,"date":"2024-12-24T08:45:27","date_gmt":"2024-12-24T06:45:27","guid":{"rendered":"http:\/\/iif.gdu.edu.az\/?p=7532"},"modified":"2024-12-24T13:56:53","modified_gmt":"2024-12-24T11:56:53","slug":"prezident-ilham-%c9%99liyevin-ad-gunu","status":"publish","type":"post","link":"http:\/\/iif.gdu.edu.az\/?p=7532","title":{"rendered":"Prezident \u0130lham \u018fliyevin ad g\u00fcn\u00fc"},"content":{"rendered":"\n<figure class=\"wp-block-image size-large\"><img loading=\"lazy\" decoding=\"async\" width=\"204\" height=\"192\" src=\"https:\/\/iif.gdu.edu.az\/wp-content\/uploads\/2024\/12\/1.jpg\" alt=\"\" class=\"wp-image-7533\"\/><\/figure>\n\n\n\n<p>Sizi do\u011fum g\u00fcn\u00fcn\u00fcz m\u00fcnasib\u0259til\u0259 \u00fcr\u0259kd\u0259n t\u0259brik etm\u0259k v\u0259 \u0259n xo\u015f arzular\u0131m\u0131z\u0131  bildirm\u0259k &#8211; xo\u015fb\u0259xtlik, cansa\u011fl\u0131\u011f\u0131 v\u0259 Az\u0259rbaycan xalq\u0131 namin\u0259 m\u0259sul f\u0259aliyy\u0259tinizd\u0259 yeni u\u011furlar dil\u0259m\u0259k ist\u0259yirik. Sizin yorulmaz \u0259m\u0259yiniz say\u0259sind\u0259 Az\u0259rbaycan sosial-iqtisadi sah\u0259d\u0259, d\u00f6vl\u0259t quruculu\u011funda v\u0259 beyn\u0259lxalq al\u0259md\u0259 sanball\u0131 u\u011furlar qazanm\u0131\u015fd\u0131r.&nbsp;&#8220;Do\u011fum g\u00fcn\u00fcn\u00fcz m\u00fcnasib\u0259til\u0259 bizim s\u0259mimi t\u0259brikl\u0259rimizi q\u0259bul edin!<\/p>\n\n\n\n<p> H\u00f6rm\u0259tli \u0130lham Heyd\u0259r o\u011flu, bu xo\u015f f\u00fcrs\u0259td\u0259n istifad\u0259 ed\u0259r\u0259k Siz\u0259 m\u00f6hk\u0259m cansa\u011fl\u0131\u011f\u0131, firavanl\u0131q, s\u0259ad\u0259t, Az\u0259rbaycan xalq\u0131 namin\u0259 b\u00fct\u00fcn t\u0259\u015f\u0259bb\u00fcsl\u0259rinizd\u0259 v\u0259 ist\u0259kl\u0259rinizd\u0259 u\u011furlar dil\u0259yirik&#8221;.<\/p>\n\n\n\n<p><\/p>\n\n\n\n<figure class=\"wp-block-gallery columns-2 is-cropped wp-block-gallery-1 is-layout-flex wp-block-gallery-is-layout-flex\"><ul class=\"blocks-gallery-grid\"><li class=\"blocks-gallery-item\"><figure><img loading=\"lazy\" decoding=\"async\" width=\"204\" height=\"192\" src=\"https:\/\/iif.gdu.edu.az\/wp-content\/uploads\/2024\/12\/download.jpg\" alt=\"\" data-id=\"7534\" data-full-url=\"https:\/\/iif.gdu.edu.az\/wp-content\/uploads\/2024\/12\/download.jpg\" data-link=\"https:\/\/iif.gdu.edu.az\/?attachment_id=7534#main\" class=\"wp-image-7534\"\/><\/figure><\/li><li class=\"blocks-gallery-item\"><figure><img loading=\"lazy\" decoding=\"async\" width=\"204\" height=\"192\" src=\"https:\/\/iif.gdu.edu.az\/wp-content\/uploads\/2024\/12\/2.jpg\" alt=\"\" data-id=\"7535\" data-full-url=\"https:\/\/iif.gdu.edu.az\/wp-content\/uploads\/2024\/12\/2.jpg\" data-link=\"https:\/\/iif.gdu.edu.az\/?attachment_id=7535#main\" class=\"wp-image-7535\"\/><\/figure><\/li><\/ul><\/figure>\n\n\n\n<figure class=\"wp-block-embed-youtube wp-block-embed is-type-video is-provider-youtube wp-embed-aspect-4-3 wp-has-aspect-ratio\"><div class=\"wp-block-embed__wrapper\">\n<iframe loading=\"lazy\" title=\"Ali Ba\u015f Komandan \u0130lham \u018fliyev\" width=\"960\" height=\"720\" src=\"https:\/\/www.youtube.com\/embed\/Ql0krTkGU-M?feature=oembed\" frameborder=\"0\" allow=\"accelerometer; autoplay; clipboard-write; encrypted-media; gyroscope; picture-in-picture; web-share\" referrerpolicy=\"strict-origin-when-cross-origin\" allowfullscreen><\/iframe>\n<\/div><\/figure>\n\n\n\n<p><\/p>\n\n\n\n<p><\/p>\n","protected":false},"excerpt":{"rendered":"<p>Sizi do\u011fum g\u00fcn\u00fcn\u00fcz m\u00fcnasib\u0259til\u0259 \u00fcr\u0259kd\u0259n t\u0259brik etm\u0259k v\u0259 \u0259n xo\u015f arzular\u0131m\u0131z\u0131 bildirm\u0259k &#8211; xo\u015fb\u0259xtlik, cansa\u011fl\u0131\u011f\u0131 v\u0259 Az\u0259rbaycan xalq\u0131 namin\u0259 m\u0259sul f\u0259aliyy\u0259tinizd\u0259 yeni u\u011furlar dil\u0259m\u0259k ist\u0259yirik. Sizin yorulmaz \u0259m\u0259yiniz say\u0259sind\u0259 Az\u0259rbaycan sosial-iqtisadi sah\u0259d\u0259, d\u00f6vl\u0259t quruculu\u011funda v\u0259 beyn\u0259lxalq al\u0259md\u0259 sanball\u0131 u\u011furlar qazanm\u0131\u015fd\u0131r.&nbsp;&#8220;Do\u011fum g\u00fcn\u00fcn\u00fcz m\u00fcnasib\u0259til\u0259 bizim s\u0259mimi t\u0259brikl\u0259rimizi q\u0259bul edin! H\u00f6rm\u0259tli \u0130lham Heyd\u0259r o\u011flu, bu xo\u015f f\u00fcrs\u0259td\u0259n istifad\u0259 [&hellip;]<\/p>\n","protected":false},"author":6,"featured_media":7533,"comment_status":"closed","ping_status":"closed","sticky":false,"template":"","format":"standard","meta":{"footnotes":""},"categories":[1],"tags":[],"class_list":["post-7532","post","type-post","status-publish","format-standard","has-post-thumbnail","hentry","category-sas"],"_links":{"self":[{"href":"http:\/\/iif.gdu.edu.az\/index.php?rest_route=\/wp\/v2\/posts\/7532","targetHints":{"allow":["GET"]}}],"collection":[{"href":"http:\/\/iif.gdu.edu.az\/index.php?rest_route=\/wp\/v2\/posts"}],"about":[{"href":"http:\/\/iif.gdu.edu.az\/index.php?rest_route=\/wp\/v2\/types\/post"}],"author":[{"embeddable":true,"href":"http:\/\/iif.gdu.edu.az\/index.php?rest_route=\/wp\/v2\/users\/6"}],"replies":[{"embeddable":true,"href":"http:\/\/iif.gdu.edu.az\/index.php?rest_route=%2Fwp%2Fv2%2Fcomments&post=7532"}],"version-history":[{"count":3,"href":"http:\/\/iif.gdu.edu.az\/index.php?rest_route=\/wp\/v2\/posts\/7532\/revisions"}],"predecessor-version":[{"id":7541,"href":"http:\/\/iif.gdu.edu.az\/index.php?rest_route=\/wp\/v2\/posts\/7532\/revisions\/7541"}],"wp:featuredmedia":[{"embeddable":true,"href":"http:\/\/iif.gdu.edu.az\/index.php?rest_route=\/wp\/v2\/media\/7533"}],"wp:attachment":[{"href":"http:\/\/iif.gdu.edu.az\/index.php?rest_route=%2Fwp%2Fv2%2Fmedia&parent=7532"}],"wp:term":[{"taxonomy":"category","embeddable":true,"href":"http:\/\/iif.gdu.edu.az\/index.php?rest_route=%2Fwp%2Fv2%2Fcategories&post=7532"},{"taxonomy":"post_tag","embeddable":true,"href":"http:\/\/iif.gdu.edu.az\/index.php?rest_route=%2Fwp%2Fv2%2Ftags&post=7532"}],"curies":[{"name":"wp","href":"https:\/\/api.w.org\/{rel}","templated":true}]}}