{"id":7542,"date":"2024-12-25T14:11:42","date_gmt":"2024-12-25T12:11:42","guid":{"rendered":"http:\/\/iif.gdu.edu.az\/?p=7542"},"modified":"2024-12-25T14:11:43","modified_gmt":"2024-12-25T12:11:43","slug":"bakidan-qrozniya-ucan-t%c9%99yyar%c9%99-aktauda-dusub","status":"publish","type":"post","link":"http:\/\/iif.gdu.edu.az\/?p=7542","title":{"rendered":"Bak\u0131dan Qrozn\u0131ya u\u00e7an t\u0259yyar\u0259 Aktauda d\u00fc\u015f\u00fcb"},"content":{"rendered":"\n<figure class=\"wp-block-image size-large\"><img loading=\"lazy\" decoding=\"async\" width=\"850\" height=\"530\" src=\"https:\/\/iif.gdu.edu.az\/wp-content\/uploads\/2024\/12\/5113c8ba-d914-3ead-aca7-f556616100dd_850.jpg\" alt=\"\" class=\"wp-image-7545\" srcset=\"http:\/\/iif.gdu.edu.az\/wp-content\/uploads\/2024\/12\/5113c8ba-d914-3ead-aca7-f556616100dd_850.jpg 850w, http:\/\/iif.gdu.edu.az\/wp-content\/uploads\/2024\/12\/5113c8ba-d914-3ead-aca7-f556616100dd_850-768x479.jpg 768w\" sizes=\"auto, (max-width: 850px) 100vw, 850px\" \/><\/figure>\n\n\n\n<p>\u201cAz\u0259rbaycan Hava Yollar\u0131\u201d QSC-nin (AZAL) J2-8243 n\u00f6mr\u0259li Bak\u0131-Qrozn\u0131 reysini yerin\u0259 yetir\u0259n \u201cEmbraer 190\u201d t\u0259yyar\u0259si Aktau \u015f\u0259h\u0259rinin\u00a0<strong>3<\/strong>\u00a0km yax\u0131nl\u0131\u011f\u0131nda q\u0259za eni\u015fi edib.Qazax\u0131stan K\u0130V-nin yayd\u0131\u011f\u0131 m\u0259lumata g\u00f6r\u0259, t\u0259yyar\u0259d\u0259\u00a0<strong>67<\/strong>\u00a0s\u0259rni\u015fin,\u00a0<strong>5<\/strong>\u00a0ekipaj \u00fczv\u00fc olub.<\/p>\n\n\n\n<p><strong>Az\u0259rbaycan Respublikas\u0131n\u0131n Prezidenti \u0130lham \u018fliyev \u201cAz\u0259rbaycan Hava Yollar\u0131\u201d avia\u015firk\u0259tinin J2-8243 n\u00f6mr\u0259li Bak\u0131-Qrozn\u0131 reysini yerin\u0259 yetir\u0259n \u201cEmbraer 190\u201d t\u0259yyar\u0259sinin Aktau \u015f\u0259h\u0259rinin yax\u0131nl\u0131\u011f\u0131nda q\u0259zaya u\u011framas\u0131n\u0131n s\u0259b\u0259bl\u0259rinin ara\u015fd\u0131r\u0131lmas\u0131 v\u0259 m\u00fcvafiq t\u0259dbirl\u0259rin g\u00f6r\u00fclm\u0259si \u00fc\u00e7\u00fcn d\u00f6vl\u0259t komissiyas\u0131n\u0131n yarad\u0131lmas\u0131 haqq\u0131nda s\u0259r\u0259ncam imzalay\u0131b.<\/strong><\/p>\n\n\n\n<p><a href=\"https:\/\/report.az\/daxili-siyaset\/dekabrin-26-da-azerbaycanda-matem-elan-edilib\/\">Dekabr\u0131n 26-da Az\u0259rbaycanda mat\u0259m elan edilib<\/a>.<\/p>\n\n\n\n<figure class=\"wp-block-image size-large\"><img loading=\"lazy\" decoding=\"async\" width=\"825\" height=\"435\" src=\"https:\/\/iif.gdu.edu.az\/wp-content\/uploads\/2024\/12\/d4754b08-33b0-3f4a-ad6b-c8c6588ba097_825-1.jpg\" alt=\"\" class=\"wp-image-7544\" srcset=\"http:\/\/iif.gdu.edu.az\/wp-content\/uploads\/2024\/12\/d4754b08-33b0-3f4a-ad6b-c8c6588ba097_825-1.jpg 825w, http:\/\/iif.gdu.edu.az\/wp-content\/uploads\/2024\/12\/d4754b08-33b0-3f4a-ad6b-c8c6588ba097_825-1-768x405.jpg 768w\" sizes=\"auto, (max-width: 825px) 100vw, 825px\" \/><\/figure>\n\n\n\n<p><\/p>\n\n\n\n<p><\/p>\n","protected":false},"excerpt":{"rendered":"<p>\u201cAz\u0259rbaycan Hava Yollar\u0131\u201d QSC-nin (AZAL) J2-8243 n\u00f6mr\u0259li Bak\u0131-Qrozn\u0131 reysini yerin\u0259 yetir\u0259n \u201cEmbraer 190\u201d t\u0259yyar\u0259si Aktau \u015f\u0259h\u0259rinin\u00a03\u00a0km yax\u0131nl\u0131\u011f\u0131nda q\u0259za eni\u015fi edib.Qazax\u0131stan K\u0130V-nin yayd\u0131\u011f\u0131 m\u0259lumata g\u00f6r\u0259, t\u0259yyar\u0259d\u0259\u00a067\u00a0s\u0259rni\u015fin,\u00a05\u00a0ekipaj \u00fczv\u00fc olub. Az\u0259rbaycan Respublikas\u0131n\u0131n Prezidenti \u0130lham \u018fliyev \u201cAz\u0259rbaycan Hava Yollar\u0131\u201d avia\u015firk\u0259tinin J2-8243 n\u00f6mr\u0259li Bak\u0131-Qrozn\u0131 reysini yerin\u0259 yetir\u0259n \u201cEmbraer 190\u201d t\u0259yyar\u0259sinin Aktau \u015f\u0259h\u0259rinin yax\u0131nl\u0131\u011f\u0131nda q\u0259zaya u\u011framas\u0131n\u0131n s\u0259b\u0259bl\u0259rinin ara\u015fd\u0131r\u0131lmas\u0131 v\u0259 m\u00fcvafiq t\u0259dbirl\u0259rin [&hellip;]<\/p>\n","protected":false},"author":6,"featured_media":7545,"comment_status":"closed","ping_status":"closed","sticky":false,"template":"","format":"standard","meta":{"footnotes":""},"categories":[1],"tags":[],"class_list":["post-7542","post","type-post","status-publish","format-standard","has-post-thumbnail","hentry","category-sas"],"_links":{"self":[{"href":"http:\/\/iif.gdu.edu.az\/index.php?rest_route=\/wp\/v2\/posts\/7542","targetHints":{"allow":["GET"]}}],"collection":[{"href":"http:\/\/iif.gdu.edu.az\/index.php?rest_route=\/wp\/v2\/posts"}],"about":[{"href":"http:\/\/iif.gdu.edu.az\/index.php?rest_route=\/wp\/v2\/types\/post"}],"author":[{"embeddable":true,"href":"http:\/\/iif.gdu.edu.az\/index.php?rest_route=\/wp\/v2\/users\/6"}],"replies":[{"embeddable":true,"href":"http:\/\/iif.gdu.edu.az\/index.php?rest_route=%2Fwp%2Fv2%2Fcomments&post=7542"}],"version-history":[{"count":1,"href":"http:\/\/iif.gdu.edu.az\/index.php?rest_route=\/wp\/v2\/posts\/7542\/revisions"}],"predecessor-version":[{"id":7546,"href":"http:\/\/iif.gdu.edu.az\/index.php?rest_route=\/wp\/v2\/posts\/7542\/revisions\/7546"}],"wp:featuredmedia":[{"embeddable":true,"href":"http:\/\/iif.gdu.edu.az\/index.php?rest_route=\/wp\/v2\/media\/7545"}],"wp:attachment":[{"href":"http:\/\/iif.gdu.edu.az\/index.php?rest_route=%2Fwp%2Fv2%2Fmedia&parent=7542"}],"wp:term":[{"taxonomy":"category","embeddable":true,"href":"http:\/\/iif.gdu.edu.az\/index.php?rest_route=%2Fwp%2Fv2%2Fcategories&post=7542"},{"taxonomy":"post_tag","embeddable":true,"href":"http:\/\/iif.gdu.edu.az\/index.php?rest_route=%2Fwp%2Fv2%2Ftags&post=7542"}],"curies":[{"name":"wp","href":"https:\/\/api.w.org\/{rel}","templated":true}]}}