{"id":7578,"date":"2025-01-15T12:50:00","date_gmt":"2025-01-15T10:50:00","guid":{"rendered":"http:\/\/iif.gdu.edu.az\/?p=7578"},"modified":"2025-01-14T10:04:13","modified_gmt":"2025-01-14T08:04:13","slug":"g%c9%99nc%c9%99d%c9%99-cavad-xanin-anim-gunu-qeyd-edilmisdir","status":"publish","type":"post","link":"http:\/\/iif.gdu.edu.az\/?p=7578","title":{"rendered":"G\u0259nc\u0259d\u0259 Cavad Xan\u0131n an\u0131m g\u00fcn\u00fc qeyd edilmi\u015fdir"},"content":{"rendered":"\n<figure class=\"wp-block-image size-large\"><img loading=\"lazy\" decoding=\"async\" width=\"778\" height=\"1280\" src=\"https:\/\/iif.gdu.edu.az\/wp-content\/uploads\/2025\/01\/5ab4c725-8926-489e-9092-084b7e2c58cd.jpg\" alt=\"\" class=\"wp-image-7579\" srcset=\"http:\/\/iif.gdu.edu.az\/wp-content\/uploads\/2025\/01\/5ab4c725-8926-489e-9092-084b7e2c58cd.jpg 778w, http:\/\/iif.gdu.edu.az\/wp-content\/uploads\/2025\/01\/5ab4c725-8926-489e-9092-084b7e2c58cd-768x1264.jpg 768w\" sizes=\"auto, (max-width: 778px) 100vw, 778px\" \/><\/figure>\n\n\n\n<p><\/p>\n\n\n\n<p>1804-c\u00fc il yanvar ay\u0131n\u0131n 4-d\u0259 \u00e7ar Rusiyas\u0131n\u0131n m\u00fcst\u0259ml\u0259ki\u00e7ilik siyas\u0259tin\u0259 qar\u015f\u0131 apard\u0131\u011f\u0131 d\u00f6y\u00fc\u015fl\u0259rd\u0259 q\u0259hr\u0259mancas\u0131na h\u0259lak olmu\u015f G\u0259nc\u0259nin sonuncu hakimi Cavad xan\u0131n an\u0131m g\u00fcn\u00fc qeyd edilmi\u015fdir.<\/p>\n\n\n\n<p>Cavad xan\u0131n m\u0259qb\u0259r\u0259si \u00f6n\u00fcn\u0259 topla\u015fan y\u00fczl\u0259rl\u0259 g\u0259nc\u0259li Az\u0259rbaycan\u0131n \u015fanl\u0131 q\u0259hr\u0259manl\u0131q tarixind\u0259 v\u00fcsusi yeri olan xalq q\u0259hr\u0259man\u0131n\u0131n xatir\u0259sini ehtiramla yad etmi\u015f, q\u0259bri \u00fcz\u0259rin\u0259 t\u0259r q\u0259r\u0259nfill\u0259r d\u00fczm\u00fc\u015fl\u0259r.<\/p>\n\n\n\n<p>\u00c7\u0131x\u0131\u015f ed\u0259nl\u0259r Cavad Xan\u0131n o\u011flu H\u00fcseynqulu il\u0259 birg\u0259 rus ordusuna qar\u015f\u0131 qeyri- b\u0259rab\u0259r d\u00f6y\u00fc\u015fd\u0259 \u015f\u0259hid olmas\u0131n\u0131 \u0259sl v\u0259t\u0259n, torpaq sevgisind\u0259n ir\u0259li g\u0259ldiyini vur\u011fulam\u0131\u015f, onun \u0259m\u0259ll\u0259rinin g\u0259nc n\u0259sl\u0259 \u00f6rn\u0259k oldu\u011funu qeyd etmi\u015fl\u0259r.<\/p>\n","protected":false},"excerpt":{"rendered":"<p>1804-c\u00fc il yanvar ay\u0131n\u0131n 4-d\u0259 \u00e7ar Rusiyas\u0131n\u0131n m\u00fcst\u0259ml\u0259ki\u00e7ilik siyas\u0259tin\u0259 qar\u015f\u0131 apard\u0131\u011f\u0131 d\u00f6y\u00fc\u015fl\u0259rd\u0259 q\u0259hr\u0259mancas\u0131na h\u0259lak olmu\u015f G\u0259nc\u0259nin sonuncu hakimi Cavad xan\u0131n an\u0131m g\u00fcn\u00fc qeyd edilmi\u015fdir. Cavad xan\u0131n m\u0259qb\u0259r\u0259si \u00f6n\u00fcn\u0259 topla\u015fan y\u00fczl\u0259rl\u0259 g\u0259nc\u0259li Az\u0259rbaycan\u0131n \u015fanl\u0131 q\u0259hr\u0259manl\u0131q tarixind\u0259 v\u00fcsusi yeri olan xalq q\u0259hr\u0259man\u0131n\u0131n xatir\u0259sini ehtiramla yad etmi\u015f, q\u0259bri \u00fcz\u0259rin\u0259 t\u0259r q\u0259r\u0259nfill\u0259r d\u00fczm\u00fc\u015fl\u0259r. \u00c7\u0131x\u0131\u015f ed\u0259nl\u0259r Cavad Xan\u0131n o\u011flu H\u00fcseynqulu [&hellip;]<\/p>\n","protected":false},"author":6,"featured_media":0,"comment_status":"closed","ping_status":"closed","sticky":false,"template":"","format":"standard","meta":{"footnotes":""},"categories":[1],"tags":[],"class_list":["post-7578","post","type-post","status-publish","format-standard","hentry","category-sas"],"_links":{"self":[{"href":"http:\/\/iif.gdu.edu.az\/index.php?rest_route=\/wp\/v2\/posts\/7578","targetHints":{"allow":["GET"]}}],"collection":[{"href":"http:\/\/iif.gdu.edu.az\/index.php?rest_route=\/wp\/v2\/posts"}],"about":[{"href":"http:\/\/iif.gdu.edu.az\/index.php?rest_route=\/wp\/v2\/types\/post"}],"author":[{"embeddable":true,"href":"http:\/\/iif.gdu.edu.az\/index.php?rest_route=\/wp\/v2\/users\/6"}],"replies":[{"embeddable":true,"href":"http:\/\/iif.gdu.edu.az\/index.php?rest_route=%2Fwp%2Fv2%2Fcomments&post=7578"}],"version-history":[{"count":1,"href":"http:\/\/iif.gdu.edu.az\/index.php?rest_route=\/wp\/v2\/posts\/7578\/revisions"}],"predecessor-version":[{"id":7580,"href":"http:\/\/iif.gdu.edu.az\/index.php?rest_route=\/wp\/v2\/posts\/7578\/revisions\/7580"}],"wp:attachment":[{"href":"http:\/\/iif.gdu.edu.az\/index.php?rest_route=%2Fwp%2Fv2%2Fmedia&parent=7578"}],"wp:term":[{"taxonomy":"category","embeddable":true,"href":"http:\/\/iif.gdu.edu.az\/index.php?rest_route=%2Fwp%2Fv2%2Fcategories&post=7578"},{"taxonomy":"post_tag","embeddable":true,"href":"http:\/\/iif.gdu.edu.az\/index.php?rest_route=%2Fwp%2Fv2%2Ftags&post=7578"}],"curies":[{"name":"wp","href":"https:\/\/api.w.org\/{rel}","templated":true}]}}