{"id":8213,"date":"2025-05-24T12:19:00","date_gmt":"2025-05-24T10:19:00","guid":{"rendered":"http:\/\/iif.gdu.edu.az\/?p=8213"},"modified":"2025-05-27T15:32:24","modified_gmt":"2025-05-27T13:32:24","slug":"t%c9%99bi%c9%99t-v%c9%99-sosial-elml%c9%99r-sah%c9%99sind%c9%99-qlobal-cagirislar-adli-beyn%c9%99lxalq-konfrans","status":"publish","type":"post","link":"http:\/\/iif.gdu.edu.az\/?p=8213","title":{"rendered":"\u201cT\u0259bi\u0259t v\u0259 sosial elml\u0259r sah\u0259sind\u0259 qlobal \u00e7a\u011f\u0131r\u0131\u015flar\u201d adl\u0131 beyn\u0259lxalq konfrans"},"content":{"rendered":"\n<p><strong>23\u00a0\u2013 24 may 2025-ci il\u00a0<\/strong>tarixl\u0259rind\u0259 G\u0259nc\u0259 D\u00f6vl\u0259t Universitetind\u0259 \u201c<strong>T\u0259bi\u0259t v\u0259 sosial elml\u0259r sah\u0259sind\u0259 qlobal \u00e7a\u011f\u0131r\u0131\u015flar\u201d\u00a0<\/strong>adl\u0131 beyn\u0259lxalq konfrans t\u0259\u015fkil edildi. Konfrans \u00dcmummilli Lider Heyd\u0259r \u018fliyevin anadan olmas\u0131n\u0131n 102-ci ild\u00f6n\u00fcm\u00fcn\u0259 h\u0259sr edilir.<\/p>\n\n\n\n<p><\/p>\n\n\n\n<figure class=\"wp-block-gallery columns-3 is-cropped wp-block-gallery-1 is-layout-flex wp-block-gallery-is-layout-flex\"><ul class=\"blocks-gallery-grid\"><li class=\"blocks-gallery-item\"><figure><img loading=\"lazy\" decoding=\"async\" width=\"1424\" height=\"949\" src=\"http:\/\/iif.gdu.edu.az\/wp-content\/uploads\/2025\/05\/IMG_6448.jpg\" alt=\"\" data-id=\"8214\" data-full-url=\"http:\/\/iif.gdu.edu.az\/wp-content\/uploads\/2025\/05\/IMG_6448.jpg\" data-link=\"http:\/\/iif.gdu.edu.az\/?attachment_id=8214#main\" class=\"wp-image-8214\" srcset=\"http:\/\/iif.gdu.edu.az\/wp-content\/uploads\/2025\/05\/IMG_6448.jpg 1424w, http:\/\/iif.gdu.edu.az\/wp-content\/uploads\/2025\/05\/IMG_6448-768x512.jpg 768w, http:\/\/iif.gdu.edu.az\/wp-content\/uploads\/2025\/05\/IMG_6448-960x640.jpg 960w, http:\/\/iif.gdu.edu.az\/wp-content\/uploads\/2025\/05\/IMG_6448-480x320.jpg 480w, http:\/\/iif.gdu.edu.az\/wp-content\/uploads\/2025\/05\/IMG_6448-320x213.jpg 320w, http:\/\/iif.gdu.edu.az\/wp-content\/uploads\/2025\/05\/IMG_6448-240x160.jpg 240w\" sizes=\"auto, (max-width: 1424px) 100vw, 1424px\" \/><\/figure><\/li><li class=\"blocks-gallery-item\"><figure><img loading=\"lazy\" decoding=\"async\" width=\"1424\" height=\"949\" src=\"http:\/\/iif.gdu.edu.az\/wp-content\/uploads\/2025\/05\/IMG_6850.jpg\" alt=\"\" data-id=\"8215\" data-full-url=\"http:\/\/iif.gdu.edu.az\/wp-content\/uploads\/2025\/05\/IMG_6850.jpg\" data-link=\"http:\/\/iif.gdu.edu.az\/?attachment_id=8215#main\" class=\"wp-image-8215\" srcset=\"http:\/\/iif.gdu.edu.az\/wp-content\/uploads\/2025\/05\/IMG_6850.jpg 1424w, http:\/\/iif.gdu.edu.az\/wp-content\/uploads\/2025\/05\/IMG_6850-768x512.jpg 768w, http:\/\/iif.gdu.edu.az\/wp-content\/uploads\/2025\/05\/IMG_6850-960x640.jpg 960w, http:\/\/iif.gdu.edu.az\/wp-content\/uploads\/2025\/05\/IMG_6850-480x320.jpg 480w, http:\/\/iif.gdu.edu.az\/wp-content\/uploads\/2025\/05\/IMG_6850-320x213.jpg 320w, http:\/\/iif.gdu.edu.az\/wp-content\/uploads\/2025\/05\/IMG_6850-240x160.jpg 240w\" sizes=\"auto, (max-width: 1424px) 100vw, 1424px\" \/><\/figure><\/li><li class=\"blocks-gallery-item\"><figure><img loading=\"lazy\" decoding=\"async\" width=\"1424\" height=\"949\" src=\"http:\/\/iif.gdu.edu.az\/wp-content\/uploads\/2025\/05\/IMG_7040.jpg\" alt=\"\" data-id=\"8216\" data-full-url=\"http:\/\/iif.gdu.edu.az\/wp-content\/uploads\/2025\/05\/IMG_7040.jpg\" data-link=\"http:\/\/iif.gdu.edu.az\/?attachment_id=8216#main\" class=\"wp-image-8216\" srcset=\"http:\/\/iif.gdu.edu.az\/wp-content\/uploads\/2025\/05\/IMG_7040.jpg 1424w, http:\/\/iif.gdu.edu.az\/wp-content\/uploads\/2025\/05\/IMG_7040-768x512.jpg 768w, http:\/\/iif.gdu.edu.az\/wp-content\/uploads\/2025\/05\/IMG_7040-960x640.jpg 960w, http:\/\/iif.gdu.edu.az\/wp-content\/uploads\/2025\/05\/IMG_7040-480x320.jpg 480w, http:\/\/iif.gdu.edu.az\/wp-content\/uploads\/2025\/05\/IMG_7040-320x213.jpg 320w, http:\/\/iif.gdu.edu.az\/wp-content\/uploads\/2025\/05\/IMG_7040-240x160.jpg 240w\" sizes=\"auto, (max-width: 1424px) 100vw, 1424px\" \/><\/figure><\/li><li class=\"blocks-gallery-item\"><figure><img loading=\"lazy\" decoding=\"async\" width=\"1424\" height=\"949\" src=\"http:\/\/iif.gdu.edu.az\/wp-content\/uploads\/2025\/05\/IMG_7125.jpg\" alt=\"\" data-id=\"8217\" data-full-url=\"http:\/\/iif.gdu.edu.az\/wp-content\/uploads\/2025\/05\/IMG_7125.jpg\" data-link=\"http:\/\/iif.gdu.edu.az\/?attachment_id=8217#main\" class=\"wp-image-8217\" srcset=\"http:\/\/iif.gdu.edu.az\/wp-content\/uploads\/2025\/05\/IMG_7125.jpg 1424w, http:\/\/iif.gdu.edu.az\/wp-content\/uploads\/2025\/05\/IMG_7125-768x512.jpg 768w, http:\/\/iif.gdu.edu.az\/wp-content\/uploads\/2025\/05\/IMG_7125-960x640.jpg 960w, http:\/\/iif.gdu.edu.az\/wp-content\/uploads\/2025\/05\/IMG_7125-480x320.jpg 480w, http:\/\/iif.gdu.edu.az\/wp-content\/uploads\/2025\/05\/IMG_7125-320x213.jpg 320w, http:\/\/iif.gdu.edu.az\/wp-content\/uploads\/2025\/05\/IMG_7125-240x160.jpg 240w\" sizes=\"auto, (max-width: 1424px) 100vw, 1424px\" \/><\/figure><\/li><\/ul><\/figure>\n\n\n\n<p>&nbsp;G\u0259nc\u0259 D\u00f6vl\u0259t Universitetind\u0259 \u00dcmummilli Lider Heyd\u0259r \u018fliyevin anadan olmas\u0131n\u0131n 102 illiyin\u0259 h\u0259sr olunmu\u015f \u201cT\u0259bi\u0259t v\u0259 sosial elml\u0259r sah\u0259sind\u0259 qlobal \u00e7a\u011f\u0131r\u0131\u015flar\u201d m\u00f6vzusunda beyn\u0259lxalq elmi konfrans ke\u00e7irilib.&nbsp;&nbsp;&nbsp; Elmi&nbsp; konfrans m\u00fcasir kimya, biologiya, fizika, aqrar v\u0259 sosial elml\u0259rin aktual probleml\u0259rin\u0259 h\u0259sr edilib. &nbsp;M\u00f6vzu il\u0259 ba\u011fl\u0131 500-d\u0259n \u00e7ox m\u0259qal\u0259 &nbsp;5 cildd\u0259 kitabda n\u0259\u015fr olunub.<\/p>\n\n\n\n<p>&nbsp;&nbsp;&nbsp; &nbsp;Konfransda G\u0259nc\u0259 \u015f\u0259h\u0259r \u0130cra Hakimiyy\u0259ti, YAP G\u0259nc\u0259 \u015f\u0259h\u0259r T\u0259\u015fkilat\u0131 v\u0259 T\u00fcrkiy\u0259 Respublikas\u0131n\u0131n G\u0259nc\u0259d\u0259ki Ba\u015f Konsullu\u011funun r\u0259smi n\u00fcmay\u0259nd\u0259l\u0259ri, universitet rektorlar\u0131, elmi-t\u0259dqiqat institutlar\u0131n\u0131n direktorlar\u0131 v\u0259 n\u00fcmay\u0259nd\u0259l\u0259ri, T\u00fcrkiy\u0259, Rusiya, Qazax\u0131stan, Tacikistan, \u00d6zb\u0259kistan, G\u00fcrc\u00fcstan Respublikas\u0131n\u0131n aliml\u0259ri, o c\u00fcml\u0259d\u0259n g\u0259nc t\u0259dqiqat\u00e7\u0131lar, elm xadiml\u0259ri, m\u00fc\u0259llim v\u0259 t\u0259l\u0259b\u0259 hey\u0259ti i\u015ftirak edibl\u0259r.<\/p>\n\n\n\n<p>&nbsp;&nbsp; &nbsp;&nbsp; Elmi konfransdan \u00f6nc\u0259 Ulu \u00d6nd\u0259r Heyd\u0259r \u018fliyevin b\u00fcst\u00fc \u00f6n\u00fcn\u0259 g\u00fcl d\u0259st\u0259l\u0259ri d\u00fcz\u00fcl\u00fcb, \u00dcmummilli Liderin \u0259ziz xatir\u0259si d\u0259rin ehtiramla an\u0131l\u0131b.<\/p>\n\n\n\n<p>&nbsp;&nbsp;&nbsp;&nbsp;&nbsp; Daha sonra konfrans i\u015ftirak\u00e7\u0131lar\u0131 Ulu \u00d6nd\u0259r Heyd\u0259r \u018fliyevin h\u0259yat v\u0259 f\u0259aliyy\u0259tin\u0259 h\u0259sr edil\u0259n kitab v\u0259 r\u0259sm \u0259s\u0259rl\u0259rind\u0259n ibar\u0259t s\u0259rgiy\u0259 bax\u0131\u015f ke\u00e7iribl\u0259r.<\/p>\n\n\n\n<p>&nbsp;&nbsp;&nbsp; Az\u0259rbaycan Respublikas\u0131n\u0131n D\u00f6vl\u0259t Himninin s\u0259sl\u0259ndirilm\u0259si il\u0259 ba\u015flayan t\u0259dbird\u0259 \u00dcmummilli Lider Heyd\u0259r \u018fliyevin v\u0259 torpaqlar\u0131m\u0131z\u0131n azadl\u0131\u011f\u0131 u\u011frunda \u015f\u0259hid olanlar\u0131n \u0259ziz xatir\u0259si yad edilib. Ulu \u00d6nd\u0259rin z\u0259ngin v\u0259 \u00e7ox\u015fax\u0259li siyasi f\u0259aliyy\u0259tin\u0259 h\u0259sr olunan video\u00e7arx n\u00fcmayi\u015f etdirilib.<\/p>\n\n\n\n<p>&nbsp; &nbsp;&nbsp; &nbsp;G\u0259nc\u0259 D\u00f6vl\u0259t Universitetinin rektoru Yusif Yusibov giri\u015f s\u00f6z\u00fc il\u0259 \u00e7\u0131x\u0131\u015f ed\u0259r\u0259k qonaqlar\u0131 salamlay\u0131b, m\u00fcasir Az\u0259rbaycan\u0131n qurucusu v\u0259 memar\u0131 Ulu \u00d6nd\u0259r Heyd\u0259r \u018fliyevin \u00f6lk\u0259mizin h\u0259rt\u0259r\u0259fli inki\u015faf\u0131, q\u00fcdr\u0259tl\u0259nm\u0259si namin\u0259 misilsiz xidm\u0259tl\u0259rind\u0259n b\u0259hs edib. Rektor bildirib ki, \u00dcmummilli Lider Heyd\u0259r \u018fliyev \u00f6z xalq\u0131n\u0131 zaman\u0131n m\u00fcr\u0259kk\u0259b tarixi-siyasi s\u0131naqlar\u0131ndan u\u011furla \u00e7\u0131xarm\u0131\u015f v\u0259 ard\u0131c\u0131l m\u00fcbariz\u0259 apararaq onu m\u00fcst\u0259qilliy\u0259 qovu\u015fdurmu\u015f q\u00fcdr\u0259tli \u015f\u0259xsiyy\u0259tdir. \u00dcmummilli Lider Heyd\u0259r \u018fliyevin respublikam\u0131za r\u0259hb\u0259rlik etdiyi b\u00fct\u00fcn d\u00f6vrl\u0259r m\u00f6ht\u0259\u015f\u0259m quruculuq, t\u0259r\u0259qqi v\u0259 h\u0259rt\u0259r\u0259fli inki\u015faf m\u0259rh\u0259l\u0259l\u0259ri kimi \u015fanl\u0131 tariximizin q\u0131z\u0131l s\u0259hif\u0259l\u0259ridir. Ulu \u00d6nd\u0259rin respublikaya r\u0259hb\u0259rliyi d\u00f6vr\u00fcnd\u0259 \u00f6lk\u0259mizd\u0259 dig\u0259r sah\u0259l\u0259r kimi ekoloji tarazl\u0131\u011f\u0131n &nbsp;qorunmas\u0131, \u0259traf m\u00fchitin m\u00fchafiz\u0259si sah\u0259sind\u0259 \u0259sasl\u0131 d\u00f6n\u00fc\u015f yaranm\u0131\u015f, \u00f6lk\u0259mizin z\u0259ngin flora v\u0259 fauna m\u00fcxt\u0259lifliyinin qorunub saxlan\u0131lmas\u0131 h\u0259mi\u015f\u0259 prioritet m\u0259s\u0259l\u0259 olmu\u015fdur. \u00dcmummilli Liderin uzaqg\u00f6r\u0259n siyas\u0259ti bu g\u00fcn d\u0259 g\u00f6r\u00fcl\u0259n i\u015fl\u0259rd\u0259 r\u0259hb\u0259r tutulmaqdad\u0131r. D\u00f6vl\u0259t ba\u015f\u00e7\u0131s\u0131 C\u0259nab \u0130lham \u018fliyevin r\u0259hb\u0259rliyi il\u0259 h\u0259yata ke\u00e7iril\u0259n q\u0259tiyy\u0259tli siyas\u0259t n\u0259tic\u0259sind\u0259 Az\u0259rbaycan regionun \u0259n g\u00fccl\u00fc v\u0259 suveren d\u00f6vl\u0259tin\u0259 \u00e7evrilib.<\/p>\n\n\n\n<p>&nbsp;&nbsp;&nbsp;&nbsp; G\u0259nc\u0259 \u015e\u0259h\u0259r \u0130cra Hakimiyy\u0259ti ba\u015f\u00e7\u0131s\u0131n\u0131n m\u00fcavini Adil Ta\u011f\u0131yev konfrans\u0131n m\u00f6vzusunun \u0259h\u0259miyy\u0259tini vur\u011fulayaraq bildirib ki, bu g\u00fcn Az\u0259rbaycan d\u00fcnyada ged\u0259n iqlim d\u0259yi\u015fikliyi prosesl\u0259rin\u0259 \u0259n h\u0259ssas yana\u015fan \u00f6lk\u0259l\u0259rd\u0259ndir. 2024-c\u00fc ild\u0259 COP29-un \u00f6lk\u0259mizd\u0259 ke\u00e7irilm\u0259si Az\u0259rbaycan\u0131n beyn\u0259lxalq al\u0259md\u0259 artan n\u00fcfuzunun g\u00f6st\u0259ricisidir.<\/p>\n\n\n\n<p>&nbsp;&nbsp; Yeni Az\u0259rbaycan Partiyas\u0131 G\u0259nc\u0259 \u015f\u0259h\u0259r T\u0259\u015fkilat\u0131n\u0131n s\u0259dri&nbsp;Bayram Aslanov \u00e7\u0131x\u0131\u015f\u0131nda Ulu \u00d6nd\u0259r Heyd\u0259r \u018fliyevin Az\u0259rbaycana r\u0259hb\u0259rlik etdiyi ilk d\u00f6vrd\u0259n g\u00fccl\u00fc milli elmi kadrlar\u0131n yeti\u015fm\u0259sin\u0259 x\u00fcsusi \u0259h\u0259miyy\u0259t verdiyini qeyd edib, bu g\u00fcn d\u0259&nbsp;&nbsp;c\u0259nab Prezident \u0130lham \u018fliyevin \u00f6lk\u0259mizin q\u00fcdr\u0259tinin daha da art\u0131r\u0131lmas\u0131 \u00fc\u00e7\u00fcn neft kapital\u0131n\u0131n insan kapital\u0131na \u00e7evrilm\u0259si strategiyas\u0131n\u0131 u\u011furla h\u0259yata ke\u00e7diyini vur\u011fulay\u0131b. Bayram Aslanov GDU-da ke\u00e7iril\u0259n belyn\u0259lxalq elmi konfrans\u0131n i\u015fin\u0259 u\u011furlar arzulay\u0131b.<\/p>\n\n\n\n<p>&nbsp;&nbsp;&nbsp; &nbsp;T\u00fcrkiy\u0259 Respublikas\u0131n\u0131n G\u0259nc\u0259d\u0259ki Ba\u015f Konsullu\u011funun vitse-konsulu Yi\u011fit Yal\u0131n Soyal, \u0130zmir Dokuz Eylul Universitetinin prorektoru Dil\u015fen \u0130nce Erdo\u011fan, Qazax\u0131stan Respublikas\u0131n\u0131n Turan-Astana Univesitetinin professoru Baubekova Gulzamira Dzhurayeva, Rusiya Federasiyas\u0131n\u0131n \u00c7uva\u015f D\u00f6vl\u0259t Universitetinin professoru \u0130vanovna Tatyana Nikolaevna, Kazan Federal Universitetinin professoru Faxruddinova Guzyalya Jevdyateva elmi konfransda m\u00fczakir\u0259 olunan m\u00f6vzular\u0131n aktuall\u0131\u011f\u0131ndan dan\u0131\u015faraq m\u00f6vcud ekoloji probleml\u0259rin aradan qald\u0131r\u0131lmas\u0131 istiqam\u0259tind\u0259 v\u0259 \u0259traf m\u00fchitl\u0259 ba\u011fl\u0131 probleml\u0259rin h\u0259ll olunmas\u0131nda konfransda dinl\u0259nil\u0259c\u0259k elmi m\u0259ruz\u0259l\u0259rin faydal\u0131 olaca\u011f\u0131n\u0131 vur\u011fulay\u0131blar. \u00c7\u0131x\u0131\u015flardan sonra qonaqlar simvolik h\u0259diyy\u0259l\u0259r t\u0259qdim edibl\u0259r.<\/p>\n\n\n\n<p>&nbsp;&nbsp; &nbsp;&nbsp;&nbsp;&nbsp;&nbsp;&nbsp;&nbsp;&nbsp;&nbsp;Elmi konfransda Akademik Yusif M\u0259mm\u0259d\u0259liyev ad\u0131na Neft-Kimya Prosesl\u0259ri \u0130nstitutunun direktoru akademik Vaqif Abbasovun v\u0259&nbsp; G\u0259nc\u0259 D\u00f6vl\u0259t Universitetinin Botanika kafedras\u0131n\u0131n m\u00fcdiri, AMEA-n\u0131n m\u00fcxbir \u00fczv\u00fc, professor Vaqif Novruzovun qlobal ekoloji probleml\u0259r, t\u0259miz \u0259traf m\u00fchit v\u0259 ekoloji tarazl\u0131\u011f\u0131n qorunmas\u0131 m\u00f6vzular\u0131nda elmi m\u0259ruz\u0259l\u0259ri dinl\u0259nilib.<\/p>\n\n\n\n<p>\u00a0\u00a0\u00a0 Beyn\u0259lxalq elmi konfrans 16 b\u00f6lm\u0259 iclas\u0131 il\u0259 davam edib. Konfrans \u00e7\u0259r\u00e7iv\u0259sind\u0259 G\u0259nc\u0259 D\u00f6vl\u0259t Universitetind\u0259 yerli v\u0259 T\u00fcrkiy\u0259 universitetl\u0259rinin professorlar\u0131 t\u0259r\u0259find\u0259n m\u00fc\u0259llim v\u0259 t\u0259l\u0259b\u0259l\u0259r \u00fc\u00e7\u00fcn ustad d\u0259rsl\u0259ri t\u0259\u015fkil olunub. \u00a0<\/p>\n\n\n\n<p>23 may 2025-ci il tarixind\u0259 g\u00fcn\u00fcn ikinci yar\u0131s\u0131nda konfrans  \u0130qtisadiyyat b\u00f6lm\u0259si \u00fczr\u0259 IV korpusda \u00f6z f\u0259aliyy\u0259tini davam etdi. <\/p>\n\n\n\n<figure class=\"wp-block-gallery columns-3 is-cropped wp-block-gallery-2 is-layout-flex wp-block-gallery-is-layout-flex\"><ul class=\"blocks-gallery-grid\"><li class=\"blocks-gallery-item\"><figure><img loading=\"lazy\" decoding=\"async\" width=\"1280\" height=\"963\" src=\"http:\/\/iif.gdu.edu.az\/wp-content\/uploads\/2025\/05\/3b3f8cbf-9575-4a24-9bc0-8604c519c057.jpg\" alt=\"\" data-id=\"8218\" data-full-url=\"http:\/\/iif.gdu.edu.az\/wp-content\/uploads\/2025\/05\/3b3f8cbf-9575-4a24-9bc0-8604c519c057.jpg\" data-link=\"http:\/\/iif.gdu.edu.az\/?attachment_id=8218#main\" class=\"wp-image-8218\" srcset=\"http:\/\/iif.gdu.edu.az\/wp-content\/uploads\/2025\/05\/3b3f8cbf-9575-4a24-9bc0-8604c519c057.jpg 1280w, http:\/\/iif.gdu.edu.az\/wp-content\/uploads\/2025\/05\/3b3f8cbf-9575-4a24-9bc0-8604c519c057-768x578.jpg 768w, http:\/\/iif.gdu.edu.az\/wp-content\/uploads\/2025\/05\/3b3f8cbf-9575-4a24-9bc0-8604c519c057-480x360.jpg 480w, http:\/\/iif.gdu.edu.az\/wp-content\/uploads\/2025\/05\/3b3f8cbf-9575-4a24-9bc0-8604c519c057-320x240.jpg 320w, http:\/\/iif.gdu.edu.az\/wp-content\/uploads\/2025\/05\/3b3f8cbf-9575-4a24-9bc0-8604c519c057-240x180.jpg 240w\" sizes=\"auto, (max-width: 1280px) 100vw, 1280px\" \/><\/figure><\/li><li class=\"blocks-gallery-item\"><figure><img loading=\"lazy\" decoding=\"async\" width=\"1280\" height=\"963\" src=\"http:\/\/iif.gdu.edu.az\/wp-content\/uploads\/2025\/05\/3e274426-2e41-4019-bef8-f63109da7bfe.jpg\" alt=\"\" data-id=\"8219\" data-full-url=\"http:\/\/iif.gdu.edu.az\/wp-content\/uploads\/2025\/05\/3e274426-2e41-4019-bef8-f63109da7bfe.jpg\" data-link=\"http:\/\/iif.gdu.edu.az\/?attachment_id=8219#main\" class=\"wp-image-8219\" srcset=\"http:\/\/iif.gdu.edu.az\/wp-content\/uploads\/2025\/05\/3e274426-2e41-4019-bef8-f63109da7bfe.jpg 1280w, http:\/\/iif.gdu.edu.az\/wp-content\/uploads\/2025\/05\/3e274426-2e41-4019-bef8-f63109da7bfe-768x578.jpg 768w, http:\/\/iif.gdu.edu.az\/wp-content\/uploads\/2025\/05\/3e274426-2e41-4019-bef8-f63109da7bfe-480x360.jpg 480w, http:\/\/iif.gdu.edu.az\/wp-content\/uploads\/2025\/05\/3e274426-2e41-4019-bef8-f63109da7bfe-320x240.jpg 320w, http:\/\/iif.gdu.edu.az\/wp-content\/uploads\/2025\/05\/3e274426-2e41-4019-bef8-f63109da7bfe-240x180.jpg 240w\" sizes=\"auto, (max-width: 1280px) 100vw, 1280px\" \/><\/figure><\/li><li class=\"blocks-gallery-item\"><figure><img loading=\"lazy\" decoding=\"async\" width=\"1280\" height=\"963\" src=\"http:\/\/iif.gdu.edu.az\/wp-content\/uploads\/2025\/05\/7c71f6bd-25d2-46ee-9c9d-048465b85890.jpg\" alt=\"\" data-id=\"8220\" data-full-url=\"http:\/\/iif.gdu.edu.az\/wp-content\/uploads\/2025\/05\/7c71f6bd-25d2-46ee-9c9d-048465b85890.jpg\" data-link=\"http:\/\/iif.gdu.edu.az\/?attachment_id=8220#main\" class=\"wp-image-8220\" srcset=\"http:\/\/iif.gdu.edu.az\/wp-content\/uploads\/2025\/05\/7c71f6bd-25d2-46ee-9c9d-048465b85890.jpg 1280w, http:\/\/iif.gdu.edu.az\/wp-content\/uploads\/2025\/05\/7c71f6bd-25d2-46ee-9c9d-048465b85890-768x578.jpg 768w, http:\/\/iif.gdu.edu.az\/wp-content\/uploads\/2025\/05\/7c71f6bd-25d2-46ee-9c9d-048465b85890-480x360.jpg 480w, http:\/\/iif.gdu.edu.az\/wp-content\/uploads\/2025\/05\/7c71f6bd-25d2-46ee-9c9d-048465b85890-320x240.jpg 320w, http:\/\/iif.gdu.edu.az\/wp-content\/uploads\/2025\/05\/7c71f6bd-25d2-46ee-9c9d-048465b85890-240x180.jpg 240w\" sizes=\"auto, (max-width: 1280px) 100vw, 1280px\" \/><\/figure><\/li><li class=\"blocks-gallery-item\"><figure><img loading=\"lazy\" decoding=\"async\" width=\"1280\" height=\"963\" src=\"http:\/\/iif.gdu.edu.az\/wp-content\/uploads\/2025\/05\/bd76070d-f3ef-40e4-8e25-a46d1050e00e.jpg\" alt=\"\" data-id=\"8221\" data-full-url=\"http:\/\/iif.gdu.edu.az\/wp-content\/uploads\/2025\/05\/bd76070d-f3ef-40e4-8e25-a46d1050e00e.jpg\" data-link=\"http:\/\/iif.gdu.edu.az\/?attachment_id=8221#main\" class=\"wp-image-8221\" srcset=\"http:\/\/iif.gdu.edu.az\/wp-content\/uploads\/2025\/05\/bd76070d-f3ef-40e4-8e25-a46d1050e00e.jpg 1280w, http:\/\/iif.gdu.edu.az\/wp-content\/uploads\/2025\/05\/bd76070d-f3ef-40e4-8e25-a46d1050e00e-768x578.jpg 768w, http:\/\/iif.gdu.edu.az\/wp-content\/uploads\/2025\/05\/bd76070d-f3ef-40e4-8e25-a46d1050e00e-480x360.jpg 480w, http:\/\/iif.gdu.edu.az\/wp-content\/uploads\/2025\/05\/bd76070d-f3ef-40e4-8e25-a46d1050e00e-320x240.jpg 320w, http:\/\/iif.gdu.edu.az\/wp-content\/uploads\/2025\/05\/bd76070d-f3ef-40e4-8e25-a46d1050e00e-240x180.jpg 240w\" sizes=\"auto, (max-width: 1280px) 100vw, 1280px\" \/><\/figure><\/li><li class=\"blocks-gallery-item\"><figure><img loading=\"lazy\" decoding=\"async\" width=\"1280\" height=\"963\" src=\"http:\/\/iif.gdu.edu.az\/wp-content\/uploads\/2025\/05\/0e867c13-1827-495b-b63e-34760c874552.jpg\" alt=\"\" data-id=\"8222\" data-full-url=\"http:\/\/iif.gdu.edu.az\/wp-content\/uploads\/2025\/05\/0e867c13-1827-495b-b63e-34760c874552.jpg\" data-link=\"http:\/\/iif.gdu.edu.az\/?attachment_id=8222#main\" class=\"wp-image-8222\" srcset=\"http:\/\/iif.gdu.edu.az\/wp-content\/uploads\/2025\/05\/0e867c13-1827-495b-b63e-34760c874552.jpg 1280w, http:\/\/iif.gdu.edu.az\/wp-content\/uploads\/2025\/05\/0e867c13-1827-495b-b63e-34760c874552-768x578.jpg 768w, http:\/\/iif.gdu.edu.az\/wp-content\/uploads\/2025\/05\/0e867c13-1827-495b-b63e-34760c874552-480x360.jpg 480w, http:\/\/iif.gdu.edu.az\/wp-content\/uploads\/2025\/05\/0e867c13-1827-495b-b63e-34760c874552-320x240.jpg 320w, http:\/\/iif.gdu.edu.az\/wp-content\/uploads\/2025\/05\/0e867c13-1827-495b-b63e-34760c874552-240x180.jpg 240w\" sizes=\"auto, (max-width: 1280px) 100vw, 1280px\" \/><\/figure><\/li><li class=\"blocks-gallery-item\"><figure><img loading=\"lazy\" decoding=\"async\" width=\"1280\" height=\"963\" src=\"http:\/\/iif.gdu.edu.az\/wp-content\/uploads\/2025\/05\/396d3e7c-0597-445d-b5f3-277b400261c6.jpg\" alt=\"\" data-id=\"8223\" data-full-url=\"http:\/\/iif.gdu.edu.az\/wp-content\/uploads\/2025\/05\/396d3e7c-0597-445d-b5f3-277b400261c6.jpg\" data-link=\"http:\/\/iif.gdu.edu.az\/?attachment_id=8223#main\" class=\"wp-image-8223\" srcset=\"http:\/\/iif.gdu.edu.az\/wp-content\/uploads\/2025\/05\/396d3e7c-0597-445d-b5f3-277b400261c6.jpg 1280w, http:\/\/iif.gdu.edu.az\/wp-content\/uploads\/2025\/05\/396d3e7c-0597-445d-b5f3-277b400261c6-768x578.jpg 768w, http:\/\/iif.gdu.edu.az\/wp-content\/uploads\/2025\/05\/396d3e7c-0597-445d-b5f3-277b400261c6-480x360.jpg 480w, http:\/\/iif.gdu.edu.az\/wp-content\/uploads\/2025\/05\/396d3e7c-0597-445d-b5f3-277b400261c6-320x240.jpg 320w, http:\/\/iif.gdu.edu.az\/wp-content\/uploads\/2025\/05\/396d3e7c-0597-445d-b5f3-277b400261c6-240x180.jpg 240w\" sizes=\"auto, (max-width: 1280px) 100vw, 1280px\" \/><\/figure><\/li><\/ul><\/figure>\n\n\n\n<p><\/p>\n\n\n\n<p><\/p>\n","protected":false},"excerpt":{"rendered":"<p>23\u00a0\u2013 24 may 2025-ci il\u00a0tarixl\u0259rind\u0259 G\u0259nc\u0259 D\u00f6vl\u0259t Universitetind\u0259 \u201cT\u0259bi\u0259t v\u0259 sosial elml\u0259r sah\u0259sind\u0259 qlobal \u00e7a\u011f\u0131r\u0131\u015flar\u201d\u00a0adl\u0131 beyn\u0259lxalq konfrans t\u0259\u015fkil edildi. Konfrans \u00dcmummilli Lider Heyd\u0259r \u018fliyevin anadan olmas\u0131n\u0131n 102-ci ild\u00f6n\u00fcm\u00fcn\u0259 h\u0259sr edilir. &nbsp;G\u0259nc\u0259 D\u00f6vl\u0259t Universitetind\u0259 \u00dcmummilli Lider Heyd\u0259r \u018fliyevin anadan olmas\u0131n\u0131n 102 illiyin\u0259 h\u0259sr olunmu\u015f \u201cT\u0259bi\u0259t v\u0259 sosial elml\u0259r sah\u0259sind\u0259 qlobal \u00e7a\u011f\u0131r\u0131\u015flar\u201d m\u00f6vzusunda beyn\u0259lxalq elmi konfrans ke\u00e7irilib.&nbsp;&nbsp;&nbsp; [&hellip;]<\/p>\n","protected":false},"author":6,"featured_media":0,"comment_status":"closed","ping_status":"closed","sticky":false,"template":"","format":"standard","meta":{"footnotes":""},"categories":[1],"tags":[],"class_list":["post-8213","post","type-post","status-publish","format-standard","hentry","category-sas"],"_links":{"self":[{"href":"http:\/\/iif.gdu.edu.az\/index.php?rest_route=\/wp\/v2\/posts\/8213","targetHints":{"allow":["GET"]}}],"collection":[{"href":"http:\/\/iif.gdu.edu.az\/index.php?rest_route=\/wp\/v2\/posts"}],"about":[{"href":"http:\/\/iif.gdu.edu.az\/index.php?rest_route=\/wp\/v2\/types\/post"}],"author":[{"embeddable":true,"href":"http:\/\/iif.gdu.edu.az\/index.php?rest_route=\/wp\/v2\/users\/6"}],"replies":[{"embeddable":true,"href":"http:\/\/iif.gdu.edu.az\/index.php?rest_route=%2Fwp%2Fv2%2Fcomments&post=8213"}],"version-history":[{"count":1,"href":"http:\/\/iif.gdu.edu.az\/index.php?rest_route=\/wp\/v2\/posts\/8213\/revisions"}],"predecessor-version":[{"id":8224,"href":"http:\/\/iif.gdu.edu.az\/index.php?rest_route=\/wp\/v2\/posts\/8213\/revisions\/8224"}],"wp:attachment":[{"href":"http:\/\/iif.gdu.edu.az\/index.php?rest_route=%2Fwp%2Fv2%2Fmedia&parent=8213"}],"wp:term":[{"taxonomy":"category","embeddable":true,"href":"http:\/\/iif.gdu.edu.az\/index.php?rest_route=%2Fwp%2Fv2%2Fcategories&post=8213"},{"taxonomy":"post_tag","embeddable":true,"href":"http:\/\/iif.gdu.edu.az\/index.php?rest_route=%2Fwp%2Fv2%2Ftags&post=8213"}],"curies":[{"name":"wp","href":"https:\/\/api.w.org\/{rel}","templated":true}]}}