{"id":8228,"date":"2025-05-28T08:16:58","date_gmt":"2025-05-28T06:16:58","guid":{"rendered":"http:\/\/iif.gdu.edu.az\/?p=8228"},"modified":"2025-05-28T08:17:43","modified_gmt":"2025-05-28T06:17:43","slug":"28-may-respublika-gunu-az%c9%99rbaycan-xalqinin-milli-bayramidir","status":"publish","type":"post","link":"http:\/\/iif.gdu.edu.az\/?p=8228","title":{"rendered":"28 May- Respublika G\u00fcn\u00fc Az\u0259rbaycan xalq\u0131n\u0131n milli bayram\u0131d\u0131r"},"content":{"rendered":"\n<figure class=\"wp-block-gallery columns-1 is-cropped wp-block-gallery-1 is-layout-flex wp-block-gallery-is-layout-flex\"><ul class=\"blocks-gallery-grid\"><li class=\"blocks-gallery-item\"><figure><img loading=\"lazy\" decoding=\"async\" width=\"1040\" height=\"1280\" src=\"http:\/\/iif.gdu.edu.az\/wp-content\/uploads\/2025\/05\/1cbc71d6-b541-44b3-a6e1-00f1d27fdf80-1.jpg\" alt=\"\" data-id=\"8232\" data-full-url=\"http:\/\/iif.gdu.edu.az\/wp-content\/uploads\/2025\/05\/1cbc71d6-b541-44b3-a6e1-00f1d27fdf80-1.jpg\" data-link=\"http:\/\/iif.gdu.edu.az\/?attachment_id=8232#main\" class=\"wp-image-8232\" srcset=\"http:\/\/iif.gdu.edu.az\/wp-content\/uploads\/2025\/05\/1cbc71d6-b541-44b3-a6e1-00f1d27fdf80-1.jpg 1040w, http:\/\/iif.gdu.edu.az\/wp-content\/uploads\/2025\/05\/1cbc71d6-b541-44b3-a6e1-00f1d27fdf80-1-768x945.jpg 768w\" sizes=\"auto, (max-width: 1040px) 100vw, 1040px\" \/><\/figure><\/li><\/ul><\/figure>\n\n\n\n<p><\/p>\n\n\n\n<p>Az\u0259rbaycan Xalq C\u00fcmhuriyy\u0259tinin tariximizd\u0259ki yeri v\u0259 roluna x\u00fcsusi qiym\u0259t ver\u0259n \u00dcmummilli Lider Heyd\u0259r \u018fliyev deyirdi: \u201cBiz ilk Demokratik C\u00fcmhuriyy\u0259tin yaranmas\u0131 g\u00fcn\u00fcn\u00fc \u0259ziz tutaraq, onu Az\u0259rbaycan\u0131n d\u00f6vl\u0259t m\u00fcst\u0259qilliyi g\u00fcn\u00fc \u2013 Respublika G\u00fcn\u00fc elan etmi\u015fik v\u0259 bu, bizim milli bayram\u0131m\u0131zd\u0131r\u201d.<\/p>\n\n\n\n<p> 1918-ci il may\u0131n 28-d\u0259 Az\u0259rbaycan Xalq C\u00fcmhuriyy\u0259tinin yarad\u0131lmas\u0131 \u00f6lk\u0259mizin h\u0259yat\u0131na b\u00f6y\u00fck tarixi hadis\u0259 kimi daxil oldu. M\u00fcst\u0259qil, azad, demokratik respublika qurmaq m\u0259qs\u0259dini qar\u015f\u0131ya qoyan Az\u0259rbaycan Xalq C\u00fcmhuriyy\u0259ti c\u0259mi 23 ayl\u0131q f\u0259aliyy\u0259ti d\u00f6vr\u00fcnd\u0259 xalq\u0131n milli m\u0259nlik \u015f\u00fcurunu \u00f6z\u00fcn\u0259 qaytard\u0131, onun \u00f6z m\u00fcq\u0259dd\u0259rat\u0131n\u0131 t\u0259yin etm\u0259y\u0259 qadir oldu\u011funu n\u00fcmayi\u015f etdirdi.Yeni qurulan Az\u0259rbaycan Xalq C\u00fcmhuriyy\u0259ti \u00f6z \u00fcz\u0259rin\u0259 g\u00f6t\u00fcrd\u00fcy\u00fc \u00e7\u0259tin tarixi v\u0259zif\u0259ni \u015f\u0259r\u0259fl\u0259 yerin\u0259 yetirdi. Az\u0259rbaycan\u0131n ilk Parlamenti v\u0259 H\u00f6kum\u0259ti, d\u00f6vl\u0259t aparat\u0131 t\u0259\u015fkil edildi, \u00f6lk\u0259nin s\u0259rh\u0259dl\u0259ri m\u00fc\u0259yy\u0259nl\u0259\u015fdirildi, bayra\u011f\u0131, himni v\u0259 gerbi yarad\u0131ld\u0131, ana dili d\u00f6vl\u0259t dili elan edildi, ordu quruculu\u011fu sah\u0259sind\u0259 ciddi t\u0259dbirl\u0259r h\u0259yata ke\u00e7irildi, maarifin v\u0259 m\u0259d\u0259niyy\u0259tin inki\u015faf\u0131na x\u00fcsusi diqq\u0259t yetirildi. Az\u0259rbaycan\u0131n ilk universiteti t\u0259sis olundu, t\u0259hsil millil\u0259\u015fdirildi, xalq\u0131n sonrak\u0131 ill\u0259rd\u0259 m\u0259d\u0259ni y\u00fcks\u0259li\u015fi \u00fc\u00e7\u00fcn z\u0259min haz\u0131rlayan, ictimai fikir tarixi bax\u0131m\u0131ndan m\u00fcst\u0259sna \u0259h\u0259miyy\u0259tli i\u015fl\u0259r g\u00f6r\u00fcld\u00fc.M\u00f6vcudlu\u011funun ilk g\u00fcnl\u0259rind\u0259n xalq hakimiyy\u0259ti v\u0259 insanlar\u0131n b\u0259rab\u0259rliyi prinsipl\u0259rin\u0259 \u0259saslanan Az\u0259rbaycan Xalq C\u00fcmhuriyy\u0259ti b\u00fct\u00fcn \u00f6lk\u0259 v\u0259t\u0259nda\u015flar\u0131na eyni h\u00fcquqlar ver\u0259r\u0259k irqi, milli, dini, sinfi b\u0259rab\u0259rsizliyi ortadan qald\u0131rd\u0131. D\u00fcnya birliyi t\u0259r\u0259find\u0259n tan\u0131nan Xalq C\u00fcmhuriyy\u0259tinin f\u0259aliyy\u0259ti say\u0259sind\u0259 \u00f6lk\u0259mizin beyn\u0259lxalq h\u00fcququn subyekti olmas\u0131 1920-ci ilin aprel ay\u0131nda bol\u015fevik i\u015f\u011fal\u0131ndan sonra Az\u0259rbaycan\u0131n bir d\u00f6vl\u0259t kimi d\u00fcnyan\u0131n siyasi x\u0259rit\u0259sind\u0259n silinm\u0259sinin qar\u015f\u0131s\u0131n\u0131 ald\u0131.XX \u0259srin sonlar\u0131nda yenid\u0259n m\u00fcst\u0259qilliyin\u0259 qovu\u015fan Az\u0259rbaycan \u00f6z suverenliyini qoruyub saxlama\u011f\u0131 bacard\u0131. Yenid\u0259n hakimiyy\u0259t\u0259 qay\u0131dan \u00dcmummilli Lider Heyd\u0259r \u018fliyev Az\u0259rbaycan d\u00f6vl\u0259t\u00e7iliyinin qorunmas\u0131 \u00fc\u00e7\u00fcn q\u0259tiyy\u0259tli t\u0259dbirl\u0259r g\u00f6rd\u00fc, \u00f6lk\u0259d\u0259 davaml\u0131 ictimai-siyasi sabitliyi b\u0259rq\u0259rar etdi. Bel\u0259likl\u0259, \u00dcmummilli Lider Heyd\u0259r \u018fliyevin \u015fah \u0259s\u0259ri olan m\u00fcasir m\u00fcst\u0259qil Az\u0259rbaycan d\u00f6vl\u0259ti quruldu v\u0259 s\u00fcr\u0259tli inki\u015faf yoluna q\u0259d\u0259m qoydu. \u00dcmummilli Liderin bu siyas\u0259tini Prezident c\u0259nab \u0130lham \u018fliyev u\u011furla davam etdirir. D\u00f6vl\u0259timizin ba\u015f\u00e7\u0131s\u0131n\u0131n s\u0259r\u0259ncamlar\u0131 il\u0259 2018-ci il \u00f6lk\u0259mizd\u0259 \u201cAz\u0259rbaycan Xalq C\u00fcmhuriyy\u0259ti \u0130li\u201d elan olundu v\u0259 AXC-nin 100 illik yubileyi t\u0259nt\u0259n\u0259li \u015f\u0259kild\u0259 qeyd edildi.<br>Bu g\u00fcn is\u0259 ilk d\u0259f\u0259 olaraq,\u201dRespublika G\u00fcn\u00fc\u201d n\u00fc qalibiyy\u0259t v\u0259 q\u00fcrurla qeyd edirik.<br>-Az\u0259rbaycan Respublikas\u0131n\u0131n Prezidenti, Silahl\u0131 Q\u00fcvv\u0259l\u0259rimizin M\u00fcz\u0259ff\u0259r Al\u0131i Ba\u015f Komandan\u0131 c\u0259nab \u0130lham \u018fliyevin siyasi irad\u0259si, q\u0259tiyy\u0259ti v\u0259\u00a0 r\u0259hb\u0259rliyi alt\u0131nda R\u0259\u015fad\u0259tli Az\u0259rbaycan Ordusunun 44 g\u00fcnl\u00fck V\u0259t\u0259n m\u00fcharib\u0259sind\u0259, Qaraba\u011f\u0131m\u0131z\u0131n azadl\u0131\u011f\u0131 u\u011frunda u\u011furla h\u0259yata ke\u00e7irdiyi v\u0259 d\u00fcnya h\u0259rb tarixin\u0259 x\u00fcsusi imza atm\u0131\u015f m\u00f6ht\u0259\u015f\u0259m d\u00f6y\u00fc\u015fl\u0259r, h\u0259rbi \u0259m\u0259liyyatlar n\u0259tic\u0259sind\u0259 art\u0131q bu g\u00fcn torpaqlar\u0131m\u0131z i\u015f\u011faldan azadd\u0131r. Bu g\u00fcn \u015eu\u015fada Az\u0259rbaycan\u0131n \u015eanl\u0131 D\u00f6vl\u0259t Bayra\u011f\u0131 dal\u011falan\u0131r.<br>-Qaraba\u011f Az\u0259rbaycand\u0131r !!!<br>-Ya\u015fas\u0131n Az\u0259rbaycan !!!<br>-Bayram\u0131n m\u00fcbar\u0259k Az\u0259rbaycan !!!<\/p>\n\n\n\n<figure class=\"wp-block-gallery columns-2 is-cropped wp-block-gallery-2 is-layout-flex wp-block-gallery-is-layout-flex\"><ul class=\"blocks-gallery-grid\"><li class=\"blocks-gallery-item\"><figure><img loading=\"lazy\" decoding=\"async\" width=\"184\" height=\"184\" src=\"http:\/\/iif.gdu.edu.az\/wp-content\/uploads\/2025\/05\/1-1.jpg\" alt=\"\" data-id=\"8229\" data-full-url=\"http:\/\/iif.gdu.edu.az\/wp-content\/uploads\/2025\/05\/1-1.jpg\" data-link=\"http:\/\/iif.gdu.edu.az\/?attachment_id=8229#main\" class=\"wp-image-8229\"\/><\/figure><\/li><li class=\"blocks-gallery-item\"><figure><img loading=\"lazy\" decoding=\"async\" width=\"741\" height=\"486\" src=\"http:\/\/iif.gdu.edu.az\/wp-content\/uploads\/2025\/05\/bb7330329aca10db2b9163eafb972da3.jpg\" alt=\"\" data-id=\"8231\" data-full-url=\"http:\/\/iif.gdu.edu.az\/wp-content\/uploads\/2025\/05\/bb7330329aca10db2b9163eafb972da3.jpg\" data-link=\"http:\/\/iif.gdu.edu.az\/?attachment_id=8231#main\" class=\"wp-image-8231\"\/><\/figure><\/li><\/ul><\/figure>\n\n\n\n<p><\/p>\n","protected":false},"excerpt":{"rendered":"<p>Az\u0259rbaycan Xalq C\u00fcmhuriyy\u0259tinin tariximizd\u0259ki yeri v\u0259 roluna x\u00fcsusi qiym\u0259t ver\u0259n \u00dcmummilli Lider Heyd\u0259r \u018fliyev deyirdi: \u201cBiz ilk Demokratik C\u00fcmhuriyy\u0259tin yaranmas\u0131 g\u00fcn\u00fcn\u00fc \u0259ziz tutaraq, onu Az\u0259rbaycan\u0131n d\u00f6vl\u0259t m\u00fcst\u0259qilliyi g\u00fcn\u00fc \u2013 Respublika G\u00fcn\u00fc elan etmi\u015fik v\u0259 bu, bizim milli bayram\u0131m\u0131zd\u0131r\u201d. 1918-ci il may\u0131n 28-d\u0259 Az\u0259rbaycan Xalq C\u00fcmhuriyy\u0259tinin yarad\u0131lmas\u0131 \u00f6lk\u0259mizin h\u0259yat\u0131na b\u00f6y\u00fck tarixi hadis\u0259 kimi daxil oldu. M\u00fcst\u0259qil, [&hellip;]<\/p>\n","protected":false},"author":6,"featured_media":0,"comment_status":"closed","ping_status":"closed","sticky":false,"template":"","format":"standard","meta":{"footnotes":""},"categories":[1],"tags":[],"class_list":["post-8228","post","type-post","status-publish","format-standard","hentry","category-sas"],"_links":{"self":[{"href":"http:\/\/iif.gdu.edu.az\/index.php?rest_route=\/wp\/v2\/posts\/8228","targetHints":{"allow":["GET"]}}],"collection":[{"href":"http:\/\/iif.gdu.edu.az\/index.php?rest_route=\/wp\/v2\/posts"}],"about":[{"href":"http:\/\/iif.gdu.edu.az\/index.php?rest_route=\/wp\/v2\/types\/post"}],"author":[{"embeddable":true,"href":"http:\/\/iif.gdu.edu.az\/index.php?rest_route=\/wp\/v2\/users\/6"}],"replies":[{"embeddable":true,"href":"http:\/\/iif.gdu.edu.az\/index.php?rest_route=%2Fwp%2Fv2%2Fcomments&post=8228"}],"version-history":[{"count":1,"href":"http:\/\/iif.gdu.edu.az\/index.php?rest_route=\/wp\/v2\/posts\/8228\/revisions"}],"predecessor-version":[{"id":8235,"href":"http:\/\/iif.gdu.edu.az\/index.php?rest_route=\/wp\/v2\/posts\/8228\/revisions\/8235"}],"wp:attachment":[{"href":"http:\/\/iif.gdu.edu.az\/index.php?rest_route=%2Fwp%2Fv2%2Fmedia&parent=8228"}],"wp:term":[{"taxonomy":"category","embeddable":true,"href":"http:\/\/iif.gdu.edu.az\/index.php?rest_route=%2Fwp%2Fv2%2Fcategories&post=8228"},{"taxonomy":"post_tag","embeddable":true,"href":"http:\/\/iif.gdu.edu.az\/index.php?rest_route=%2Fwp%2Fv2%2Ftags&post=8228"}],"curies":[{"name":"wp","href":"https:\/\/api.w.org\/{rel}","templated":true}]}}