{"id":12195,"date":"2026-03-10T06:14:55","date_gmt":"2026-03-10T04:14:55","guid":{"rendered":"https:\/\/iif.gdu.edu.az\/?p=12195"},"modified":"2026-03-10T06:15:46","modified_gmt":"2026-03-10T04:15:46","slug":"yenilik-v%c9%99-t%c9%99rav%c9%99t-r%c9%99mzi-yel-c%c9%99rs%c9%99nb%c9%99niz-mubar%c9%99k","status":"publish","type":"post","link":"https:\/\/iif.gdu.edu.az\/?p=12195","title":{"rendered":"Yenilik v\u0259 t\u0259rav\u0259t r\u0259mzi \u2013 Yel \u00e7\u0259r\u015f\u0259nb\u0259niz m\u00fcbar\u0259k!"},"content":{"rendered":"\n<p>Az\u0259rbaycan xalq\u0131n\u0131n z\u0259ngin m\u0259n\u0259vi d\u0259y\u0259rl\u0259rini \u00f6z\u00fcnd\u0259 ya\u015fadan, bahar\u0131n g\u0259li\u015finin x\u0259b\u0259r\u00e7isi olan n\u00f6vb\u0259ti  \u00e7\u0259r\u015f\u0259nb\u0259ni \u2013 <strong>Yel \u00e7\u0259r\u015f\u0259nb\u0259sini<\/strong> qar\u015f\u0131lay\u0131r\u0131q.<\/p>\n\n\n\n<p>Xalq inanclar\u0131na g\u00f6r\u0259, bu g\u00fcn t\u0259bi\u0259t oyan\u0131r, hava safla\u015f\u0131r v\u0259 b\u0259r\u0259k\u0259tli yaz\u0131n n\u0259f\u0259si duyulma\u011fa ba\u015flay\u0131r. Yel \u00e7\u0259r\u015f\u0259nb\u0259si h\u0259m d\u0259 yenilik, dinamika v\u0259 h\u0259r\u0259k\u0259t dem\u0259kdir. <\/p>\n\n\n\n<p>Yel \u00e7\u0259r\u015f\u0259nb\u0259sinin g\u0259tirdiyi bu bahar t\u0259rav\u0259tinin elmi f\u0259aliyy\u0259tinizd\u0259 siz\u0259 yeni u\u011furlar, t\u0259hsilinizd\u0259 t\u00fck\u0259nm\u0259z enerji v\u0259 \u015f\u0259xsi h\u0259yat\u0131n\u0131zda bol ruzi-b\u0259r\u0259k\u0259t b\u0259x\u015f etm\u0259sini arzulay\u0131r\u0131q. Qoy bu \u00e7\u0259r\u015f\u0259nb\u0259nin mehriban mehi evl\u0259riniz\u0259 sevinc, q\u0259lbl\u0259riniz\u0259 is\u0259 h\u00fczur g\u0259tirsin.<\/p>\n\n\n\n<p><strong><em>Bayram\u0131n\u0131z m\u00fcbar\u0259k olsun!<\/em><\/strong><\/p>\n\n\n\n<div class=\"wp-block-columns is-layout-flex wp-container-core-columns-is-layout-9d6595d7 wp-block-columns-is-layout-flex\">\n<div class=\"wp-block-column is-layout-flow wp-block-column-is-layout-flow\" style=\"flex-basis:100%\">\n<figure class=\"wp-block-image size-full\"><img loading=\"lazy\" decoding=\"async\" width=\"1408\" height=\"768\" src=\"https:\/\/iif.gdu.edu.az\/wp-content\/uploads\/2026\/03\/WhatsApp-Image-2026-03-10-at-08.10.36-1.jpeg\" alt=\"\" class=\"wp-image-12198\" srcset=\"https:\/\/iif.gdu.edu.az\/wp-content\/uploads\/2026\/03\/WhatsApp-Image-2026-03-10-at-08.10.36-1.jpeg 1408w, https:\/\/iif.gdu.edu.az\/wp-content\/uploads\/2026\/03\/WhatsApp-Image-2026-03-10-at-08.10.36-1-768x419.jpeg 768w\" sizes=\"auto, (max-width: 1408px) 100vw, 1408px\" \/><\/figure>\n<\/div>\n<\/div>\n","protected":false},"excerpt":{"rendered":"<p>Az\u0259rbaycan xalq\u0131n\u0131n z\u0259ngin m\u0259n\u0259vi d\u0259y\u0259rl\u0259rini \u00f6z\u00fcnd\u0259 ya\u015fadan, bahar\u0131n g\u0259li\u015finin x\u0259b\u0259r\u00e7isi olan n\u00f6vb\u0259ti \u00e7\u0259r\u015f\u0259nb\u0259ni \u2013 Yel \u00e7\u0259r\u015f\u0259nb\u0259sini qar\u015f\u0131lay\u0131r\u0131q. Xalq inanclar\u0131na g\u00f6r\u0259, bu g\u00fcn t\u0259bi\u0259t oyan\u0131r, hava safla\u015f\u0131r v\u0259 b\u0259r\u0259k\u0259tli yaz\u0131n n\u0259f\u0259si duyulma\u011fa ba\u015flay\u0131r. Yel \u00e7\u0259r\u015f\u0259nb\u0259si h\u0259m d\u0259 yenilik, dinamika v\u0259 h\u0259r\u0259k\u0259t dem\u0259kdir. Yel \u00e7\u0259r\u015f\u0259nb\u0259sinin g\u0259tirdiyi bu bahar t\u0259rav\u0259tinin elmi f\u0259aliyy\u0259tinizd\u0259 siz\u0259 yeni u\u011furlar, t\u0259hsilinizd\u0259 t\u00fck\u0259nm\u0259z enerji [&hellip;]<\/p>\n","protected":false},"author":8,"featured_media":12196,"comment_status":"closed","ping_status":"closed","sticky":false,"template":"","format":"standard","meta":{"footnotes":""},"categories":[3],"tags":[],"class_list":["post-12195","post","type-post","status-publish","format-standard","has-post-thumbnail","hentry","category-xbrlr"],"_links":{"self":[{"href":"https:\/\/iif.gdu.edu.az\/index.php?rest_route=\/wp\/v2\/posts\/12195","targetHints":{"allow":["GET"]}}],"collection":[{"href":"https:\/\/iif.gdu.edu.az\/index.php?rest_route=\/wp\/v2\/posts"}],"about":[{"href":"https:\/\/iif.gdu.edu.az\/index.php?rest_route=\/wp\/v2\/types\/post"}],"author":[{"embeddable":true,"href":"https:\/\/iif.gdu.edu.az\/index.php?rest_route=\/wp\/v2\/users\/8"}],"replies":[{"embeddable":true,"href":"https:\/\/iif.gdu.edu.az\/index.php?rest_route=%2Fwp%2Fv2%2Fcomments&post=12195"}],"version-history":[{"count":2,"href":"https:\/\/iif.gdu.edu.az\/index.php?rest_route=\/wp\/v2\/posts\/12195\/revisions"}],"predecessor-version":[{"id":12199,"href":"https:\/\/iif.gdu.edu.az\/index.php?rest_route=\/wp\/v2\/posts\/12195\/revisions\/12199"}],"wp:featuredmedia":[{"embeddable":true,"href":"https:\/\/iif.gdu.edu.az\/index.php?rest_route=\/wp\/v2\/media\/12196"}],"wp:attachment":[{"href":"https:\/\/iif.gdu.edu.az\/index.php?rest_route=%2Fwp%2Fv2%2Fmedia&parent=12195"}],"wp:term":[{"taxonomy":"category","embeddable":true,"href":"https:\/\/iif.gdu.edu.az\/index.php?rest_route=%2Fwp%2Fv2%2Fcategories&post=12195"},{"taxonomy":"post_tag","embeddable":true,"href":"https:\/\/iif.gdu.edu.az\/index.php?rest_route=%2Fwp%2Fv2%2Ftags&post=12195"}],"curies":[{"name":"wp","href":"https:\/\/api.w.org\/{rel}","templated":true}]}}