{"id":13031,"date":"2026-04-27T18:08:06","date_gmt":"2026-04-27T16:08:06","guid":{"rendered":"https:\/\/iif.gdu.edu.az\/?p=13031"},"modified":"2026-04-27T21:28:18","modified_gmt":"2026-04-27T19:28:18","slug":"kafedranin-novb%c9%99ti-iclasi-professor-v%c9%99zif%c9%99sin%c9%99-namiz%c9%99dliyin-muzakir%c9%99si","status":"publish","type":"post","link":"https:\/\/iif.gdu.edu.az\/?p=13031","title":{"rendered":"Kafedran\u0131n n\u00f6vb\u0259ti iclas\u0131: Professor v\u0259zif\u0259sin\u0259 namiz\u0259dliyin m\u00fczakir\u0259si"},"content":{"rendered":"\n<p>\u0130qtisadiyyat v\u0259 idar\u0259etm\u0259 fak\u00fclt\u0259sinin \u201c\u0130qtisadiyyat\u201d kafedras\u0131nda n\u00f6vb\u0259ti iclas ke\u00e7irilib. \u0130clas\u0131n g\u00fcnd\u0259liyind\u0259 duran \u0259sas m\u0259s\u0259l\u0259 kafedrada bo\u015f olan professor v\u0259zif\u0259sinin tutulmas\u0131 il\u0259 ba\u011fl\u0131 daxil olan m\u00fcraci\u0259tin m\u00fczakir\u0259si olub.<\/p>\n\n\n\n<p>M\u00fczakir\u0259l\u0259r \u201cAz\u0259rbaycan m\u00fc\u0259llimi\u201d q\u0259zetinin 19 mart 2026-c\u0131 il tarixli \u211611 (9166) say\u0131nda d\u0259rc olunmu\u015f r\u0259smi elana \u0259sas\u0259n apar\u0131l\u0131b. S\u00f6z\u00fcged\u0259n v\u0259zif\u0259ni tutmaq \u00fc\u00e7\u00fcn kafedran\u0131n iqtisad elml\u0259ri doktoru, dosent <strong>M\u0259mm\u0259dova X\u0259dic\u0259 Fizuli q\u0131z\u0131<\/strong> \u0259riz\u0259 il\u0259 m\u00fcraci\u0259t edib.<\/p>\n\n\n\n<p>\u0130clas zaman\u0131 X\u0259dic\u0259 M\u0259mm\u0259dovan\u0131n elmi-pedaqoji f\u0259aliyy\u0259ti, apard\u0131\u011f\u0131 t\u0259dqiqatlar, \u00e7ap olunmu\u015f elmi \u0259s\u0259rl\u0259ri v\u0259 d\u0259rslikl\u0259ri bar\u0259d\u0259 geni\u015f m\u0259lumat verilib. <\/p>\n\n\n\n<p>\u0130clasda \u00e7\u0131x\u0131\u015f ed\u0259n kafedra \u0259m\u0259kda\u015flar\u0131 \u2014 <strong>dosent \u015eahin Xur\u015fudov<\/strong>, <strong>ba\u015f m\u00fc\u0259llim V\u0259fa Quliyeva<\/strong>, <strong>ba\u015f m\u00fc\u0259llim Aynur K\u0259rimova<\/strong> X\u0259dic\u0259 xan\u0131m\u0131n elmi-pedaqoji f\u0259aliyy\u0259ti haqq\u0131nda \u00f6z xo\u015f s\u00f6zl\u0259rini s\u00f6yl\u0259yibl\u0259r. Natiql\u0259r onun h\u0259m bir alim, h\u0259m d\u0259 bir pedaqoq kimi kafedran\u0131n inki\u015faf\u0131ndak\u0131 \u0259v\u0259zsiz rolundan b\u0259hs ed\u0259r\u0259k, namiz\u0259dliyini \u00fcr\u0259kd\u0259n d\u0259st\u0259kl\u0259dikl\u0259rini bildirib v\u0259 onu bu m\u00fcnasib\u0259tl\u0259 t\u0259brik edibl\u0259r. H\u0259m\u00e7inin, kafedran\u0131n dig\u0259r \u00fczvl\u0259ri d\u0259 namiz\u0259din iqtisad elminin inki\u015faf\u0131ndak\u0131 xidm\u0259tl\u0259rini v\u0259 y\u00fcks\u0259k ixtisasl\u0131 kadrlar\u0131n haz\u0131rlanmas\u0131ndak\u0131 rolunu x\u00fcsusi qeyd edib, onun namiz\u0259dliyini yekdillikl\u0259 d\u0259st\u0259kl\u0259yibl\u0259r.<\/p>\n\n\n\n<p> M\u00fczakir\u0259nin sonunda m\u00fcvafiq q\u0259rar q\u0259bul edilib v\u0259 s\u0259n\u0259dl\u0259rin n\u00f6vb\u0259ti m\u0259rh\u0259l\u0259 \u00fc\u00e7\u00fcn Fak\u00fclt\u0259 Elmi \u015euras\u0131na t\u0259qdim olunmas\u0131 q\u0259rara al\u0131n\u0131b.<\/p>\n\n\n\n<p><strong><em>X\u0259dic\u0259 xan\u0131m\u0131 bu nailiyy\u0259tin\u0259 g\u00f6r\u0259 t\u0259brik edir, u\u011furlar\u0131n\u0131n davaml\u0131 olmas\u0131n\u0131 arzulay\u0131r\u0131q!<\/em><\/strong><\/p>\n\n\n\n<div class=\"wp-block-columns is-layout-flex wp-container-core-columns-is-layout-9d6595d7 wp-block-columns-is-layout-flex\">\n<div class=\"wp-block-column is-layout-flow wp-block-column-is-layout-flow\">\n<figure class=\"wp-block-image size-full\"><img loading=\"lazy\" decoding=\"async\" width=\"524\" height=\"519\" src=\"http:\/\/iif.gdu.edu.az\/wp-content\/uploads\/2026\/04\/WhatsApp-Image-2026-04-27-at-19.49.53.jpeg\" alt=\"\" class=\"wp-image-13038\"\/><\/figure>\n<\/div>\n\n\n\n<div class=\"wp-block-column is-layout-flow wp-block-column-is-layout-flow\">\n<figure class=\"wp-block-image size-full\"><img loading=\"lazy\" decoding=\"async\" width=\"551\" height=\"365\" src=\"https:\/\/iif.gdu.edu.az\/wp-content\/uploads\/2026\/04\/WhatsApp-Image-2026-04-27-at-19.50.06.jpeg\" alt=\"\" class=\"wp-image-13033\" srcset=\"https:\/\/iif.gdu.edu.az\/wp-content\/uploads\/2026\/04\/WhatsApp-Image-2026-04-27-at-19.50.06.jpeg 551w, https:\/\/iif.gdu.edu.az\/wp-content\/uploads\/2026\/04\/WhatsApp-Image-2026-04-27-at-19.50.06-320x213.jpeg 320w, https:\/\/iif.gdu.edu.az\/wp-content\/uploads\/2026\/04\/WhatsApp-Image-2026-04-27-at-19.50.06-240x160.jpeg 240w\" sizes=\"auto, (max-width: 551px) 100vw, 551px\" \/><\/figure>\n<\/div>\n\n\n\n<div class=\"wp-block-column is-layout-flow wp-block-column-is-layout-flow\">\n<figure class=\"wp-block-image size-full\"><img loading=\"lazy\" decoding=\"async\" width=\"1245\" height=\"758\" src=\"https:\/\/iif.gdu.edu.az\/wp-content\/uploads\/2026\/04\/Gemini_Generated_Image_4msy4y4msy4y4msy.png\" alt=\"\" class=\"wp-image-13034\" srcset=\"https:\/\/iif.gdu.edu.az\/wp-content\/uploads\/2026\/04\/Gemini_Generated_Image_4msy4y4msy4y4msy.png 1245w, https:\/\/iif.gdu.edu.az\/wp-content\/uploads\/2026\/04\/Gemini_Generated_Image_4msy4y4msy4y4msy-768x468.png 768w\" sizes=\"auto, (max-width: 1245px) 100vw, 1245px\" \/><\/figure>\n<\/div>\n<\/div>\n\n\n\n<div class=\"wp-block-columns is-layout-flex wp-container-core-columns-is-layout-9d6595d7 wp-block-columns-is-layout-flex\">\n<div class=\"wp-block-column is-layout-flow wp-block-column-is-layout-flow\">\n<figure class=\"wp-block-image size-full\"><img loading=\"lazy\" decoding=\"async\" width=\"678\" height=\"408\" src=\"https:\/\/iif.gdu.edu.az\/wp-content\/uploads\/2026\/04\/WhatsApp-Image-2026-04-27-at-19.50.06-1.jpeg\" alt=\"\" class=\"wp-image-13035\" srcset=\"https:\/\/iif.gdu.edu.az\/wp-content\/uploads\/2026\/04\/WhatsApp-Image-2026-04-27-at-19.50.06-1.jpeg 678w, https:\/\/iif.gdu.edu.az\/wp-content\/uploads\/2026\/04\/WhatsApp-Image-2026-04-27-at-19.50.06-1-480x288.jpeg 480w, https:\/\/iif.gdu.edu.az\/wp-content\/uploads\/2026\/04\/WhatsApp-Image-2026-04-27-at-19.50.06-1-320x192.jpeg 320w, https:\/\/iif.gdu.edu.az\/wp-content\/uploads\/2026\/04\/WhatsApp-Image-2026-04-27-at-19.50.06-1-240x144.jpeg 240w\" sizes=\"auto, (max-width: 678px) 100vw, 678px\" \/><\/figure>\n<\/div>\n\n\n\n<div class=\"wp-block-column is-layout-flow wp-block-column-is-layout-flow\">\n<figure class=\"wp-block-image size-full\"><img loading=\"lazy\" decoding=\"async\" width=\"819\" height=\"442\" src=\"https:\/\/iif.gdu.edu.az\/wp-content\/uploads\/2026\/04\/WhatsApp-Image-2026-04-27-at-19.50.07.jpeg\" alt=\"\" class=\"wp-image-13036\" srcset=\"https:\/\/iif.gdu.edu.az\/wp-content\/uploads\/2026\/04\/WhatsApp-Image-2026-04-27-at-19.50.07.jpeg 819w, https:\/\/iif.gdu.edu.az\/wp-content\/uploads\/2026\/04\/WhatsApp-Image-2026-04-27-at-19.50.07-768x414.jpeg 768w\" sizes=\"auto, (max-width: 819px) 100vw, 819px\" \/><\/figure>\n<\/div>\n\n\n\n<div class=\"wp-block-column is-layout-flow wp-block-column-is-layout-flow\"><\/div>\n<\/div>\n","protected":false},"excerpt":{"rendered":"<p>\u0130qtisadiyyat v\u0259 idar\u0259etm\u0259 fak\u00fclt\u0259sinin \u201c\u0130qtisadiyyat\u201d kafedras\u0131nda n\u00f6vb\u0259ti iclas ke\u00e7irilib. \u0130clas\u0131n g\u00fcnd\u0259liyind\u0259 duran \u0259sas m\u0259s\u0259l\u0259 kafedrada bo\u015f olan professor v\u0259zif\u0259sinin tutulmas\u0131 il\u0259 ba\u011fl\u0131 daxil olan m\u00fcraci\u0259tin m\u00fczakir\u0259si olub. M\u00fczakir\u0259l\u0259r \u201cAz\u0259rbaycan m\u00fc\u0259llimi\u201d q\u0259zetinin 19 mart 2026-c\u0131 il tarixli \u211611 (9166) say\u0131nda d\u0259rc olunmu\u015f r\u0259smi elana \u0259sas\u0259n apar\u0131l\u0131b. S\u00f6z\u00fcged\u0259n v\u0259zif\u0259ni tutmaq \u00fc\u00e7\u00fcn kafedran\u0131n iqtisad elml\u0259ri doktoru, dosent M\u0259mm\u0259dova [&hellip;]<\/p>\n","protected":false},"author":8,"featured_media":13038,"comment_status":"closed","ping_status":"closed","sticky":false,"template":"","format":"standard","meta":{"footnotes":""},"categories":[20,14,22],"tags":[],"class_list":["post-13031","post","type-post","status-publish","format-standard","has-post-thumbnail","hentry","category-fakult-haqqinda","category-kafedralar","category-professor-mullim"],"_links":{"self":[{"href":"https:\/\/iif.gdu.edu.az\/index.php?rest_route=\/wp\/v2\/posts\/13031","targetHints":{"allow":["GET"]}}],"collection":[{"href":"https:\/\/iif.gdu.edu.az\/index.php?rest_route=\/wp\/v2\/posts"}],"about":[{"href":"https:\/\/iif.gdu.edu.az\/index.php?rest_route=\/wp\/v2\/types\/post"}],"author":[{"embeddable":true,"href":"https:\/\/iif.gdu.edu.az\/index.php?rest_route=\/wp\/v2\/users\/8"}],"replies":[{"embeddable":true,"href":"https:\/\/iif.gdu.edu.az\/index.php?rest_route=%2Fwp%2Fv2%2Fcomments&post=13031"}],"version-history":[{"count":2,"href":"https:\/\/iif.gdu.edu.az\/index.php?rest_route=\/wp\/v2\/posts\/13031\/revisions"}],"predecessor-version":[{"id":13039,"href":"https:\/\/iif.gdu.edu.az\/index.php?rest_route=\/wp\/v2\/posts\/13031\/revisions\/13039"}],"wp:featuredmedia":[{"embeddable":true,"href":"https:\/\/iif.gdu.edu.az\/index.php?rest_route=\/wp\/v2\/media\/13038"}],"wp:attachment":[{"href":"https:\/\/iif.gdu.edu.az\/index.php?rest_route=%2Fwp%2Fv2%2Fmedia&parent=13031"}],"wp:term":[{"taxonomy":"category","embeddable":true,"href":"https:\/\/iif.gdu.edu.az\/index.php?rest_route=%2Fwp%2Fv2%2Fcategories&post=13031"},{"taxonomy":"post_tag","embeddable":true,"href":"https:\/\/iif.gdu.edu.az\/index.php?rest_route=%2Fwp%2Fv2%2Ftags&post=13031"}],"curies":[{"name":"wp","href":"https:\/\/api.w.org\/{rel}","templated":true}]}}