{"id":13040,"date":"2026-04-27T20:57:00","date_gmt":"2026-04-27T18:57:00","guid":{"rendered":"https:\/\/iif.gdu.edu.az\/?p=13040"},"modified":"2026-04-28T08:58:56","modified_gmt":"2026-04-28T06:58:56","slug":"az%c9%99rbaycan-ukrayna-munasib%c9%99tl%c9%99ri-yeni-m%c9%99rh%c9%99l%c9%99d%c9%99","status":"publish","type":"post","link":"https:\/\/iif.gdu.edu.az\/?p=13040","title":{"rendered":"Az\u0259rbaycan\u2013Ukrayna m\u00fcnasib\u0259tl\u0259ri yeni m\u0259rh\u0259l\u0259d\u0259"},"content":{"rendered":"\n<p>Az\u0259rbaycan Prezidenti \u0130lham \u018fliyevin Ukrayna Prezidenti Volodimir Zelenski il\u0259 g\u00f6r\u00fc\u015f\u00fc iki \u00f6lk\u0259 aras\u0131nda siyasi dialoqun davaml\u0131l\u0131\u011f\u0131n\u0131 v\u0259 \u0259m\u0259kda\u015fl\u0131\u011f\u0131n geni\u015f spektrini bir daha g\u00fcnd\u0259m\u0259 g\u0259tirib. D\u00f6vl\u0259t ba\u015f\u00e7\u0131s\u0131n\u0131n m\u0259tbuata verdiyi b\u0259yanat Az\u0259rbaycan\u2013Ukrayna m\u00fcnasib\u0259tl\u0259rinin t\u0259kc\u0259 dostluq \u00e7\u0259r\u00e7iv\u0259sind\u0259 deyil, h\u0259m d\u0259 strateji t\u0259r\u0259fda\u015fl\u0131q x\u0259tti \u00fczr\u0259 inki\u015faf etdiyini t\u0259sdiql\u0259yir.<br>Son d\u00f6rd il \u0259rzind\u0259 iki \u00f6lk\u0259 liderl\u0259ri aras\u0131nda yeddi g\u00f6r\u00fc\u015f\u00fcn ke\u00e7irilm\u0259si m\u00fcnasib\u0259tl\u0259rin dinamik xarakter da\u015f\u0131d\u0131\u011f\u0131n\u0131 g\u00f6st\u0259rir. Prezident \u0130lham \u018fliyev bu g\u00f6r\u00fc\u015fl\u0259rin h\u0259m ikit\u0259r\u0259fli formatda, h\u0259m d\u0259 beyn\u0259lxalq t\u0259dbirl\u0259r \u00e7\u0259r\u00e7iv\u0259sind\u0259 ba\u015f tutdu\u011funu qeyd ed\u0259r\u0259k, siyasi dialoqun \u0259laq\u0259l\u0259rin inki\u015faf\u0131na m\u00fch\u00fcm t\u00f6hf\u0259 verdiyini vur\u011fulay\u0131b. Az\u0259rbaycan v\u0259 Ukrayna aras\u0131nda 2008-ci ild\u0259 Kiyevd\u0259, 2011-ci ild\u0259 is\u0259 Bak\u0131da imzalanm\u0131\u015f strateji t\u0259r\u0259fda\u015fl\u0131q s\u0259n\u0259dl\u0259ri m\u00fcnasib\u0259tl\u0259rin h\u00fcquqi-siyasi \u0259sas\u0131n\u0131 t\u0259\u015fkil edir. Bu s\u0259n\u0259dl\u0259rd\u0259 h\u0259r iki \u00f6lk\u0259nin suverenlik v\u0259 \u0259razi b\u00fct\u00f6vl\u00fcy\u00fcn\u0259 qar\u015f\u0131l\u0131ql\u0131 d\u0259st\u0259k prinsipi x\u00fcsusi yer tutur. Bu amil t\u0259kc\u0259 ikit\u0259r\u0259fli m\u00fcnasib\u0259tl\u0259rin deyil, h\u0259m d\u0259 beyn\u0259lxalq t\u0259\u015fkilatlar \u00e7\u0259r\u00e7iv\u0259sind\u0259 koordinasiyan\u0131n \u0259sas istiqam\u0259tl\u0259rind\u0259n biri kimi \u00e7\u0131x\u0131\u015f edir. T\u0259r\u0259fl\u0259r BMT, AT\u018fT, GUAM v\u0259 dig\u0259r platformalarda bir-birinin m\u00f6vqeyini d\u0259st\u0259kl\u0259m\u0259kd\u0259 davam edirl\u0259r.<br>G\u00f6r\u00fc\u015fd\u0259 iqtisadi \u0259laq\u0259l\u0259r, x\u00fcsusil\u0259 enerji sektoru x\u00fcsusi diqq\u0259t m\u0259rk\u0259zind\u0259 olub. SOCAR-\u0131n Ukraynada uzun ill\u0259rdir f\u0259aliyy\u0259t g\u00f6st\u0259rm\u0259si enerji \u0259m\u0259kda\u015fl\u0131\u011f\u0131n\u0131n sabit v\u0259 praktik n\u0259tic\u0259l\u0259r verdiyini n\u00fcmayi\u015f etdirir. Prezident \u0130lham \u018fliyevin a\u00e7\u0131qlamas\u0131na g\u00f6r\u0259, haz\u0131rda ticar\u0259t d\u00f6vriyy\u0259si yar\u0131m milyard dollar\u0131 \u00f6t\u00fcb v\u0259 t\u0259r\u0259fl\u0259r bu g\u00f6st\u0259ricinin daha da art\u0131r\u0131lmas\u0131 \u00fc\u00e7\u00fcn geni\u015f imkanlar g\u00f6r\u00fcr. Enerji il\u0259 yana\u015f\u0131, investisiya v\u0259 birg\u0259 layih\u0259l\u0259r d\u0259 \u0259m\u0259kda\u015fl\u0131\u011f\u0131n \u0259sas istiqam\u0259tl\u0259ri kimi qiym\u0259tl\u0259ndirilir. B\u0259yanatda h\u0259rbi-texniki \u0259m\u0259kda\u015fl\u0131q v\u0259 s\u0259naye istehsal\u0131 sah\u0259sind\u0259 birg\u0259 layih\u0259l\u0259r\u0259 d\u0259 toxunulub. H\u0259r iki \u00f6lk\u0259d\u0259 h\u0259rbi s\u0259naye kompleksinin inki\u015faf etm\u0259si bu sah\u0259d\u0259 \u0259m\u0259kda\u015fl\u0131q \u00fc\u00e7\u00fcn yeni perspektivl\u0259r a\u00e7\u0131r. Az\u0259rbaycan\u2013Ukrayna m\u00fcnasib\u0259tl\u0259rinin inki\u015faf\u0131nda X\u0130N-l\u0259raras\u0131 m\u0259sl\u0259h\u0259tl\u0259\u015fm\u0259l\u0259r, h\u00f6kum\u0259tl\u0259raras\u0131 komissiya v\u0259 parlamentl\u0259raras\u0131 dostluq qruplar\u0131 m\u00fch\u00fcm rol oynay\u0131r. \u0130ki \u00f6lk\u0259 aras\u0131nda imzalanm\u0131\u015f 150-d\u0259 \u00e7ox s\u0259n\u0259d \u0259m\u0259kda\u015fl\u0131\u011f\u0131n geni\u015f h\u00fcquqi bazas\u0131n\u0131 formala\u015fd\u0131r\u0131r. Bak\u0131da ke\u00e7iril\u0259n g\u00f6r\u00fc\u015f Az\u0259rbaycan\u2013Ukrayna m\u00fcnasib\u0259tl\u0259rinin sabit siyasi dialoq, qar\u015f\u0131l\u0131ql\u0131 etimad v\u0259 geni\u015f \u0259m\u0259kda\u015fl\u0131q g\u00fcnd\u0259liyi \u00fcz\u0259rind\u0259 inki\u015faf etdiyini bir daha n\u00fcmayi\u015f etdirdi. M\u00f6vcud dinamika g\u00f6st\u0259rir ki, t\u0259r\u0259fl\u0259r h\u0259m ikit\u0259r\u0259fli, h\u0259m d\u0259 beyn\u0259lxalq m\u00fcst\u0259vid\u0259 \u0259m\u0259kda\u015fl\u0131\u011f\u0131n daha da d\u0259rinl\u0259\u015fdirilm\u0259sind\u0259 maraql\u0131d\u0131rlar v\u0259 bu m\u00fcnasib\u0259tl\u0259r regionda m\u00fch\u00fcm siyasi-iqtisadi amil kimi qalmaqda davam edir.<\/p>\n\n\n\n<p><strong>Milli M\u0259clisin deputat\u0131, YAP \u0130dar\u0259 Hey\u0259tinin \u00fczv\u00fc,<\/strong><\/p>\n\n\n\n<p><strong>GDU-nun Elm v\u0259 \u0130nnovasiyalar \u00fczr\u0259 prorektoru P\u0259rvin K\u0259rimzad\u0259<\/strong>&nbsp;<\/p>\n","protected":false},"excerpt":{"rendered":"<p>Az\u0259rbaycan Prezidenti \u0130lham \u018fliyevin Ukrayna Prezidenti Volodimir Zelenski il\u0259 g\u00f6r\u00fc\u015f\u00fc iki \u00f6lk\u0259 aras\u0131nda siyasi dialoqun davaml\u0131l\u0131\u011f\u0131n\u0131 v\u0259 \u0259m\u0259kda\u015fl\u0131\u011f\u0131n geni\u015f spektrini bir daha g\u00fcnd\u0259m\u0259 g\u0259tirib. D\u00f6vl\u0259t ba\u015f\u00e7\u0131s\u0131n\u0131n m\u0259tbuata verdiyi b\u0259yanat Az\u0259rbaycan\u2013Ukrayna m\u00fcnasib\u0259tl\u0259rinin t\u0259kc\u0259 dostluq \u00e7\u0259r\u00e7iv\u0259sind\u0259 deyil, h\u0259m d\u0259 strateji t\u0259r\u0259fda\u015fl\u0131q x\u0259tti \u00fczr\u0259 inki\u015faf etdiyini t\u0259sdiql\u0259yir.Son d\u00f6rd il \u0259rzind\u0259 iki \u00f6lk\u0259 liderl\u0259ri aras\u0131nda yeddi g\u00f6r\u00fc\u015f\u00fcn ke\u00e7irilm\u0259si m\u00fcnasib\u0259tl\u0259rin [&hellip;]<\/p>\n","protected":false},"author":8,"featured_media":13041,"comment_status":"closed","ping_status":"closed","sticky":false,"template":"","format":"standard","meta":{"footnotes":""},"categories":[3],"tags":[],"class_list":["post-13040","post","type-post","status-publish","format-standard","has-post-thumbnail","hentry","category-xbrlr"],"_links":{"self":[{"href":"https:\/\/iif.gdu.edu.az\/index.php?rest_route=\/wp\/v2\/posts\/13040","targetHints":{"allow":["GET"]}}],"collection":[{"href":"https:\/\/iif.gdu.edu.az\/index.php?rest_route=\/wp\/v2\/posts"}],"about":[{"href":"https:\/\/iif.gdu.edu.az\/index.php?rest_route=\/wp\/v2\/types\/post"}],"author":[{"embeddable":true,"href":"https:\/\/iif.gdu.edu.az\/index.php?rest_route=\/wp\/v2\/users\/8"}],"replies":[{"embeddable":true,"href":"https:\/\/iif.gdu.edu.az\/index.php?rest_route=%2Fwp%2Fv2%2Fcomments&post=13040"}],"version-history":[{"count":1,"href":"https:\/\/iif.gdu.edu.az\/index.php?rest_route=\/wp\/v2\/posts\/13040\/revisions"}],"predecessor-version":[{"id":13042,"href":"https:\/\/iif.gdu.edu.az\/index.php?rest_route=\/wp\/v2\/posts\/13040\/revisions\/13042"}],"wp:featuredmedia":[{"embeddable":true,"href":"https:\/\/iif.gdu.edu.az\/index.php?rest_route=\/wp\/v2\/media\/13041"}],"wp:attachment":[{"href":"https:\/\/iif.gdu.edu.az\/index.php?rest_route=%2Fwp%2Fv2%2Fmedia&parent=13040"}],"wp:term":[{"taxonomy":"category","embeddable":true,"href":"https:\/\/iif.gdu.edu.az\/index.php?rest_route=%2Fwp%2Fv2%2Fcategories&post=13040"},{"taxonomy":"post_tag","embeddable":true,"href":"https:\/\/iif.gdu.edu.az\/index.php?rest_route=%2Fwp%2Fv2%2Ftags&post=13040"}],"curies":[{"name":"wp","href":"https:\/\/api.w.org\/{rel}","templated":true}]}}