{"id":13044,"date":"2026-04-28T09:02:48","date_gmt":"2026-04-28T07:02:48","guid":{"rendered":"https:\/\/iif.gdu.edu.az\/?p=13044"},"modified":"2026-04-28T09:02:49","modified_gmt":"2026-04-28T07:02:49","slug":"nur-paylayan-omur-yolu-akademik-z%c9%99rif%c9%99-eliyeva-103","status":"publish","type":"post","link":"https:\/\/iif.gdu.edu.az\/?p=13044","title":{"rendered":"Nur paylayan \u00f6m\u00fcr yolu: Akademik Z\u0259rif\u0259 \u018fliyeva \u2013 103"},"content":{"rendered":"\n<p>Bu g\u00fcn Az\u0259rbaycan\u0131n elm v\u0259 s\u0259hiyy\u0259 tarixin\u0259 ad\u0131n\u0131 q\u0131z\u0131l h\u0259rfl\u0259rl\u0259 yazd\u0131rm\u0131\u015f g\u00f6rk\u0259mli oftalmoloq-alim, akademik <strong>Z\u0259rif\u0259 xan\u0131m \u018fliyevan\u0131n<\/strong> do\u011fum g\u00fcn\u00fcd\u00fcr. O, t\u0259kc\u0259 pe\u015f\u0259kar h\u0259kim deyil, h\u0259m d\u0259 xalq\u0131n\u0131n sevgisini qazanm\u0131\u015f n\u0259cib bir insan, \u015f\u0259fal\u0131 \u0259ll\u0259ri il\u0259 minl\u0259rl\u0259 insana i\u015f\u0131q b\u0259x\u015f ed\u0259n nur m\u0259nb\u0259yi idi.<\/p>\n\n\n\n<p>Z\u0259rif\u0259 xan\u0131m \u018fliyevan\u0131n elmi f\u0259aliyy\u0259ti Az\u0259rbaycan tibb elminin \u0259n parlaq s\u0259hif\u0259l\u0259rind\u0259n biridir. O, vaxtil\u0259 \u00f6lk\u0259mizd\u0259 geni\u015f yay\u0131lm\u0131\u015f traxoma x\u0259st\u0259liyinin k\u00f6k\u00fcn\u00fcn k\u0259silm\u0259sind\u0259, el\u0259c\u0259 d\u0259 pe\u015f\u0259 f\u0259aliyy\u0259ti il\u0259 ba\u011fl\u0131 yaranan g\u00f6z x\u0259st\u0259likl\u0259rinin \u00f6yr\u0259nilm\u0259sind\u0259 m\u00fcst\u0259sna xidm\u0259tl\u0259r g\u00f6st\u0259rib.<\/p>\n\n\n\n<p>Onun apard\u0131\u011f\u0131 t\u0259dqiqatlar v\u0259 elmi yenilikl\u0259r t\u0259kc\u0259 Az\u0259rbaycan\u0131n deyil, d\u00fcnya oftalmologiyas\u0131n\u0131n diqq\u0259t m\u0259rk\u0259zind\u0259 olmu\u015fdur. M\u0259hz bu u\u011furlar\u0131na g\u00f6r\u0259 o, ke\u00e7mi\u015f SSR\u0130-nin oftalmologiya sah\u0259sind\u0259 \u0259n n\u00fcfuzlu m\u00fckafat\u0131 olan <strong>M.\u0130.Averbax ad\u0131na m\u00fckafata<\/strong> layiq g\u00f6r\u00fcl\u0259n ilk qad\u0131n alim kimi tarix\u0259 d\u00fc\u015fm\u00fc\u015fd\u00fcr.<\/p>\n\n\n\n<p>Z\u0259rif\u0259 xan\u0131m h\u0259m d\u0259 Az\u0259rbaycan\u0131n d\u00f6vl\u0259t\u00e7ilik tarixind\u0259 x\u00fcsusi yeri olan dahi \u015f\u0259xsiyy\u0259t Heyd\u0259r \u018fliyevin sadiq \u00f6m\u00fcr-g\u00fcn yolda\u015f\u0131 v\u0259 m\u0259n\u0259vi daya\u011f\u0131 idi. O, ail\u0259 d\u0259y\u0259rl\u0259rin\u0259 ba\u011fl\u0131l\u0131\u011f\u0131, z\u0259rifliyi v\u0259 xan\u0131ml\u0131\u011f\u0131 il\u0259 c\u0259miyy\u0259td\u0259 h\u0259r zaman bir n\u00fcmun\u0259 olub. Az\u0259rbaycan\u0131n bug\u00fcnk\u00fc u\u011furlar\u0131n\u0131n memar\u0131 olan Prezident \u0130lham \u018fliyevin \u015f\u0259xsiyy\u0259t kimi formala\u015fmas\u0131nda Z\u0259rif\u0259 xan\u0131m\u0131n ana sevgisi v\u0259 t\u0259rbiy\u0259si m\u00fch\u00fcm rol oynam\u0131\u015fd\u0131r.<\/p>\n\n\n\n<p>Bu g\u00fcn Z\u0259rif\u0259 xan\u0131m \u018fliyevan\u0131n ad\u0131 x\u0259st\u0259xanalara, elmi m\u0259rk\u0259zl\u0259r\u0259 v\u0259 k\u00fc\u00e7\u0259l\u0259r\u0259 veril\u0259r\u0259k \u0259b\u0259dil\u0259\u015fdirilib. Lakin onun \u0259n b\u00f6y\u00fck abid\u0259si xalq\u0131n q\u0259lbind\u0259 ucalan sevgi abid\u0259sidir. Onun yaratd\u0131\u011f\u0131 elmi m\u0259kt\u0259b bu g\u00fcn d\u0259 g\u0259nc oftalmoloqlar t\u0259r\u0259find\u0259n davam etdirilir.<\/p>\n\n\n\n<blockquote class=\"wp-block-quote is-layout-flow wp-block-quote-is-layout-flow\">\n<p>&#8220;Z\u0259rif\u0259 xan\u0131m \u00f6z xalq\u0131na xidm\u0259t etm\u0259yi h\u0259yat\u0131n\u0131n amal\u0131 se\u00e7mi\u015fdi. O, sad\u0259c\u0259 insanlar\u0131n g\u00f6z\u00fcn\u0259 nur deyil, h\u0259m d\u0259 onlar\u0131n q\u0259lbin\u0259 \u00fcmid v\u0259 sevinc b\u0259x\u015f edirdi.&#8221;<\/p>\n<\/blockquote>\n\n\n\n<p><strong><em>Az\u0259rbaycan tibb elminin parlaq simas\u0131, akademik Z\u0259rif\u0259 xan\u0131m \u018fliyevan\u0131 ehtiramla an\u0131r\u0131q!<\/em><\/strong><\/p>\n\n\n\n<p><\/p>\n","protected":false},"excerpt":{"rendered":"<p>Bu g\u00fcn Az\u0259rbaycan\u0131n elm v\u0259 s\u0259hiyy\u0259 tarixin\u0259 ad\u0131n\u0131 q\u0131z\u0131l h\u0259rfl\u0259rl\u0259 yazd\u0131rm\u0131\u015f g\u00f6rk\u0259mli oftalmoloq-alim, akademik Z\u0259rif\u0259 xan\u0131m \u018fliyevan\u0131n do\u011fum g\u00fcn\u00fcd\u00fcr. O, t\u0259kc\u0259 pe\u015f\u0259kar h\u0259kim deyil, h\u0259m d\u0259 xalq\u0131n\u0131n sevgisini qazanm\u0131\u015f n\u0259cib bir insan, \u015f\u0259fal\u0131 \u0259ll\u0259ri il\u0259 minl\u0259rl\u0259 insana i\u015f\u0131q b\u0259x\u015f ed\u0259n nur m\u0259nb\u0259yi idi. Z\u0259rif\u0259 xan\u0131m \u018fliyevan\u0131n elmi f\u0259aliyy\u0259ti Az\u0259rbaycan tibb elminin \u0259n parlaq s\u0259hif\u0259l\u0259rind\u0259n biridir. [&hellip;]<\/p>\n","protected":false},"author":8,"featured_media":13045,"comment_status":"closed","ping_status":"closed","sticky":false,"template":"","format":"standard","meta":{"footnotes":""},"categories":[3],"tags":[],"class_list":["post-13044","post","type-post","status-publish","format-standard","has-post-thumbnail","hentry","category-xbrlr"],"_links":{"self":[{"href":"https:\/\/iif.gdu.edu.az\/index.php?rest_route=\/wp\/v2\/posts\/13044","targetHints":{"allow":["GET"]}}],"collection":[{"href":"https:\/\/iif.gdu.edu.az\/index.php?rest_route=\/wp\/v2\/posts"}],"about":[{"href":"https:\/\/iif.gdu.edu.az\/index.php?rest_route=\/wp\/v2\/types\/post"}],"author":[{"embeddable":true,"href":"https:\/\/iif.gdu.edu.az\/index.php?rest_route=\/wp\/v2\/users\/8"}],"replies":[{"embeddable":true,"href":"https:\/\/iif.gdu.edu.az\/index.php?rest_route=%2Fwp%2Fv2%2Fcomments&post=13044"}],"version-history":[{"count":1,"href":"https:\/\/iif.gdu.edu.az\/index.php?rest_route=\/wp\/v2\/posts\/13044\/revisions"}],"predecessor-version":[{"id":13046,"href":"https:\/\/iif.gdu.edu.az\/index.php?rest_route=\/wp\/v2\/posts\/13044\/revisions\/13046"}],"wp:featuredmedia":[{"embeddable":true,"href":"https:\/\/iif.gdu.edu.az\/index.php?rest_route=\/wp\/v2\/media\/13045"}],"wp:attachment":[{"href":"https:\/\/iif.gdu.edu.az\/index.php?rest_route=%2Fwp%2Fv2%2Fmedia&parent=13044"}],"wp:term":[{"taxonomy":"category","embeddable":true,"href":"https:\/\/iif.gdu.edu.az\/index.php?rest_route=%2Fwp%2Fv2%2Fcategories&post=13044"},{"taxonomy":"post_tag","embeddable":true,"href":"https:\/\/iif.gdu.edu.az\/index.php?rest_route=%2Fwp%2Fv2%2Ftags&post=13044"}],"curies":[{"name":"wp","href":"https:\/\/api.w.org\/{rel}","templated":true}]}}