{"id":13070,"date":"2026-04-30T16:57:00","date_gmt":"2026-04-30T14:57:00","guid":{"rendered":"https:\/\/iif.gdu.edu.az\/?p=13070"},"modified":"2026-05-01T19:00:00","modified_gmt":"2026-05-01T17:00:00","slug":"idar%c9%99etm%c9%99-kafedrasinin-novb%c9%99ti-iclasi-kecirildi","status":"publish","type":"post","link":"https:\/\/iif.gdu.edu.az\/?p=13070","title":{"rendered":"&#8220;\u0130dar\u0259etm\u0259&#8221; kafedras\u0131n\u0131n n\u00f6vb\u0259ti iclas\u0131 ke\u00e7irildi"},"content":{"rendered":"\n<p>&#8220;\u0130dar\u0259etm\u0259&#8221; kafedras\u0131n\u0131n n\u00f6vb\u0259ti iclas\u0131nda t\u0259drisin keyfiyy\u0259tinin y\u00fcks\u0259ldilm\u0259si v\u0259 qar\u015f\u0131dan g\u0259l\u0259n imtahan sessiyas\u0131na haz\u0131rl\u0131q m\u0259s\u0259l\u0259l\u0259ri diqq\u0259t m\u0259rk\u0259zind\u0259 olub.<\/p>\n\n\n\n<p>G\u0259nc\u0259 D\u00f6vl\u0259t Universitetinin \u0130qtisadiyyat v\u0259 idar\u0259etm\u0259 fak\u00fclt\u0259sind\u0259 &#8220;\u0130dar\u0259etm\u0259&#8221; kafedras\u0131n\u0131n n\u00f6vb\u0259ti iclas\u0131 ke\u00e7irilib. \u0130clas\u0131n g\u00fcnd\u0259liyind\u0259 duran \u0259sas m\u0259s\u0259l\u0259l\u0259r aprel ay\u0131 \u0259rzind\u0259 t\u0259\u015fkil olunmu\u015f a\u00e7\u0131q d\u0259rsl\u0259rin t\u0259hlili v\u0259 t\u0259dris prosesinin cari v\u0259ziyy\u0259tinin qiym\u0259tl\u0259ndirilm\u0259si olub.<\/p>\n\n\n\n<p>A\u00e7\u0131q D\u0259rsl\u0259r T\u0259hlil Edilib: \u0130clasda ilk olaraq kafedran\u0131n m\u00fc\u0259llimi L.O.Babayevan\u0131n &#8220;Biznesin idar\u0259 edilm\u0259si&#8221; ixtisas\u0131 \u00fczr\u0259 III kurs t\u0259l\u0259b\u0259l\u0259rin\u0259 ke\u00e7diyi &#8220;T\u0259dar\u00fck z\u0259ncirinin idar\u0259 edilm\u0259si prosesi v\u0259 logistikan\u0131n mahiyy\u0259ti&#8221; m\u00f6vzusundak\u0131 a\u00e7\u0131q d\u0259rsi m\u00fczakir\u0259 olunub. M\u00fcasir logistik prosesl\u0259rin t\u0259drisind\u0259 t\u0259tbiq olunan innovativ metodlar v\u0259 t\u0259l\u0259b\u0259l\u0259rin m\u00f6vzuya mara\u011f\u0131 kafedra \u00fczvl\u0259ri t\u0259r\u0259find\u0259n m\u00fcsb\u0259t qiym\u0259tl\u0259ndirilib.<\/p>\n\n\n\n<p>Daha sonra kafedran\u0131n m\u00fc\u0259llimi X.X.Quliyevin &#8220;Sahibkarl\u0131q f\u0259aliyy\u0259tind\u0259 ki\u00e7ik v\u0259 orta m\u00fc\u0259ssis\u0259l\u0259r&#8221; m\u00f6vzusunda t\u0259\u015fkil etdiyi a\u00e7\u0131q d\u0259rsin n\u0259tic\u0259l\u0259ri n\u0259z\u0259rd\u0259n ke\u00e7irilib. M\u00fczakir\u0259l\u0259r zaman\u0131 d\u0259rsin elmi-n\u0259z\u0259ri s\u0259viyy\u0259si, praktiki n\u00fcmun\u0259l\u0259rl\u0259 z\u0259nginliyi v\u0259 t\u0259l\u0259b\u0259l\u0259rin f\u0259all\u0131\u011f\u0131 qeyd edilib.<\/p>\n\n\n\n<p>\u0130mtahan Sessiyas\u0131na Haz\u0131rl\u0131q: G\u00fcnd\u0259liyin dig\u0259r m\u00fch\u00fcm m\u0259s\u0259l\u0259si is\u0259 bakalavr v\u0259 magistratura pill\u0259l\u0259ri \u00fczr\u0259 ke\u00e7iril\u0259c\u0259k imtahanlara haz\u0131rl\u0131q olub. Kafedra iclas\u0131nda:<\/p>\n\n\n\n<p>*T\u0259dris olunan f\u0259nl\u0259r \u00fczr\u0259 haz\u0131rlanm\u0131\u015f imtahan suallar\u0131;<\/p>\n\n\n\n<p>*Suallar \u0259sas\u0131nda t\u0259rtib edilmi\u015f imtahan biletl\u0259ri geni\u015f \u015f\u0259kild\u0259 m\u00fczakir\u0259 olunaraq t\u0259sdiq edilib.<\/p>\n\n\n\n<p>\u0130clas\u0131n sonunda t\u0259dris keyfiyy\u0259tinin davaml\u0131 \u015f\u0259kild\u0259 art\u0131r\u0131lmas\u0131 v\u0259 imtahan prosesinin \u015f\u0259ffaf t\u0259\u015fkili istiqam\u0259tind\u0259 m\u00fcvafiq tap\u015f\u0131r\u0131qlar verilib.<\/p>\n\n\n\n<div class=\"wp-block-columns is-layout-flex wp-container-core-columns-is-layout-9d6595d7 wp-block-columns-is-layout-flex\">\n<div class=\"wp-block-column is-layout-flow wp-block-column-is-layout-flow\">\n<figure class=\"wp-block-image size-full\"><img loading=\"lazy\" decoding=\"async\" width=\"1600\" height=\"1200\" src=\"https:\/\/iif.gdu.edu.az\/wp-content\/uploads\/2026\/05\/WhatsApp-Image-2026-05-01-at-20.57.51-1.jpeg\" alt=\"\" class=\"wp-image-13071\" srcset=\"https:\/\/iif.gdu.edu.az\/wp-content\/uploads\/2026\/05\/WhatsApp-Image-2026-05-01-at-20.57.51-1.jpeg 1600w, https:\/\/iif.gdu.edu.az\/wp-content\/uploads\/2026\/05\/WhatsApp-Image-2026-05-01-at-20.57.51-1-768x576.jpeg 768w, https:\/\/iif.gdu.edu.az\/wp-content\/uploads\/2026\/05\/WhatsApp-Image-2026-05-01-at-20.57.51-1-1536x1152.jpeg 1536w, https:\/\/iif.gdu.edu.az\/wp-content\/uploads\/2026\/05\/WhatsApp-Image-2026-05-01-at-20.57.51-1-960x720.jpeg 960w, https:\/\/iif.gdu.edu.az\/wp-content\/uploads\/2026\/05\/WhatsApp-Image-2026-05-01-at-20.57.51-1-480x360.jpeg 480w, https:\/\/iif.gdu.edu.az\/wp-content\/uploads\/2026\/05\/WhatsApp-Image-2026-05-01-at-20.57.51-1-320x240.jpeg 320w, https:\/\/iif.gdu.edu.az\/wp-content\/uploads\/2026\/05\/WhatsApp-Image-2026-05-01-at-20.57.51-1-240x180.jpeg 240w\" sizes=\"auto, (max-width: 1600px) 100vw, 1600px\" \/><\/figure>\n<\/div>\n\n\n\n<div class=\"wp-block-column is-layout-flow wp-block-column-is-layout-flow\">\n<figure class=\"wp-block-image size-full\"><img loading=\"lazy\" decoding=\"async\" width=\"1600\" height=\"1200\" src=\"https:\/\/iif.gdu.edu.az\/wp-content\/uploads\/2026\/05\/WhatsApp-Image-2026-05-01-at-20.57.51-2.jpeg\" alt=\"\" class=\"wp-image-13072\" srcset=\"https:\/\/iif.gdu.edu.az\/wp-content\/uploads\/2026\/05\/WhatsApp-Image-2026-05-01-at-20.57.51-2.jpeg 1600w, https:\/\/iif.gdu.edu.az\/wp-content\/uploads\/2026\/05\/WhatsApp-Image-2026-05-01-at-20.57.51-2-768x576.jpeg 768w, https:\/\/iif.gdu.edu.az\/wp-content\/uploads\/2026\/05\/WhatsApp-Image-2026-05-01-at-20.57.51-2-1536x1152.jpeg 1536w, https:\/\/iif.gdu.edu.az\/wp-content\/uploads\/2026\/05\/WhatsApp-Image-2026-05-01-at-20.57.51-2-960x720.jpeg 960w, https:\/\/iif.gdu.edu.az\/wp-content\/uploads\/2026\/05\/WhatsApp-Image-2026-05-01-at-20.57.51-2-480x360.jpeg 480w, https:\/\/iif.gdu.edu.az\/wp-content\/uploads\/2026\/05\/WhatsApp-Image-2026-05-01-at-20.57.51-2-320x240.jpeg 320w, https:\/\/iif.gdu.edu.az\/wp-content\/uploads\/2026\/05\/WhatsApp-Image-2026-05-01-at-20.57.51-2-240x180.jpeg 240w\" sizes=\"auto, (max-width: 1600px) 100vw, 1600px\" \/><\/figure>\n<\/div>\n\n\n\n<div class=\"wp-block-column is-layout-flow wp-block-column-is-layout-flow\">\n<figure class=\"wp-block-image size-full\"><img loading=\"lazy\" decoding=\"async\" width=\"1600\" height=\"1200\" src=\"https:\/\/iif.gdu.edu.az\/wp-content\/uploads\/2026\/05\/WhatsApp-Image-2026-05-01-at-20.57.51.jpeg\" alt=\"\" class=\"wp-image-13073\" srcset=\"https:\/\/iif.gdu.edu.az\/wp-content\/uploads\/2026\/05\/WhatsApp-Image-2026-05-01-at-20.57.51.jpeg 1600w, https:\/\/iif.gdu.edu.az\/wp-content\/uploads\/2026\/05\/WhatsApp-Image-2026-05-01-at-20.57.51-768x576.jpeg 768w, https:\/\/iif.gdu.edu.az\/wp-content\/uploads\/2026\/05\/WhatsApp-Image-2026-05-01-at-20.57.51-1536x1152.jpeg 1536w, https:\/\/iif.gdu.edu.az\/wp-content\/uploads\/2026\/05\/WhatsApp-Image-2026-05-01-at-20.57.51-960x720.jpeg 960w, https:\/\/iif.gdu.edu.az\/wp-content\/uploads\/2026\/05\/WhatsApp-Image-2026-05-01-at-20.57.51-480x360.jpeg 480w, https:\/\/iif.gdu.edu.az\/wp-content\/uploads\/2026\/05\/WhatsApp-Image-2026-05-01-at-20.57.51-320x240.jpeg 320w, https:\/\/iif.gdu.edu.az\/wp-content\/uploads\/2026\/05\/WhatsApp-Image-2026-05-01-at-20.57.51-240x180.jpeg 240w\" sizes=\"auto, (max-width: 1600px) 100vw, 1600px\" \/><\/figure>\n<\/div>\n<\/div>\n","protected":false},"excerpt":{"rendered":"<p>&#8220;\u0130dar\u0259etm\u0259&#8221; kafedras\u0131n\u0131n n\u00f6vb\u0259ti iclas\u0131nda t\u0259drisin keyfiyy\u0259tinin y\u00fcks\u0259ldilm\u0259si v\u0259 qar\u015f\u0131dan g\u0259l\u0259n imtahan sessiyas\u0131na haz\u0131rl\u0131q m\u0259s\u0259l\u0259l\u0259ri diqq\u0259t m\u0259rk\u0259zind\u0259 olub. G\u0259nc\u0259 D\u00f6vl\u0259t Universitetinin \u0130qtisadiyyat v\u0259 idar\u0259etm\u0259 fak\u00fclt\u0259sind\u0259 &#8220;\u0130dar\u0259etm\u0259&#8221; kafedras\u0131n\u0131n n\u00f6vb\u0259ti iclas\u0131 ke\u00e7irilib. \u0130clas\u0131n g\u00fcnd\u0259liyind\u0259 duran \u0259sas m\u0259s\u0259l\u0259l\u0259r aprel ay\u0131 \u0259rzind\u0259 t\u0259\u015fkil olunmu\u015f a\u00e7\u0131q d\u0259rsl\u0259rin t\u0259hlili v\u0259 t\u0259dris prosesinin cari v\u0259ziyy\u0259tinin qiym\u0259tl\u0259ndirilm\u0259si olub. A\u00e7\u0131q D\u0259rsl\u0259r T\u0259hlil Edilib: \u0130clasda ilk [&hellip;]<\/p>\n","protected":false},"author":8,"featured_media":13072,"comment_status":"closed","ping_status":"closed","sticky":false,"template":"","format":"standard","meta":{"footnotes":""},"categories":[20],"tags":[],"class_list":["post-13070","post","type-post","status-publish","format-standard","has-post-thumbnail","hentry","category-fakult-haqqinda"],"_links":{"self":[{"href":"https:\/\/iif.gdu.edu.az\/index.php?rest_route=\/wp\/v2\/posts\/13070","targetHints":{"allow":["GET"]}}],"collection":[{"href":"https:\/\/iif.gdu.edu.az\/index.php?rest_route=\/wp\/v2\/posts"}],"about":[{"href":"https:\/\/iif.gdu.edu.az\/index.php?rest_route=\/wp\/v2\/types\/post"}],"author":[{"embeddable":true,"href":"https:\/\/iif.gdu.edu.az\/index.php?rest_route=\/wp\/v2\/users\/8"}],"replies":[{"embeddable":true,"href":"https:\/\/iif.gdu.edu.az\/index.php?rest_route=%2Fwp%2Fv2%2Fcomments&post=13070"}],"version-history":[{"count":1,"href":"https:\/\/iif.gdu.edu.az\/index.php?rest_route=\/wp\/v2\/posts\/13070\/revisions"}],"predecessor-version":[{"id":13074,"href":"https:\/\/iif.gdu.edu.az\/index.php?rest_route=\/wp\/v2\/posts\/13070\/revisions\/13074"}],"wp:featuredmedia":[{"embeddable":true,"href":"https:\/\/iif.gdu.edu.az\/index.php?rest_route=\/wp\/v2\/media\/13072"}],"wp:attachment":[{"href":"https:\/\/iif.gdu.edu.az\/index.php?rest_route=%2Fwp%2Fv2%2Fmedia&parent=13070"}],"wp:term":[{"taxonomy":"category","embeddable":true,"href":"https:\/\/iif.gdu.edu.az\/index.php?rest_route=%2Fwp%2Fv2%2Fcategories&post=13070"},{"taxonomy":"post_tag","embeddable":true,"href":"https:\/\/iif.gdu.edu.az\/index.php?rest_route=%2Fwp%2Fv2%2Ftags&post=13070"}],"curies":[{"name":"wp","href":"https:\/\/api.w.org\/{rel}","templated":true}]}}