{"id":13075,"date":"2026-05-02T07:38:23","date_gmt":"2026-05-02T05:38:23","guid":{"rendered":"https:\/\/iif.gdu.edu.az\/?p=13075"},"modified":"2026-05-02T07:41:13","modified_gmt":"2026-05-02T05:41:13","slug":"qeyri-neft-sektorunun-dayaniqligi-iqtisadiyyat-v%c9%99-idar%c9%99etm%c9%99-fakult%c9%99sind%c9%99-elmi-konfrans-keciril%c9%99c%c9%99k","status":"publish","type":"post","link":"https:\/\/iif.gdu.edu.az\/?p=13075","title":{"rendered":"\u201cQeyri-neft sektorunun dayan\u0131ql\u0131\u011f\u0131\u201d: \u0130qtisadiyyat v\u0259 idar\u0259etm\u0259 fak\u00fclt\u0259sind\u0259 elmi konfrans ke\u00e7iril\u0259c\u0259k"},"content":{"rendered":"\n<p>T\u0259l\u0259b\u0259 Elmi C\u0259miyy\u0259ti (TEC) il\u0259 \u0130qtisadiyyat v\u0259 idar\u0259etm\u0259 fak\u00fclt\u0259sinin birg\u0259 t\u0259\u015fkilat\u00e7\u0131l\u0131\u011f\u0131 il\u0259 <strong>\u201cQeyri-neft sektorunun dayan\u0131ql\u0131\u011f\u0131: M\u00fcasir \u00e7a\u011f\u0131r\u0131\u015flar v\u0259 inki\u015faf perspektivl\u0259ri\u201d<\/strong> m\u00f6vzusunda elmi-praktik konfrans ke\u00e7iril\u0259c\u0259k.<\/p>\n\n\n\n<p>M\u00fcasir d\u00f6vrd\u0259 \u00f6lk\u0259 iqtisadiyyat\u0131n\u0131n diversifikasiyas\u0131 v\u0259 qeyri-neft sektorunun r\u0259qab\u0259tqabiliyy\u0259tliliyinin art\u0131r\u0131lmas\u0131 d\u00f6vl\u0259t siyas\u0259tinin prioritet istiqam\u0259tl\u0259rind\u0259n biridir. Bu m\u0259qs\u0259dl\u0259 t\u0259\u015fkil olunan konfrans g\u0259nc t\u0259dqiqat\u00e7\u0131lar\u0131n, t\u0259l\u0259b\u0259 v\u0259 magistrantlar\u0131n elmi potensial\u0131n\u0131 \u00fcz\u0259 \u00e7\u0131xarmaq, onlarda t\u0259hlil qabiliyy\u0259tini inki\u015faf etdirm\u0259k v\u0259 aktual iqtisadi m\u0259s\u0259l\u0259l\u0259r\u0259 g\u0259nc bax\u0131\u015f\u0131n\u0131 t\u0259min etm\u0259k niyy\u0259ti da\u015f\u0131y\u0131r.<\/p>\n\n\n\n<p><strong>Konfrans\u0131n \u0259sas m\u00fczakir\u0259 istiqam\u0259tl\u0259ri:<\/strong><\/p>\n\n\n\n<ul class=\"wp-block-list\">\n<li>Qeyri-neft sektorunda innovativ idar\u0259etm\u0259 modell\u0259ri;<\/li>\n\n\n\n<li>Dayan\u0131ql\u0131 inki\u015faf\u0131n t\u0259min olunmas\u0131nda r\u0259q\u0259msal iqtisadiyyat\u0131n rolu;<\/li>\n\n\n\n<li>Sahibkarl\u0131q f\u0259aliyy\u0259tinin geni\u015fl\u0259ndirilm\u0259si v\u0259 investisiya m\u00fchiti;<\/li>\n\n\n\n<li>Qlobal iqtisadi \u00e7a\u011f\u0131r\u0131\u015flar fonunda yerli istehsal\u0131n stimulla\u015fd\u0131r\u0131lmas\u0131.<\/li>\n<\/ul>\n\n\n\n<p>T\u0259dbir \u00e7\u0259r\u00e7iv\u0259sind\u0259 g\u0259l\u0259c\u0259yin iqtisad\u00e7\u0131lar\u0131 \u00f6z elmi m\u0259qal\u0259l\u0259ri il\u0259 \u00e7\u0131x\u0131\u015f ed\u0259r\u0259k, m\u00f6vcud probleml\u0259rin h\u0259lli istiqam\u0259tind\u0259 yeni yana\u015fmalar v\u0259 t\u0259klifl\u0259r ir\u0259li s\u00fcr\u0259c\u0259kl\u0259r.<\/p>\n\n\n\n<p>Biz b\u00fct\u00fcn g\u0259nc t\u0259dqiqat\u00e7\u0131lar\u0131 v\u0259 elm\u0259 mara\u011f\u0131 olan t\u0259l\u0259b\u0259l\u0259rimizi bu maraql\u0131 diskussiyalarda i\u015ftirak etm\u0259y\u0259, \u00f6z elmi n\u0259tic\u0259l\u0259rini b\u00f6l\u00fc\u015fm\u0259y\u0259 d\u0259v\u0259t edirik.<\/p>\n\n\n\n<p><strong>Elm yolunda at\u0131lan h\u0259r bir add\u0131m g\u0259l\u0259c\u0259yin g\u00fccl\u00fc iqtisadiyyat\u0131na t\u00f6hf\u0259dir!<\/strong><\/p>\n\n\n\n<div class=\"wp-block-columns is-layout-flex wp-container-core-columns-is-layout-9d6595d7 wp-block-columns-is-layout-flex\">\n<div class=\"wp-block-column is-layout-flow wp-block-column-is-layout-flow\">\n<figure class=\"wp-block-image size-full is-resized\"><img loading=\"lazy\" decoding=\"async\" width=\"905\" height=\"1280\" src=\"https:\/\/iif.gdu.edu.az\/wp-content\/uploads\/2026\/05\/WhatsApp-Image-2026-05-02-at-09.32.51-1.jpeg\" alt=\"\" class=\"wp-image-13078\" style=\"aspect-ratio:0.707033510442422;width:346px;height:auto\" srcset=\"https:\/\/iif.gdu.edu.az\/wp-content\/uploads\/2026\/05\/WhatsApp-Image-2026-05-02-at-09.32.51-1.jpeg 905w, https:\/\/iif.gdu.edu.az\/wp-content\/uploads\/2026\/05\/WhatsApp-Image-2026-05-02-at-09.32.51-1-768x1086.jpeg 768w\" sizes=\"auto, (max-width: 905px) 100vw, 905px\" \/><\/figure>\n<\/div>\n<\/div>\n\n\n\n<p><\/p>\n","protected":false},"excerpt":{"rendered":"<p>T\u0259l\u0259b\u0259 Elmi C\u0259miyy\u0259ti (TEC) il\u0259 \u0130qtisadiyyat v\u0259 idar\u0259etm\u0259 fak\u00fclt\u0259sinin birg\u0259 t\u0259\u015fkilat\u00e7\u0131l\u0131\u011f\u0131 il\u0259 \u201cQeyri-neft sektorunun dayan\u0131ql\u0131\u011f\u0131: M\u00fcasir \u00e7a\u011f\u0131r\u0131\u015flar v\u0259 inki\u015faf perspektivl\u0259ri\u201d m\u00f6vzusunda elmi-praktik konfrans ke\u00e7iril\u0259c\u0259k. M\u00fcasir d\u00f6vrd\u0259 \u00f6lk\u0259 iqtisadiyyat\u0131n\u0131n diversifikasiyas\u0131 v\u0259 qeyri-neft sektorunun r\u0259qab\u0259tqabiliyy\u0259tliliyinin art\u0131r\u0131lmas\u0131 d\u00f6vl\u0259t siyas\u0259tinin prioritet istiqam\u0259tl\u0259rind\u0259n biridir. Bu m\u0259qs\u0259dl\u0259 t\u0259\u015fkil olunan konfrans g\u0259nc t\u0259dqiqat\u00e7\u0131lar\u0131n, t\u0259l\u0259b\u0259 v\u0259 magistrantlar\u0131n elmi potensial\u0131n\u0131 \u00fcz\u0259 \u00e7\u0131xarmaq, onlarda t\u0259hlil [&hellip;]<\/p>\n","protected":false},"author":8,"featured_media":13076,"comment_status":"closed","ping_status":"closed","sticky":false,"template":"","format":"standard","meta":{"footnotes":""},"categories":[20,22,23],"tags":[],"class_list":["post-13075","post","type-post","status-publish","format-standard","has-post-thumbnail","hentry","category-fakult-haqqinda","category-professor-mullim","category-tlb-hyati"],"_links":{"self":[{"href":"https:\/\/iif.gdu.edu.az\/index.php?rest_route=\/wp\/v2\/posts\/13075","targetHints":{"allow":["GET"]}}],"collection":[{"href":"https:\/\/iif.gdu.edu.az\/index.php?rest_route=\/wp\/v2\/posts"}],"about":[{"href":"https:\/\/iif.gdu.edu.az\/index.php?rest_route=\/wp\/v2\/types\/post"}],"author":[{"embeddable":true,"href":"https:\/\/iif.gdu.edu.az\/index.php?rest_route=\/wp\/v2\/users\/8"}],"replies":[{"embeddable":true,"href":"https:\/\/iif.gdu.edu.az\/index.php?rest_route=%2Fwp%2Fv2%2Fcomments&post=13075"}],"version-history":[{"count":2,"href":"https:\/\/iif.gdu.edu.az\/index.php?rest_route=\/wp\/v2\/posts\/13075\/revisions"}],"predecessor-version":[{"id":13080,"href":"https:\/\/iif.gdu.edu.az\/index.php?rest_route=\/wp\/v2\/posts\/13075\/revisions\/13080"}],"wp:featuredmedia":[{"embeddable":true,"href":"https:\/\/iif.gdu.edu.az\/index.php?rest_route=\/wp\/v2\/media\/13076"}],"wp:attachment":[{"href":"https:\/\/iif.gdu.edu.az\/index.php?rest_route=%2Fwp%2Fv2%2Fmedia&parent=13075"}],"wp:term":[{"taxonomy":"category","embeddable":true,"href":"https:\/\/iif.gdu.edu.az\/index.php?rest_route=%2Fwp%2Fv2%2Fcategories&post=13075"},{"taxonomy":"post_tag","embeddable":true,"href":"https:\/\/iif.gdu.edu.az\/index.php?rest_route=%2Fwp%2Fv2%2Ftags&post=13075"}],"curies":[{"name":"wp","href":"https:\/\/api.w.org\/{rel}","templated":true}]}}