{"id":13520,"date":"2026-07-14T18:07:00","date_gmt":"2026-07-14T16:07:00","guid":{"rendered":"https:\/\/iif.gdu.edu.az\/?p=13520"},"modified":"2026-07-21T15:00:07","modified_gmt":"2026-07-21T13:00:07","slug":"iqtisadiyyat-v%c9%99-idar%c9%99etm%c9%99-fakult%c9%99si-elmi-surasinin-novb%c9%99ti-iclasi-kecirilib","status":"publish","type":"post","link":"https:\/\/iif.gdu.edu.az\/?p=13520","title":{"rendered":"\u0130qtisadiyyat v\u0259 idar\u0259etm\u0259 fak\u00fclt\u0259si Elmi \u015euras\u0131n\u0131n n\u00f6vb\u0259ti iclas\u0131 ke\u00e7irilib"},"content":{"rendered":"\n<p>\u0130yulun 10-da G\u0259nc\u0259 D\u00f6vl\u0259t Universitetinin \u0130qtisadiyyat v\u0259 idar\u0259etm\u0259 fak\u00fclt\u0259si Elmi \u015euras\u0131n\u0131n n\u00f6vb\u0259ti iclas\u0131 ke\u00e7irilib. \u0130clasda fak\u00fclt\u0259nin professor-m\u00fc\u0259llim hey\u0259ti v\u0259 \u015eura \u00fczvl\u0259ri i\u015ftirak edibl\u0259r.<\/p>\n\n\n\n<p>G\u00fcnd\u0259likd\u0259 duran \u0259sas m\u0259s\u0259l\u0259l\u0259r m\u00fczakir\u0259 olunaraq m\u00fcvafiq q\u0259rarlar q\u0259bul edilib:<\/p>\n\n\n\n<ul class=\"wp-block-list\">\n<li><strong>Yay imtahan sessiyas\u0131n\u0131n yekunlar\u0131:<\/strong> \u0130clasda ilk olaraq yay imtahan sessiyas\u0131n\u0131n n\u0259tic\u0259l\u0259ri t\u0259hlil edilib, t\u0259l\u0259b\u0259l\u0259rin m\u00fcv\u0259ff\u0259qiyy\u0259t g\u00f6st\u0259ricil\u0259ri v\u0259 sessiyan\u0131n t\u0259\u015fkili formas\u0131 bar\u0259d\u0259 hesabat dinl\u0259nilib.<\/li>\n\n\n\n<li><strong>DAK s\u0259drl\u0259rinin hesabatlar\u0131:<\/strong> Burax\u0131l\u0131\u015f i\u015fl\u0259rinin m\u00fcdafi\u0259si v\u0259 D\u00f6vl\u0259t imtahanlar\u0131n\u0131n n\u0259tic\u0259l\u0259rin\u0259 dair yekun D\u00f6vl\u0259t Attestasiya Komissiyas\u0131 (DAK) s\u0259drl\u0259rinin hesabatlar\u0131 t\u0259qdim olunub v\u0259 u\u011furlu n\u0259tic\u0259l\u0259r qeyd edilib.<\/li>\n\n\n\n<li><strong>Fak\u00fclt\u0259 dekan\u0131n\u0131n illik hesabat\u0131:<\/strong> \u0130qtisadiyyat v\u0259 idar\u0259etm\u0259 fak\u00fclt\u0259sinin dekan\u0131, dosent M\u0259sim Abadovun 2025\/2026-c\u0131 t\u0259dris ili \u00fczr\u0259 geni\u015f hesabat\u0131 dinl\u0259nilib. Hesabat d\u00f6vr\u00fcnd\u0259 g\u00f6r\u00fcl\u0259n i\u015fl\u0259r, \u0259ld\u0259 olunan u\u011furlar v\u0259 qar\u015f\u0131da duran h\u0259d\u0259fl\u0259r diqq\u0259t\u0259 \u00e7atd\u0131r\u0131l\u0131b.<\/li>\n\n\n\n<li><strong>Yeni t\u0259dris ilin\u0259 haz\u0131rl\u0131q:<\/strong> N\u00f6vb\u0259ti, 2026\/2027-ci t\u0259dris ili \u00fc\u00e7\u00fcn dekanl\u0131\u011f\u0131n, fak\u00fclt\u0259 Elmi \u015euras\u0131n\u0131n v\u0259 kafedralar\u0131n illik i\u015f planlar\u0131 \u0259trafl\u0131 m\u00fczakir\u0259 edil\u0259r\u0259k t\u0259sdiq olunub.<\/li>\n\n\n\n<li><strong>M\u00fcsabiq\u0259 v\u0259 se\u00e7kil\u0259r:<\/strong> G\u00fcnd\u0259liy\u0259 uy\u011fun olaraq, professor-m\u00fc\u0259llim hey\u0259tinin m\u00fcsabiq\u0259 yolu il\u0259 se\u00e7kil\u0259ri ke\u00e7irilib.<\/li>\n<\/ul>\n\n\n\n<p>\u0130clas\u0131n sonunda cari m\u0259s\u0259l\u0259l\u0259r\u0259 bax\u0131l\u0131b, fak\u00fclt\u0259nin g\u0259l\u0259c\u0259k f\u0259aliyy\u0259t istiqam\u0259tl\u0259ri v\u0259 t\u0259drisin keyfiyy\u0259tinin daha da y\u00fcks\u0259ldilm\u0259si il\u0259 ba\u011fl\u0131 t\u0259klifl\u0259r dinl\u0259nilib.<\/p>\n\n\n\n<div class=\"wp-block-columns is-layout-flex wp-container-core-columns-is-layout-9d6595d7 wp-block-columns-is-layout-flex\">\n<div class=\"wp-block-column is-layout-flow wp-block-column-is-layout-flow\">\n<figure class=\"wp-block-image size-full\"><img loading=\"lazy\" decoding=\"async\" width=\"1080\" height=\"847\" src=\"https:\/\/iif.gdu.edu.az\/wp-content\/uploads\/2026\/07\/WhatsApp-Image-2026-07-18-at-10.02.48.jpeg\" alt=\"\" class=\"wp-image-13521\" srcset=\"https:\/\/iif.gdu.edu.az\/wp-content\/uploads\/2026\/07\/WhatsApp-Image-2026-07-18-at-10.02.48.jpeg 1080w, https:\/\/iif.gdu.edu.az\/wp-content\/uploads\/2026\/07\/WhatsApp-Image-2026-07-18-at-10.02.48-768x602.jpeg 768w\" sizes=\"auto, (max-width: 1080px) 100vw, 1080px\" \/><\/figure>\n<\/div>\n\n\n\n<div class=\"wp-block-column is-layout-flow wp-block-column-is-layout-flow\">\n<figure class=\"wp-block-image size-full\"><img loading=\"lazy\" decoding=\"async\" width=\"1280\" height=\"960\" src=\"https:\/\/iif.gdu.edu.az\/wp-content\/uploads\/2026\/07\/WhatsApp-Image-2026-07-18-at-10.10.19.jpeg\" alt=\"\" class=\"wp-image-13522\" srcset=\"https:\/\/iif.gdu.edu.az\/wp-content\/uploads\/2026\/07\/WhatsApp-Image-2026-07-18-at-10.10.19.jpeg 1280w, https:\/\/iif.gdu.edu.az\/wp-content\/uploads\/2026\/07\/WhatsApp-Image-2026-07-18-at-10.10.19-768x576.jpeg 768w, https:\/\/iif.gdu.edu.az\/wp-content\/uploads\/2026\/07\/WhatsApp-Image-2026-07-18-at-10.10.19-960x720.jpeg 960w, https:\/\/iif.gdu.edu.az\/wp-content\/uploads\/2026\/07\/WhatsApp-Image-2026-07-18-at-10.10.19-480x360.jpeg 480w, https:\/\/iif.gdu.edu.az\/wp-content\/uploads\/2026\/07\/WhatsApp-Image-2026-07-18-at-10.10.19-320x240.jpeg 320w, https:\/\/iif.gdu.edu.az\/wp-content\/uploads\/2026\/07\/WhatsApp-Image-2026-07-18-at-10.10.19-240x180.jpeg 240w\" sizes=\"auto, (max-width: 1280px) 100vw, 1280px\" \/><\/figure>\n<\/div>\n\n\n\n<div class=\"wp-block-column is-layout-flow wp-block-column-is-layout-flow\">\n<figure class=\"wp-block-image size-full\"><img loading=\"lazy\" decoding=\"async\" width=\"780\" height=\"1040\" src=\"https:\/\/iif.gdu.edu.az\/wp-content\/uploads\/2026\/07\/WhatsApp-Image-2026-07-18-at-10.02.47.jpeg\" alt=\"\" class=\"wp-image-13523\" srcset=\"https:\/\/iif.gdu.edu.az\/wp-content\/uploads\/2026\/07\/WhatsApp-Image-2026-07-18-at-10.02.47.jpeg 780w, https:\/\/iif.gdu.edu.az\/wp-content\/uploads\/2026\/07\/WhatsApp-Image-2026-07-18-at-10.02.47-768x1024.jpeg 768w\" sizes=\"auto, (max-width: 780px) 100vw, 780px\" \/><\/figure>\n<\/div>\n<\/div>\n","protected":false},"excerpt":{"rendered":"<p>\u0130yulun 10-da G\u0259nc\u0259 D\u00f6vl\u0259t Universitetinin \u0130qtisadiyyat v\u0259 idar\u0259etm\u0259 fak\u00fclt\u0259si Elmi \u015euras\u0131n\u0131n n\u00f6vb\u0259ti iclas\u0131 ke\u00e7irilib. \u0130clasda fak\u00fclt\u0259nin professor-m\u00fc\u0259llim hey\u0259ti v\u0259 \u015eura \u00fczvl\u0259ri i\u015ftirak edibl\u0259r. G\u00fcnd\u0259likd\u0259 duran \u0259sas m\u0259s\u0259l\u0259l\u0259r m\u00fczakir\u0259 olunaraq m\u00fcvafiq q\u0259rarlar q\u0259bul edilib: \u0130clas\u0131n sonunda cari m\u0259s\u0259l\u0259l\u0259r\u0259 bax\u0131l\u0131b, fak\u00fclt\u0259nin g\u0259l\u0259c\u0259k f\u0259aliyy\u0259t istiqam\u0259tl\u0259ri v\u0259 t\u0259drisin keyfiyy\u0259tinin daha da y\u00fcks\u0259ldilm\u0259si il\u0259 ba\u011fl\u0131 t\u0259klifl\u0259r dinl\u0259nilib.<\/p>\n","protected":false},"author":8,"featured_media":13524,"comment_status":"closed","ping_status":"closed","sticky":false,"template":"","format":"standard","meta":{"footnotes":""},"categories":[330,14,22],"tags":[],"class_list":["post-13520","post","type-post","status-publish","format-standard","has-post-thumbnail","hentry","category-elmi-sura","category-kafedralar","category-professor-mullim"],"_links":{"self":[{"href":"https:\/\/iif.gdu.edu.az\/index.php?rest_route=\/wp\/v2\/posts\/13520","targetHints":{"allow":["GET"]}}],"collection":[{"href":"https:\/\/iif.gdu.edu.az\/index.php?rest_route=\/wp\/v2\/posts"}],"about":[{"href":"https:\/\/iif.gdu.edu.az\/index.php?rest_route=\/wp\/v2\/types\/post"}],"author":[{"embeddable":true,"href":"https:\/\/iif.gdu.edu.az\/index.php?rest_route=\/wp\/v2\/users\/8"}],"replies":[{"embeddable":true,"href":"https:\/\/iif.gdu.edu.az\/index.php?rest_route=%2Fwp%2Fv2%2Fcomments&post=13520"}],"version-history":[{"count":2,"href":"https:\/\/iif.gdu.edu.az\/index.php?rest_route=\/wp\/v2\/posts\/13520\/revisions"}],"predecessor-version":[{"id":13532,"href":"https:\/\/iif.gdu.edu.az\/index.php?rest_route=\/wp\/v2\/posts\/13520\/revisions\/13532"}],"wp:featuredmedia":[{"embeddable":true,"href":"https:\/\/iif.gdu.edu.az\/index.php?rest_route=\/wp\/v2\/media\/13524"}],"wp:attachment":[{"href":"https:\/\/iif.gdu.edu.az\/index.php?rest_route=%2Fwp%2Fv2%2Fmedia&parent=13520"}],"wp:term":[{"taxonomy":"category","embeddable":true,"href":"https:\/\/iif.gdu.edu.az\/index.php?rest_route=%2Fwp%2Fv2%2Fcategories&post=13520"},{"taxonomy":"post_tag","embeddable":true,"href":"https:\/\/iif.gdu.edu.az\/index.php?rest_route=%2Fwp%2Fv2%2Ftags&post=13520"}],"curies":[{"name":"wp","href":"https:\/\/api.w.org\/{rel}","templated":true}]}}