{"id":5183,"date":"2021-12-24T08:00:44","date_gmt":"2021-12-24T06:00:44","guid":{"rendered":"http:\/\/iif.gdu.edu.az\/?p=5183"},"modified":"2021-12-22T09:59:30","modified_gmt":"2021-12-22T07:59:30","slug":"24-dekabr-az%c9%99rbaycan-respublikasinin-prezidenti-muz%c9%99ff%c9%99r-ali-bas-komandan-ilham-%c9%99liyevin-ad-gunudur","status":"publish","type":"post","link":"https:\/\/iif.gdu.edu.az\/?p=5183","title":{"rendered":"24 dekabr Az\u0259rbaycan Respublikas\u0131n\u0131n Prezidenti,  M\u00fcz\u0259ff\u0259r Ali Ba\u015f Komandan \u0130lham \u018fliyevin ad g\u00fcn\u00fcd\u00fcr!"},"content":{"rendered":"\n<figure class=\"wp-block-image size-large\"><img loading=\"lazy\" decoding=\"async\" width=\"720\" height=\"504\" src=\"http:\/\/iif.gdu.edu.az\/wp-content\/uploads\/2021\/12\/image_380x240_5e4558d9202f7.jpg\" alt=\"\" class=\"wp-image-5184\"\/><\/figure>\n\n\n\n<p>Bu m\u00fcnasib\u0259tl\u0259 \u0130qtisadiyyat v\u0259 idar\u0259etm\u0259 fak\u00fclt\u0259sinin professor &#8211; m\u00fc\u0259llim hey\u0259ti v\u0259 t\u0259l\u0259b\u0259l\u0259ri ad\u0131ndan onu t\u0259brik edir, C\u0259nab Prezident\u0259 uzun \u00f6m\u00fcr can sa\u011fl\u0131\u011f\u0131 arzu edirik!<\/p>\n","protected":false},"excerpt":{"rendered":"<p>Bu m\u00fcnasib\u0259tl\u0259 \u0130qtisadiyyat v\u0259 idar\u0259etm\u0259 fak\u00fclt\u0259sinin professor &#8211; m\u00fc\u0259llim hey\u0259ti v\u0259 t\u0259l\u0259b\u0259l\u0259ri ad\u0131ndan onu t\u0259brik edir, C\u0259nab Prezident\u0259 uzun \u00f6m\u00fcr can sa\u011fl\u0131\u011f\u0131 arzu edirik!<\/p>\n","protected":false},"author":6,"featured_media":0,"comment_status":"closed","ping_status":"closed","sticky":false,"template":"","format":"standard","meta":{"footnotes":""},"categories":[1],"tags":[],"class_list":["post-5183","post","type-post","status-publish","format-standard","hentry","category-sas"],"_links":{"self":[{"href":"https:\/\/iif.gdu.edu.az\/index.php?rest_route=\/wp\/v2\/posts\/5183","targetHints":{"allow":["GET"]}}],"collection":[{"href":"https:\/\/iif.gdu.edu.az\/index.php?rest_route=\/wp\/v2\/posts"}],"about":[{"href":"https:\/\/iif.gdu.edu.az\/index.php?rest_route=\/wp\/v2\/types\/post"}],"author":[{"embeddable":true,"href":"https:\/\/iif.gdu.edu.az\/index.php?rest_route=\/wp\/v2\/users\/6"}],"replies":[{"embeddable":true,"href":"https:\/\/iif.gdu.edu.az\/index.php?rest_route=%2Fwp%2Fv2%2Fcomments&post=5183"}],"version-history":[{"count":1,"href":"https:\/\/iif.gdu.edu.az\/index.php?rest_route=\/wp\/v2\/posts\/5183\/revisions"}],"predecessor-version":[{"id":5185,"href":"https:\/\/iif.gdu.edu.az\/index.php?rest_route=\/wp\/v2\/posts\/5183\/revisions\/5185"}],"wp:attachment":[{"href":"https:\/\/iif.gdu.edu.az\/index.php?rest_route=%2Fwp%2Fv2%2Fmedia&parent=5183"}],"wp:term":[{"taxonomy":"category","embeddable":true,"href":"https:\/\/iif.gdu.edu.az\/index.php?rest_route=%2Fwp%2Fv2%2Fcategories&post=5183"},{"taxonomy":"post_tag","embeddable":true,"href":"https:\/\/iif.gdu.edu.az\/index.php?rest_route=%2Fwp%2Fv2%2Ftags&post=5183"}],"curies":[{"name":"wp","href":"https:\/\/api.w.org\/{rel}","templated":true}]}}