{"id":5199,"date":"2021-12-30T13:02:46","date_gmt":"2021-12-30T11:02:46","guid":{"rendered":"http:\/\/iif.gdu.edu.az\/?p=5199"},"modified":"2021-12-30T13:02:47","modified_gmt":"2021-12-30T11:02:47","slug":"31-dekabr-2021-ci-il-tarixind%c9%99-butun-dunya-yeni-ili-qeyd-edir-lakin-az%c9%99rbaycan-xalqi-ucun-bu-gun-ikiqat-bayramdir-h%c9%99min-gun-biz-h%c9%99mcinin-dunya-az%c9%99rbaycanlilarinin-h","status":"publish","type":"post","link":"https:\/\/iif.gdu.edu.az\/?p=5199","title":{"rendered":"31 dekabr 2021-ci il tarixind\u0259  b\u00fct\u00fcn D\u00fcnya  Yeni ili   qeyd edir. Lakin Az\u0259rbaycan xalq\u0131 \u00fc\u00e7\u00fcn bu g\u00fcn ikiqat bayramd\u0131r. H\u0259min g\u00fcn biz h\u0259m\u00e7inin D\u00fcnya Az\u0259rbaycanl\u0131lar\u0131n\u0131n H\u0259mr\u0259ylik g\u00fcn\u00fcn\u00fc d\u0259 qeyd edirik. H\u0259r iki bayram m\u00fcnasib\u0259til\u0259  Fak\u00fclt\u0259 kollektivi ad\u0131ndan b\u00fct\u00fcn xalq\u0131m\u0131z\u0131 ba\u015fda Prezidentimiz \u0130lham \u018fliyev v\u0259 vitse-prezidentimiz Mehriban  xan\u0131m \u018fliyeva olmaqla t\u0259brik edirik!"},"content":{"rendered":"\n<figure class=\"wp-block-image size-large\"><img loading=\"lazy\" decoding=\"async\" width=\"710\" height=\"444\" src=\"http:\/\/iif.gdu.edu.az\/wp-content\/uploads\/2021\/12\/1637842870_1637840549_kxklgh.jpg\" alt=\"\" class=\"wp-image-5201\"\/><\/figure>\n","protected":false},"excerpt":{"rendered":"","protected":false},"author":6,"featured_media":0,"comment_status":"closed","ping_status":"closed","sticky":false,"template":"","format":"standard","meta":{"footnotes":""},"categories":[1],"tags":[],"class_list":["post-5199","post","type-post","status-publish","format-standard","hentry","category-sas"],"_links":{"self":[{"href":"https:\/\/iif.gdu.edu.az\/index.php?rest_route=\/wp\/v2\/posts\/5199","targetHints":{"allow":["GET"]}}],"collection":[{"href":"https:\/\/iif.gdu.edu.az\/index.php?rest_route=\/wp\/v2\/posts"}],"about":[{"href":"https:\/\/iif.gdu.edu.az\/index.php?rest_route=\/wp\/v2\/types\/post"}],"author":[{"embeddable":true,"href":"https:\/\/iif.gdu.edu.az\/index.php?rest_route=\/wp\/v2\/users\/6"}],"replies":[{"embeddable":true,"href":"https:\/\/iif.gdu.edu.az\/index.php?rest_route=%2Fwp%2Fv2%2Fcomments&post=5199"}],"version-history":[{"count":1,"href":"https:\/\/iif.gdu.edu.az\/index.php?rest_route=\/wp\/v2\/posts\/5199\/revisions"}],"predecessor-version":[{"id":5202,"href":"https:\/\/iif.gdu.edu.az\/index.php?rest_route=\/wp\/v2\/posts\/5199\/revisions\/5202"}],"wp:attachment":[{"href":"https:\/\/iif.gdu.edu.az\/index.php?rest_route=%2Fwp%2Fv2%2Fmedia&parent=5199"}],"wp:term":[{"taxonomy":"category","embeddable":true,"href":"https:\/\/iif.gdu.edu.az\/index.php?rest_route=%2Fwp%2Fv2%2Fcategories&post=5199"},{"taxonomy":"post_tag","embeddable":true,"href":"https:\/\/iif.gdu.edu.az\/index.php?rest_route=%2Fwp%2Fv2%2Ftags&post=5199"}],"curies":[{"name":"wp","href":"https:\/\/api.w.org\/{rel}","templated":true}]}}