{"id":5446,"date":"2022-04-21T08:21:00","date_gmt":"2022-04-21T06:21:00","guid":{"rendered":"http:\/\/iif.gdu.edu.az\/?p=5446"},"modified":"2022-04-22T08:24:12","modified_gmt":"2022-04-22T06:24:12","slug":"universitetd%c9%99-elmi-suranin-novb%c9%99ti-iclasi-kecirilmisdir","status":"publish","type":"post","link":"https:\/\/iif.gdu.edu.az\/?p=5446","title":{"rendered":"UN\u0130VERS\u0130TETD\u018f ELM\u0130 \u015eURANIN N\u00d6VB\u018fT\u0130 \u0130CLASI KE\u00c7\u0130R\u0130LM\u0130\u015eD\u0130R"},"content":{"rendered":"\n<p>&nbsp;&nbsp; &nbsp;&nbsp; G\u0259nc\u0259 D\u00f6vl\u0259t Universitetind\u0259 Elmi \u015euran\u0131n n\u00f6vb\u0259ti iclas\u0131 ke\u00e7irilmi\u015fdir.&nbsp; Elmi \u015eura \u00f6z i\u015fin\u0259 ba\u015flamazdan \u0259vv\u0259l rektor Yusif Yusibov \u00e7\u0131x\u0131\u015f ed\u0259r\u0259k uzun ill\u0259r universitetd\u0259 \u00e7al\u0131\u015fan, bu ali t\u0259hsil oca\u011f\u0131n\u0131n ictimai-siyasi h\u0259yat\u0131nda f\u0259all\u0131q g\u00f6s\u0259r\u0259n v\u0259 bu g\u00fcnl\u0259rd\u0259&nbsp; 65 ya\u015f\u0131 tamam olan pedaqoji fakult\u0259nin dekan\u0131 Bayram Apoyevi yubileyi m\u00fcnasib\u0259til\u0259 t\u0259brik ed\u0259r\u0259k ona rektorluq ad\u0131ndan F\u0259xri f\u0259rman, universitetin Azad H\u0259mkarlar \u0130ttifaq\u0131 Komit\u0259sinin s\u0259dri Afaq Qas\u0131mova is\u0259 xatir\u0259 h\u0259diyy\u0259si vermi\u015fdir.<\/p>\n\n\n\n<p>&nbsp;&nbsp;&nbsp;&nbsp;&nbsp;&nbsp;&nbsp;&nbsp;&nbsp; Sonra rektor \u201cArximed-25\u201d yeni texnologiyalar v\u0259 innovasiyalar m\u00fcsabiq\u0259sin\u0259 t\u0259qdim edil\u0259n qur\u011fuya g\u00f6r\u0259&nbsp; Q\u0131z\u0131l medala layiq g\u00f6r\u00fcl\u0259n&nbsp; universitetin fizika kafedras\u0131n\u0131n dosenti Vaqif R\u00fcst\u0259mova h\u0259min medal\u0131 t\u0259qdim etmi\u015fdir.<\/p>\n\n\n\n<p>Universitetin rektoru, professor Yusif Yusibov \u015fura \u00fczvl\u0259rini g\u00fcnd\u0259likd\u0259 duran m\u0259s\u0259l\u0259l\u0259rl\u0259 tan\u0131\u015f etdikd\u0259n sonra m\u00fczakir\u0259l\u0259r\u0259 ba\u015flan\u0131lm\u0131\u015fd\u0131r. Birinci m\u0259s\u0259l\u0259-\u201cAkkreditasiya Komissiyas\u0131n\u0131n t\u00f6vsiyy\u0259l\u0259ri il\u0259 \u0259laq\u0259dar haz\u0131rlanm\u0131\u015f f\u0259aliyy\u0259t istiqam\u0259tl\u0259rin\u0259 uy\u011fun yerin\u0259 yetirilmi\u015f i\u015fl\u0259rin hesabat\u0131\u201d il\u0259 universitetin \u0130nnovasiyalar Departamentinin s\u0259dri Vasif H\u0259s\u0259novun, \u201cFakult\u0259l\u0259rd\u0259 pay\u0131z imtahan sessiyas\u0131n\u0131n yekunlar\u0131 il\u0259 \u0259laq\u0259dar s\u0259n\u0259dl\u0259rin yoxlanmas\u0131 \u00fc\u00e7\u00fcn yarad\u0131lm\u0131\u015f komissiyalar\u0131n \u00fcmumil\u0259\u015fdirilmi\u015f m\u0259lumat\u0131\u201d il\u0259 T\u0259dris Departamentinin r\u0259hb\u0259ri Elturan Yusifovun \u00e7\u0131x\u0131\u015flar\u0131 dinl\u0259nil\u0259r\u0259k m\u00fczakir\u0259 edilmi\u015fdir.<\/p>\n\n\n\n<p>&nbsp;&nbsp;&nbsp;&nbsp;&nbsp;&nbsp;&nbsp;&nbsp;&nbsp; Sonra universitetin musiqi f\u0259nl\u0259ri kafedras\u0131 v\u0259 Magistratura \u015f\u00f6b\u0259si m\u00fcdirl\u0259rinin 5 illik hesabatlar\u0131 dinl\u0259nil\u0259r\u0259k m\u00fczakir\u0259 olunmu\u015fdur. H\u0259r iki hesabat Elmi \u015eura \u00fczvl\u0259rinin \u00e7\u0131x\u0131\u015flar\u0131ndan sonra q\u0259na\u0259tb\u0259x\u015f hesab edilmi\u015fdir.<\/p>\n\n\n\n<p>&nbsp;&nbsp;&nbsp;&nbsp;&nbsp;&nbsp;&nbsp;&nbsp;&nbsp; Elmi \u015eurada riyazi analiz v\u0259 botanika kafedralar\u0131n\u0131n dosent elmi ad\u0131n\u0131 alma\u011fa dair v\u0259sat\u0259tin qald\u0131r\u0131lmas\u0131na bax\u0131lm\u0131\u015f, \u00fcmumi pedaqoji kafedras\u0131nda bo\u015f olan dosent yerin\u0259 se\u00e7ki ke\u00e7irilmi\u015fdir.<\/p>\n\n\n\n<p>&nbsp;&nbsp;&nbsp;&nbsp;&nbsp;&nbsp;&nbsp;&nbsp;&nbsp; Elmi \u015eura cari m\u0259s\u0259l\u0259l\u0259rin m\u00fczakir\u0259si il\u0259 \u00f6z i\u015fini ba\u015fa \u00e7atd\u0131rm\u0131\u015fd\u0131r. M\u0259tbuat v\u0259 ictimaiyy\u0259tl\u0259 \u0259laq\u0259l\u0259r xidm\u0259ti.<\/p>\n\n\n\n<figure class=\"wp-block-gallery columns-3 is-cropped wp-block-gallery-1 is-layout-flex wp-block-gallery-is-layout-flex\"><ul class=\"blocks-gallery-grid\"><li class=\"blocks-gallery-item\"><figure><img loading=\"lazy\" decoding=\"async\" width=\"1536\" height=\"1024\" src=\"http:\/\/iif.gdu.edu.az\/wp-content\/uploads\/2022\/04\/IMG_3836-1536x1024-3.jpg\" alt=\"\" data-id=\"5458\" data-link=\"http:\/\/iif.gdu.edu.az\/?attachment_id=5458#main\" class=\"wp-image-5458\" srcset=\"https:\/\/iif.gdu.edu.az\/wp-content\/uploads\/2022\/04\/IMG_3836-1536x1024-3.jpg 1536w, https:\/\/iif.gdu.edu.az\/wp-content\/uploads\/2022\/04\/IMG_3836-1536x1024-3-768x512.jpg 768w, https:\/\/iif.gdu.edu.az\/wp-content\/uploads\/2022\/04\/IMG_3836-1536x1024-3-960x640.jpg 960w, https:\/\/iif.gdu.edu.az\/wp-content\/uploads\/2022\/04\/IMG_3836-1536x1024-3-480x320.jpg 480w, https:\/\/iif.gdu.edu.az\/wp-content\/uploads\/2022\/04\/IMG_3836-1536x1024-3-320x213.jpg 320w, https:\/\/iif.gdu.edu.az\/wp-content\/uploads\/2022\/04\/IMG_3836-1536x1024-3-240x160.jpg 240w\" sizes=\"auto, (max-width: 1536px) 100vw, 1536px\" \/><\/figure><\/li><li class=\"blocks-gallery-item\"><figure><img loading=\"lazy\" decoding=\"async\" width=\"1536\" height=\"1024\" src=\"http:\/\/iif.gdu.edu.az\/wp-content\/uploads\/2022\/04\/IMG_3867-1-1536x1024-4.jpg\" alt=\"\" data-id=\"5459\" data-link=\"http:\/\/iif.gdu.edu.az\/?attachment_id=5459#main\" class=\"wp-image-5459\" srcset=\"https:\/\/iif.gdu.edu.az\/wp-content\/uploads\/2022\/04\/IMG_3867-1-1536x1024-4.jpg 1536w, https:\/\/iif.gdu.edu.az\/wp-content\/uploads\/2022\/04\/IMG_3867-1-1536x1024-4-768x512.jpg 768w, https:\/\/iif.gdu.edu.az\/wp-content\/uploads\/2022\/04\/IMG_3867-1-1536x1024-4-960x640.jpg 960w, https:\/\/iif.gdu.edu.az\/wp-content\/uploads\/2022\/04\/IMG_3867-1-1536x1024-4-480x320.jpg 480w, https:\/\/iif.gdu.edu.az\/wp-content\/uploads\/2022\/04\/IMG_3867-1-1536x1024-4-320x213.jpg 320w, https:\/\/iif.gdu.edu.az\/wp-content\/uploads\/2022\/04\/IMG_3867-1-1536x1024-4-240x160.jpg 240w\" sizes=\"auto, (max-width: 1536px) 100vw, 1536px\" \/><\/figure><\/li><li class=\"blocks-gallery-item\"><figure><img loading=\"lazy\" decoding=\"async\" width=\"1536\" height=\"1024\" src=\"http:\/\/iif.gdu.edu.az\/wp-content\/uploads\/2022\/04\/IMG_3910-1536x1024-3.jpg\" alt=\"\" data-id=\"5460\" data-full-url=\"http:\/\/iif.gdu.edu.az\/wp-content\/uploads\/2022\/04\/IMG_3910-1536x1024-3.jpg\" data-link=\"http:\/\/iif.gdu.edu.az\/?attachment_id=5460#main\" class=\"wp-image-5460\" srcset=\"https:\/\/iif.gdu.edu.az\/wp-content\/uploads\/2022\/04\/IMG_3910-1536x1024-3.jpg 1536w, https:\/\/iif.gdu.edu.az\/wp-content\/uploads\/2022\/04\/IMG_3910-1536x1024-3-768x512.jpg 768w, https:\/\/iif.gdu.edu.az\/wp-content\/uploads\/2022\/04\/IMG_3910-1536x1024-3-960x640.jpg 960w, https:\/\/iif.gdu.edu.az\/wp-content\/uploads\/2022\/04\/IMG_3910-1536x1024-3-480x320.jpg 480w, https:\/\/iif.gdu.edu.az\/wp-content\/uploads\/2022\/04\/IMG_3910-1536x1024-3-320x213.jpg 320w, https:\/\/iif.gdu.edu.az\/wp-content\/uploads\/2022\/04\/IMG_3910-1536x1024-3-240x160.jpg 240w\" sizes=\"auto, (max-width: 1536px) 100vw, 1536px\" \/><\/figure><\/li><li class=\"blocks-gallery-item\"><figure><img loading=\"lazy\" decoding=\"async\" width=\"1536\" height=\"1024\" src=\"http:\/\/iif.gdu.edu.az\/wp-content\/uploads\/2022\/04\/IMG_3887-1536x1024-3.jpg\" alt=\"\" data-id=\"5454\" class=\"wp-image-5454\" srcset=\"https:\/\/iif.gdu.edu.az\/wp-content\/uploads\/2022\/04\/IMG_3887-1536x1024-3.jpg 1536w, https:\/\/iif.gdu.edu.az\/wp-content\/uploads\/2022\/04\/IMG_3887-1536x1024-3-768x512.jpg 768w, https:\/\/iif.gdu.edu.az\/wp-content\/uploads\/2022\/04\/IMG_3887-1536x1024-3-960x640.jpg 960w, https:\/\/iif.gdu.edu.az\/wp-content\/uploads\/2022\/04\/IMG_3887-1536x1024-3-480x320.jpg 480w, https:\/\/iif.gdu.edu.az\/wp-content\/uploads\/2022\/04\/IMG_3887-1536x1024-3-320x213.jpg 320w, https:\/\/iif.gdu.edu.az\/wp-content\/uploads\/2022\/04\/IMG_3887-1536x1024-3-240x160.jpg 240w\" sizes=\"auto, (max-width: 1536px) 100vw, 1536px\" \/><\/figure><\/li><\/ul><\/figure>\n","protected":false},"excerpt":{"rendered":"<p>&nbsp;&nbsp; &nbsp;&nbsp; G\u0259nc\u0259 D\u00f6vl\u0259t Universitetind\u0259 Elmi \u015euran\u0131n n\u00f6vb\u0259ti iclas\u0131 ke\u00e7irilmi\u015fdir.&nbsp; Elmi \u015eura \u00f6z i\u015fin\u0259 ba\u015flamazdan \u0259vv\u0259l rektor Yusif Yusibov \u00e7\u0131x\u0131\u015f ed\u0259r\u0259k uzun ill\u0259r universitetd\u0259 \u00e7al\u0131\u015fan, bu ali t\u0259hsil oca\u011f\u0131n\u0131n ictimai-siyasi h\u0259yat\u0131nda f\u0259all\u0131q g\u00f6s\u0259r\u0259n v\u0259 bu g\u00fcnl\u0259rd\u0259&nbsp; 65 ya\u015f\u0131 tamam olan pedaqoji fakult\u0259nin dekan\u0131 Bayram Apoyevi yubileyi m\u00fcnasib\u0259til\u0259 t\u0259brik ed\u0259r\u0259k ona rektorluq ad\u0131ndan F\u0259xri f\u0259rman, universitetin [&hellip;]<\/p>\n","protected":false},"author":6,"featured_media":5450,"comment_status":"closed","ping_status":"closed","sticky":false,"template":"","format":"standard","meta":{"footnotes":""},"categories":[1],"tags":[],"class_list":["post-5446","post","type-post","status-publish","format-standard","has-post-thumbnail","hentry","category-sas"],"_links":{"self":[{"href":"https:\/\/iif.gdu.edu.az\/index.php?rest_route=\/wp\/v2\/posts\/5446","targetHints":{"allow":["GET"]}}],"collection":[{"href":"https:\/\/iif.gdu.edu.az\/index.php?rest_route=\/wp\/v2\/posts"}],"about":[{"href":"https:\/\/iif.gdu.edu.az\/index.php?rest_route=\/wp\/v2\/types\/post"}],"author":[{"embeddable":true,"href":"https:\/\/iif.gdu.edu.az\/index.php?rest_route=\/wp\/v2\/users\/6"}],"replies":[{"embeddable":true,"href":"https:\/\/iif.gdu.edu.az\/index.php?rest_route=%2Fwp%2Fv2%2Fcomments&post=5446"}],"version-history":[{"count":1,"href":"https:\/\/iif.gdu.edu.az\/index.php?rest_route=\/wp\/v2\/posts\/5446\/revisions"}],"predecessor-version":[{"id":5461,"href":"https:\/\/iif.gdu.edu.az\/index.php?rest_route=\/wp\/v2\/posts\/5446\/revisions\/5461"}],"wp:featuredmedia":[{"embeddable":true,"href":"https:\/\/iif.gdu.edu.az\/index.php?rest_route=\/wp\/v2\/media\/5450"}],"wp:attachment":[{"href":"https:\/\/iif.gdu.edu.az\/index.php?rest_route=%2Fwp%2Fv2%2Fmedia&parent=5446"}],"wp:term":[{"taxonomy":"category","embeddable":true,"href":"https:\/\/iif.gdu.edu.az\/index.php?rest_route=%2Fwp%2Fv2%2Fcategories&post=5446"},{"taxonomy":"post_tag","embeddable":true,"href":"https:\/\/iif.gdu.edu.az\/index.php?rest_route=%2Fwp%2Fv2%2Ftags&post=5446"}],"curies":[{"name":"wp","href":"https:\/\/api.w.org\/{rel}","templated":true}]}}