{"id":5642,"date":"2022-05-28T08:40:00","date_gmt":"2022-05-28T06:40:00","guid":{"rendered":"http:\/\/iif.gdu.edu.az\/?p=5642"},"modified":"2022-05-29T08:57:35","modified_gmt":"2022-05-29T06:57:35","slug":"28-may-respublika-gunu-tariximizin-%c9%99n-sanli-v%c9%99-parlaq-s%c9%99hif%c9%99l%c9%99rind%c9%99ndir","status":"publish","type":"post","link":"https:\/\/iif.gdu.edu.az\/?p=5642","title":{"rendered":"28 May \u2013 Respublika G\u00fcn\u00fc tariximizin \u0259n \u015fanl\u0131 v\u0259 parlaq s\u0259hif\u0259l\u0259rind\u0259ndir"},"content":{"rendered":"\n<p><strong>Y\u00fcz d\u00f6rd il bundan \u0259vv\u0259l &#8211; 1918-ci il may\u0131n 28-d\u0259 Az\u0259rbaycan Xalq C\u00fcmhuriyy\u0259tinin yarad\u0131lmas\u0131 \u00f6lk\u0259mizin h\u0259yat\u0131na b\u00f6y\u00fck tarixi hadis\u0259 kimi daxil oldu. M\u00fcst\u0259qil, azad, demokratik respublika qurmaq m\u0259qs\u0259dini qar\u015f\u0131ya qoyan Az\u0259rbaycan Xalq C\u00fcmhuriyy\u0259ti c\u0259mi 23 ayl\u0131q f\u0259aliyy\u0259ti d\u00f6vr\u00fcnd\u0259 xalq\u0131n milli m\u0259nlik \u015f\u00fcurunu \u00f6z\u00fcn\u0259 qaytard\u0131, onun \u00f6z m\u00fcq\u0259dd\u0259rat\u0131n\u0131 t\u0259yin etm\u0259y\u0259 qadir oldu\u011funu n\u00fcmayi\u015f etdirdi. 1918-ci il may\u0131n 28-d\u0259 q\u0259bul edil\u0259n \u0130stiqlal B\u0259yannam\u0259sind\u0259n &#8211; \u018fqdnam\u0259d\u0259n d\u0259 g\u00f6r\u00fcnd\u00fcy\u00fc kimi, bu m\u00f6ht\u0259\u015f\u0259m tarix xalq\u0131m\u0131z\u0131n m\u00fcst\u0259qillik hissl\u0259rini daha da g\u00fccl\u0259ndirdi.<\/strong><\/p>\n\n\n\n<figure class=\"wp-block-image size-large\"><img loading=\"lazy\" decoding=\"async\" width=\"1280\" height=\"720\" src=\"https:\/\/iif.gdu.edu.az\/wp-content\/uploads\/2022\/05\/download-2.jpg\" alt=\"\" class=\"wp-image-5646\" srcset=\"https:\/\/iif.gdu.edu.az\/wp-content\/uploads\/2022\/05\/download-2.jpg 1280w, https:\/\/iif.gdu.edu.az\/wp-content\/uploads\/2022\/05\/download-2-768x432.jpg 768w\" sizes=\"auto, (max-width: 1280px) 100vw, 1280px\" \/><\/figure>\n\n\n\n<p><\/p>\n\n\n\n<p><\/p>\n","protected":false},"excerpt":{"rendered":"<p>Y\u00fcz d\u00f6rd il bundan \u0259vv\u0259l &#8211; 1918-ci il may\u0131n 28-d\u0259 Az\u0259rbaycan Xalq C\u00fcmhuriyy\u0259tinin yarad\u0131lmas\u0131 \u00f6lk\u0259mizin h\u0259yat\u0131na b\u00f6y\u00fck tarixi hadis\u0259 kimi daxil oldu. M\u00fcst\u0259qil, azad, demokratik respublika qurmaq m\u0259qs\u0259dini qar\u015f\u0131ya qoyan Az\u0259rbaycan Xalq C\u00fcmhuriyy\u0259ti c\u0259mi 23 ayl\u0131q f\u0259aliyy\u0259ti d\u00f6vr\u00fcnd\u0259 xalq\u0131n milli m\u0259nlik \u015f\u00fcurunu \u00f6z\u00fcn\u0259 qaytard\u0131, onun \u00f6z m\u00fcq\u0259dd\u0259rat\u0131n\u0131 t\u0259yin etm\u0259y\u0259 qadir oldu\u011funu n\u00fcmayi\u015f etdirdi. 1918-ci il [&hellip;]<\/p>\n","protected":false},"author":6,"featured_media":5646,"comment_status":"closed","ping_status":"closed","sticky":false,"template":"","format":"standard","meta":{"footnotes":""},"categories":[1],"tags":[],"class_list":["post-5642","post","type-post","status-publish","format-standard","has-post-thumbnail","hentry","category-sas"],"_links":{"self":[{"href":"https:\/\/iif.gdu.edu.az\/index.php?rest_route=\/wp\/v2\/posts\/5642","targetHints":{"allow":["GET"]}}],"collection":[{"href":"https:\/\/iif.gdu.edu.az\/index.php?rest_route=\/wp\/v2\/posts"}],"about":[{"href":"https:\/\/iif.gdu.edu.az\/index.php?rest_route=\/wp\/v2\/types\/post"}],"author":[{"embeddable":true,"href":"https:\/\/iif.gdu.edu.az\/index.php?rest_route=\/wp\/v2\/users\/6"}],"replies":[{"embeddable":true,"href":"https:\/\/iif.gdu.edu.az\/index.php?rest_route=%2Fwp%2Fv2%2Fcomments&post=5642"}],"version-history":[{"count":3,"href":"https:\/\/iif.gdu.edu.az\/index.php?rest_route=\/wp\/v2\/posts\/5642\/revisions"}],"predecessor-version":[{"id":5647,"href":"https:\/\/iif.gdu.edu.az\/index.php?rest_route=\/wp\/v2\/posts\/5642\/revisions\/5647"}],"wp:featuredmedia":[{"embeddable":true,"href":"https:\/\/iif.gdu.edu.az\/index.php?rest_route=\/wp\/v2\/media\/5646"}],"wp:attachment":[{"href":"https:\/\/iif.gdu.edu.az\/index.php?rest_route=%2Fwp%2Fv2%2Fmedia&parent=5642"}],"wp:term":[{"taxonomy":"category","embeddable":true,"href":"https:\/\/iif.gdu.edu.az\/index.php?rest_route=%2Fwp%2Fv2%2Fcategories&post=5642"},{"taxonomy":"post_tag","embeddable":true,"href":"https:\/\/iif.gdu.edu.az\/index.php?rest_route=%2Fwp%2Fv2%2Ftags&post=5642"}],"curies":[{"name":"wp","href":"https:\/\/api.w.org\/{rel}","templated":true}]}}