{"id":5688,"date":"2022-06-21T08:57:00","date_gmt":"2022-06-21T06:57:00","guid":{"rendered":"http:\/\/iif.gdu.edu.az\/?p=5688"},"modified":"2022-06-24T09:09:37","modified_gmt":"2022-06-24T07:09:37","slug":"t%c9%99crub%c9%99ci-t%c9%99l%c9%99b%c9%99l%c9%99r%c9%99-sertifikatlar-t%c9%99qdim-olunmusdur","status":"publish","type":"post","link":"https:\/\/iif.gdu.edu.az\/?p=5688","title":{"rendered":"T\u0259cr\u00fcb\u0259\u00e7i t\u0259l\u0259b\u0259l\u0259r\u0259 sertifikatlar t\u0259qdim olunmu\u015fdur"},"content":{"rendered":"\n<p>20.06.2022-ci il tarixind\u0259n V\u0259t\u0259nda\u015flara xidm\u0259t Sosial \u0130nnovasiyalar \u00fczr\u0259 D\u00f6vl\u0259t Agentliyinin 1 sayl\u0131 G\u0259nc\u0259 regional Asan xidm\u0259t m\u0259rk\u0259zind\u0259 \u0130qtisadiyyat v\u0259 idar\u0259etm\u0259 fak\u00fclt\u0259sinin t\u0259cr\u00fcb\u0259\u00e7i t\u0259l\u0259b\u0259l\u0259ri il\u0259 m\u00fc\u0259ssis\u0259nin direktoru Turqut Mustafazad\u0259 il\u0259 g\u00f6r\u00fc\u015f\u00fc ke\u00e7irilmi\u015fdir. T\u0259dbird\u0259 T\u0259cr\u00fcb\u0259 v\u0259 karyera \u015f\u00f6b\u0259sinin m\u00fcdiri Cabbar Qarayev v\u0259 Asan xidm\u0259t m\u0259rk\u0259zinin \u0259m\u0259kda\u015flar\u0131 i\u015ftirak&nbsp; edirdil\u0259r.<\/p>\n\n\n\n<p>Az\u0259rbaycan Respublikas\u0131n\u0131n Nazirl\u0259r kabinetinin 19 sentyabr 2008-ci il tarixli 221 sayl\u0131 q\u0259rar\u0131na \u0259sas\u0259n ali t\u0259hsil m\u00fc\u0259ssis\u0259l\u0259rinin t\u0259l\u0259b\u0259l\u0259rinin ixtisas \u00fczr\u0259 t\u0259cr\u00fcb\u0259l\u0259rin ke\u00e7irilm\u0259si Universitet il\u0259 istehsalat m\u00fc\u0259ssis\u0259si aras\u0131nda ikit\u0259r\u0259fli \u0259m\u0259kda\u015fl\u0131q m\u00fcqavil\u0259si \u0259sas\u0131nda h\u0259yata ke\u00e7irilir. 1 sayl\u0131 Asan xidm\u0259t M\u0259rk\u0259zinin direktoru Turqut Mustafazad\u0259 \u0130stehsalat t\u0259cr\u00fcb\u0259si m\u00fcdd\u0259tind\u0259 t\u0259cr\u00fcb\u0259\u00e7i t\u0259l\u0259b\u0259l\u0259rin h\u0259min m\u00fc\u0259ssis\u0259nin nizam \u2013intizam qaydalar\u0131na \u0259m\u0259l etdikl\u0259rini, h\u0259min m\u00fc\u0259ssis\u0259nin t\u0259cr\u00fcb\u0259li i\u015f\u00e7il\u0259ri il\u0259 b\u0259rab\u0259r v\u0259t\u0259nda\u015flara xidm\u0259t g\u00f6st\u0259rdikl\u0259rini, m\u00fc\u0259ssis\u0259nin qar\u015f\u0131ya qoydu\u011fu idar\u0259etm\u0259 orqanlar\u0131n\u0131n i\u015f t\u0259cr\u00fcb\u0259si il\u0259 yax\u0131ndan tan\u0131\u015f olduqlar\u0131n\u0131 qeyd etdi. T\u0259cr\u00fcb\u0259 m\u00fcdd\u0259tind\u0259 f\u0259rql\u0259n\u0259n t\u0259cr\u00fcb\u0259\u00e7i t\u0259l\u0259b\u0259l\u0259r\u0259 sertifiqatlar t\u0259qdim olundu.<\/p>\n\n\n\n<figure class=\"wp-block-gallery columns-3 is-cropped wp-block-gallery-1 is-layout-flex wp-block-gallery-is-layout-flex\"><ul class=\"blocks-gallery-grid\"><li class=\"blocks-gallery-item\"><figure><img loading=\"lazy\" decoding=\"async\" width=\"2560\" height=\"1707\" src=\"http:\/\/iif.gdu.edu.az\/wp-content\/uploads\/2022\/06\/IMG_8321-1-scaled.jpg\" alt=\"\" data-id=\"5689\" data-full-url=\"http:\/\/iif.gdu.edu.az\/wp-content\/uploads\/2022\/06\/IMG_8321-1-scaled.jpg\" data-link=\"http:\/\/iif.gdu.edu.az\/?attachment_id=5689#main\" class=\"wp-image-5689\" srcset=\"https:\/\/iif.gdu.edu.az\/wp-content\/uploads\/2022\/06\/IMG_8321-1-scaled.jpg 2560w, https:\/\/iif.gdu.edu.az\/wp-content\/uploads\/2022\/06\/IMG_8321-1-768x512.jpg 768w, https:\/\/iif.gdu.edu.az\/wp-content\/uploads\/2022\/06\/IMG_8321-1-1536x1024.jpg 1536w, https:\/\/iif.gdu.edu.az\/wp-content\/uploads\/2022\/06\/IMG_8321-1-2048x1365.jpg 2048w, https:\/\/iif.gdu.edu.az\/wp-content\/uploads\/2022\/06\/IMG_8321-1-960x640.jpg 960w, https:\/\/iif.gdu.edu.az\/wp-content\/uploads\/2022\/06\/IMG_8321-1-480x320.jpg 480w, https:\/\/iif.gdu.edu.az\/wp-content\/uploads\/2022\/06\/IMG_8321-1-320x213.jpg 320w, https:\/\/iif.gdu.edu.az\/wp-content\/uploads\/2022\/06\/IMG_8321-1-240x160.jpg 240w\" sizes=\"auto, (max-width: 2560px) 100vw, 2560px\" \/><\/figure><\/li><li class=\"blocks-gallery-item\"><figure><img loading=\"lazy\" decoding=\"async\" width=\"1707\" height=\"2560\" src=\"http:\/\/iif.gdu.edu.az\/wp-content\/uploads\/2022\/06\/IMG_8324-scaled.jpg\" alt=\"\" data-id=\"5690\" data-full-url=\"http:\/\/iif.gdu.edu.az\/wp-content\/uploads\/2022\/06\/IMG_8324-scaled.jpg\" data-link=\"http:\/\/iif.gdu.edu.az\/?attachment_id=5690#main\" class=\"wp-image-5690\" srcset=\"https:\/\/iif.gdu.edu.az\/wp-content\/uploads\/2022\/06\/IMG_8324-scaled.jpg 1707w, https:\/\/iif.gdu.edu.az\/wp-content\/uploads\/2022\/06\/IMG_8324-768x1152.jpg 768w, https:\/\/iif.gdu.edu.az\/wp-content\/uploads\/2022\/06\/IMG_8324-1024x1536.jpg 1024w, https:\/\/iif.gdu.edu.az\/wp-content\/uploads\/2022\/06\/IMG_8324-1365x2048.jpg 1365w\" sizes=\"auto, (max-width: 1707px) 100vw, 1707px\" \/><\/figure><\/li><li class=\"blocks-gallery-item\"><figure><img loading=\"lazy\" decoding=\"async\" width=\"2560\" height=\"1707\" src=\"http:\/\/iif.gdu.edu.az\/wp-content\/uploads\/2022\/06\/IMG_8319-scaled.jpg\" alt=\"\" data-id=\"5691\" data-full-url=\"http:\/\/iif.gdu.edu.az\/wp-content\/uploads\/2022\/06\/IMG_8319-scaled.jpg\" data-link=\"http:\/\/iif.gdu.edu.az\/?attachment_id=5691#main\" class=\"wp-image-5691\" srcset=\"https:\/\/iif.gdu.edu.az\/wp-content\/uploads\/2022\/06\/IMG_8319-scaled.jpg 2560w, https:\/\/iif.gdu.edu.az\/wp-content\/uploads\/2022\/06\/IMG_8319-768x512.jpg 768w, https:\/\/iif.gdu.edu.az\/wp-content\/uploads\/2022\/06\/IMG_8319-1536x1024.jpg 1536w, https:\/\/iif.gdu.edu.az\/wp-content\/uploads\/2022\/06\/IMG_8319-2048x1365.jpg 2048w, https:\/\/iif.gdu.edu.az\/wp-content\/uploads\/2022\/06\/IMG_8319-960x640.jpg 960w, https:\/\/iif.gdu.edu.az\/wp-content\/uploads\/2022\/06\/IMG_8319-480x320.jpg 480w, https:\/\/iif.gdu.edu.az\/wp-content\/uploads\/2022\/06\/IMG_8319-320x213.jpg 320w, https:\/\/iif.gdu.edu.az\/wp-content\/uploads\/2022\/06\/IMG_8319-240x160.jpg 240w\" sizes=\"auto, (max-width: 2560px) 100vw, 2560px\" \/><\/figure><\/li><\/ul><\/figure>\n\n\n\n<p><\/p>\n\n\n\n<p>T\u0259dbirin sonunda t\u0259cr\u00fcb\u0259\u00e7i t\u0259l\u0259b\u0259l\u0259r m\u00fc\u0259ssis\u0259nin r\u0259hb\u0259rliyi il\u0259 xatir\u0259 \u015f\u0259kill\u0259ri \u00e7\u0259kdirdil\u0259r.<\/p>\n","protected":false},"excerpt":{"rendered":"<p>20.06.2022-ci il tarixind\u0259n V\u0259t\u0259nda\u015flara xidm\u0259t Sosial \u0130nnovasiyalar \u00fczr\u0259 D\u00f6vl\u0259t Agentliyinin 1 sayl\u0131 G\u0259nc\u0259 regional Asan xidm\u0259t m\u0259rk\u0259zind\u0259 \u0130qtisadiyyat v\u0259 idar\u0259etm\u0259 fak\u00fclt\u0259sinin t\u0259cr\u00fcb\u0259\u00e7i t\u0259l\u0259b\u0259l\u0259ri il\u0259 m\u00fc\u0259ssis\u0259nin direktoru Turqut Mustafazad\u0259 il\u0259 g\u00f6r\u00fc\u015f\u00fc ke\u00e7irilmi\u015fdir. T\u0259dbird\u0259 T\u0259cr\u00fcb\u0259 v\u0259 karyera \u015f\u00f6b\u0259sinin m\u00fcdiri Cabbar Qarayev v\u0259 Asan xidm\u0259t m\u0259rk\u0259zinin \u0259m\u0259kda\u015flar\u0131 i\u015ftirak&nbsp; edirdil\u0259r. Az\u0259rbaycan Respublikas\u0131n\u0131n Nazirl\u0259r kabinetinin 19 sentyabr 2008-ci il tarixli [&hellip;]<\/p>\n","protected":false},"author":6,"featured_media":0,"comment_status":"closed","ping_status":"closed","sticky":false,"template":"","format":"standard","meta":{"footnotes":""},"categories":[1],"tags":[],"class_list":["post-5688","post","type-post","status-publish","format-standard","hentry","category-sas"],"_links":{"self":[{"href":"https:\/\/iif.gdu.edu.az\/index.php?rest_route=\/wp\/v2\/posts\/5688","targetHints":{"allow":["GET"]}}],"collection":[{"href":"https:\/\/iif.gdu.edu.az\/index.php?rest_route=\/wp\/v2\/posts"}],"about":[{"href":"https:\/\/iif.gdu.edu.az\/index.php?rest_route=\/wp\/v2\/types\/post"}],"author":[{"embeddable":true,"href":"https:\/\/iif.gdu.edu.az\/index.php?rest_route=\/wp\/v2\/users\/6"}],"replies":[{"embeddable":true,"href":"https:\/\/iif.gdu.edu.az\/index.php?rest_route=%2Fwp%2Fv2%2Fcomments&post=5688"}],"version-history":[{"count":3,"href":"https:\/\/iif.gdu.edu.az\/index.php?rest_route=\/wp\/v2\/posts\/5688\/revisions"}],"predecessor-version":[{"id":5694,"href":"https:\/\/iif.gdu.edu.az\/index.php?rest_route=\/wp\/v2\/posts\/5688\/revisions\/5694"}],"wp:attachment":[{"href":"https:\/\/iif.gdu.edu.az\/index.php?rest_route=%2Fwp%2Fv2%2Fmedia&parent=5688"}],"wp:term":[{"taxonomy":"category","embeddable":true,"href":"https:\/\/iif.gdu.edu.az\/index.php?rest_route=%2Fwp%2Fv2%2Fcategories&post=5688"},{"taxonomy":"post_tag","embeddable":true,"href":"https:\/\/iif.gdu.edu.az\/index.php?rest_route=%2Fwp%2Fv2%2Ftags&post=5688"}],"curies":[{"name":"wp","href":"https:\/\/api.w.org\/{rel}","templated":true}]}}