{"id":5704,"date":"2022-06-26T09:58:00","date_gmt":"2022-06-26T07:58:00","guid":{"rendered":"http:\/\/iif.gdu.edu.az\/?p=5704"},"modified":"2022-06-25T10:02:06","modified_gmt":"2022-06-25T08:02:06","slug":"26-iyun-az%c9%99rbaycan-respublikasi-silahli-quvv%c9%99l%c9%99r-gunudur-2","status":"publish","type":"post","link":"https:\/\/iif.gdu.edu.az\/?p=5704","title":{"rendered":"26 iyun &#8211; Az\u0259rbaycan Respublikas\u0131 Silahl\u0131 Q\u00fcvv\u0259l\u0259r G\u00fcn\u00fcd\u00fcr"},"content":{"rendered":"\n<p>&nbsp; 1918-ci il may\u0131n 28-d\u0259 yaranm\u0131\u015f Az\u0259rbaycan Demokratik Respublikas\u0131 c\u0259mi 23 ay ya\u015famas\u0131na baxmayaraq, \u00f6lk\u0259d\u0259 \u00e7ox b\u00f6y\u00fck i\u015fl\u0259r g\u00f6rm\u00fc\u015fd\u00fcr. Bu i\u015fl\u0259rd\u0259n biri d\u0259 ordu quruculu\u011fu sah\u0259sind\u0259 g\u00f6r\u00fcl\u0259n t\u0259dbirl\u0259rdir. Az\u0259rbaycan Demokratik Respublikas\u0131 h\u00f6kum\u0259tinin q\u0259rar\u0131 il\u0259 1918-ci il iyunun 26-da ilk h\u0259rbi hiss\u0259 &#8211; \u0259lahidd\u0259 korpus yarand\u0131.&nbsp;<img decoding=\"async\" alt=\"\" src=\"https:\/\/cdn.trt.net.tr\/images\/1af6\/0846\/ce81\/5b310647db181.jpg\">Bu q\u0259rar \u015e\u0259rqin m\u00fcs\u0259lman al\u0259mind\u0259 ilk demokratik h\u00f6kum\u0259tin \u00f6z ordusunu yaratmas\u0131na h\u00fcquqi \u0259sas verdi. Bunun ard\u0131nca \u00f6lk\u0259d\u0259 h\u0259rbi m\u00fck\u0259ll\u0259fiyy\u0259t &#8211; orduya \u00e7a\u011f\u0131r\u0131\u015f haqq\u0131nda h\u00f6kum\u0259t t\u0259r\u0259find\u0259n f\u0259rman verildi. Az bir vaxt \u0259rzind\u0259 Az\u0259rbaycanda milli ordu quruculu\u011funda \u0259sasl\u0131 n\u0259tic\u0259l\u0259r \u0259ld\u0259 olundu.<\/p>\n\n\n\n<p>\u00a0 \u0130lk d\u0259f\u0259 Az\u0259rbaycan Respublikas\u0131 Prezidentinin 1992-ci il 18 sentyabr tarixli f\u0259rman\u0131 il\u0259 t\u0259sis edilmi\u015f v\u0259 1991-ci ild\u0259 Az\u0259rbaycan\u0131n d\u00f6vl\u0259t m\u00fcst\u0259qilliyinin b\u0259rpas\u0131ndan sonra Az\u0259rbaycan ordusunun yarad\u0131lmas\u0131 bar\u0259d\u0259 Az\u0259rbaycan Ali Sovetinin q\u0259rar\u0131n\u0131n q\u0259bul edildiyi tarix \u2013 9 oktyabr, Az\u0259rbaycan Respublikas\u0131 Silahl\u0131 Q\u00fcvv\u0259l\u0259ri g\u00fcn\u00fc elan edilmi\u015fdir. Az\u0259rbaycan Respublikas\u0131 Prezidentinin 22 may 1998-ci il tarixli F\u0259rman\u0131na \u0259sas\u0259n h\u0259min f\u0259rman q\u00fcvv\u0259d\u0259n d\u00fc\u015f\u00fcr\u00fclm\u00fc\u015f v\u0259 26 iyun tarixi Az\u0259rbaycan Respublikas\u0131 Silahl\u0131 Q\u00fcvv\u0259l\u0259ri g\u00fcn\u00fc elan edilmi\u015fdir.<\/p>\n\n\n\n<figure class=\"wp-block-image size-large\"><img loading=\"lazy\" decoding=\"async\" width=\"225\" height=\"225\" src=\"http:\/\/iif.gdu.edu.az\/wp-content\/uploads\/2022\/06\/download-1.jpg\" alt=\"\" class=\"wp-image-5705\"\/><\/figure>\n\n\n\n<p><\/p>\n","protected":false},"excerpt":{"rendered":"<p>&nbsp; 1918-ci il may\u0131n 28-d\u0259 yaranm\u0131\u015f Az\u0259rbaycan Demokratik Respublikas\u0131 c\u0259mi 23 ay ya\u015famas\u0131na baxmayaraq, \u00f6lk\u0259d\u0259 \u00e7ox b\u00f6y\u00fck i\u015fl\u0259r g\u00f6rm\u00fc\u015fd\u00fcr. Bu i\u015fl\u0259rd\u0259n biri d\u0259 ordu quruculu\u011fu sah\u0259sind\u0259 g\u00f6r\u00fcl\u0259n t\u0259dbirl\u0259rdir. Az\u0259rbaycan Demokratik Respublikas\u0131 h\u00f6kum\u0259tinin q\u0259rar\u0131 il\u0259 1918-ci il iyunun 26-da ilk h\u0259rbi hiss\u0259 &#8211; \u0259lahidd\u0259 korpus yarand\u0131.&nbsp;Bu q\u0259rar \u015e\u0259rqin m\u00fcs\u0259lman al\u0259mind\u0259 ilk demokratik h\u00f6kum\u0259tin \u00f6z ordusunu yaratmas\u0131na [&hellip;]<\/p>\n","protected":false},"author":6,"featured_media":5705,"comment_status":"closed","ping_status":"closed","sticky":false,"template":"","format":"standard","meta":{"footnotes":""},"categories":[1],"tags":[],"class_list":["post-5704","post","type-post","status-publish","format-standard","has-post-thumbnail","hentry","category-sas"],"_links":{"self":[{"href":"https:\/\/iif.gdu.edu.az\/index.php?rest_route=\/wp\/v2\/posts\/5704","targetHints":{"allow":["GET"]}}],"collection":[{"href":"https:\/\/iif.gdu.edu.az\/index.php?rest_route=\/wp\/v2\/posts"}],"about":[{"href":"https:\/\/iif.gdu.edu.az\/index.php?rest_route=\/wp\/v2\/types\/post"}],"author":[{"embeddable":true,"href":"https:\/\/iif.gdu.edu.az\/index.php?rest_route=\/wp\/v2\/users\/6"}],"replies":[{"embeddable":true,"href":"https:\/\/iif.gdu.edu.az\/index.php?rest_route=%2Fwp%2Fv2%2Fcomments&post=5704"}],"version-history":[{"count":1,"href":"https:\/\/iif.gdu.edu.az\/index.php?rest_route=\/wp\/v2\/posts\/5704\/revisions"}],"predecessor-version":[{"id":5706,"href":"https:\/\/iif.gdu.edu.az\/index.php?rest_route=\/wp\/v2\/posts\/5704\/revisions\/5706"}],"wp:featuredmedia":[{"embeddable":true,"href":"https:\/\/iif.gdu.edu.az\/index.php?rest_route=\/wp\/v2\/media\/5705"}],"wp:attachment":[{"href":"https:\/\/iif.gdu.edu.az\/index.php?rest_route=%2Fwp%2Fv2%2Fmedia&parent=5704"}],"wp:term":[{"taxonomy":"category","embeddable":true,"href":"https:\/\/iif.gdu.edu.az\/index.php?rest_route=%2Fwp%2Fv2%2Fcategories&post=5704"},{"taxonomy":"post_tag","embeddable":true,"href":"https:\/\/iif.gdu.edu.az\/index.php?rest_route=%2Fwp%2Fv2%2Ftags&post=5704"}],"curies":[{"name":"wp","href":"https:\/\/api.w.org\/{rel}","templated":true}]}}