{"id":5708,"date":"2022-07-09T08:44:08","date_gmt":"2022-07-09T06:44:08","guid":{"rendered":"http:\/\/iif.gdu.edu.az\/?p=5708"},"modified":"2022-07-09T08:48:46","modified_gmt":"2022-07-09T06:48:46","slug":"bu-gun-muq%c9%99dd%c9%99s-qurban-bayramidir","status":"publish","type":"post","link":"https:\/\/iif.gdu.edu.az\/?p=5708","title":{"rendered":"Bu g\u00fcn M\u00fcq\u0259dd\u0259s Qurban Bayram\u0131d\u0131r."},"content":{"rendered":"\n<p>Bu xeyirli g\u00fcnd\u0259 h\u0259r k\u0259s ist\u0259r ki, sevdikl\u0259ri, yax\u0131nlar\u0131 il\u0259 birlikd\u0259 olsun, onlarla birlikd\u0259 bayram\u0131 qeyd etsin. Bizd\u0259 \u00f6z n\u00f6vb\u0259mizd\u0259 fak\u00fclt\u0259 olaraq bu bayramda Universitetin b\u00fct\u00fcn kollektivini ba\u015fda \u0259n cox sevdiyimiz v\u0259 d\u0259y\u0259r verdiyimiz  professor Yusif Yusibov olmaqla  t\u0259brik edir, sa\u011flaml\u0131q v\u0259 ruzi b\u0259r\u0259k\u0259t arzu edirik. <\/p>\n\n\n\n<figure class=\"wp-block-gallery columns-2 is-cropped wp-block-gallery-1 is-layout-flex wp-block-gallery-is-layout-flex\"><ul class=\"blocks-gallery-grid\"><li class=\"blocks-gallery-item\"><figure><img loading=\"lazy\" decoding=\"async\" width=\"225\" height=\"225\" src=\"http:\/\/iif.gdu.edu.az\/wp-content\/uploads\/2022\/07\/download.jpg\" alt=\"\" data-id=\"5709\" data-full-url=\"http:\/\/iif.gdu.edu.az\/wp-content\/uploads\/2022\/07\/download.jpg\" data-link=\"http:\/\/iif.gdu.edu.az\/?attachment_id=5709#main\" class=\"wp-image-5709\"\/><\/figure><\/li><li class=\"blocks-gallery-item\"><figure><img loading=\"lazy\" decoding=\"async\" width=\"302\" height=\"167\" src=\"http:\/\/iif.gdu.edu.az\/wp-content\/uploads\/2022\/07\/1.jpg\" alt=\"\" data-id=\"5710\" data-full-url=\"http:\/\/iif.gdu.edu.az\/wp-content\/uploads\/2022\/07\/1.jpg\" data-link=\"http:\/\/iif.gdu.edu.az\/?attachment_id=5710#main\" class=\"wp-image-5710\"\/><\/figure><\/li><\/ul><\/figure>\n\n\n\n<p><\/p>\n","protected":false},"excerpt":{"rendered":"<p>Bu xeyirli g\u00fcnd\u0259 h\u0259r k\u0259s ist\u0259r ki, sevdikl\u0259ri, yax\u0131nlar\u0131 il\u0259 birlikd\u0259 olsun, onlarla birlikd\u0259 bayram\u0131 qeyd etsin. Bizd\u0259 \u00f6z n\u00f6vb\u0259mizd\u0259 fak\u00fclt\u0259 olaraq bu bayramda Universitetin b\u00fct\u00fcn kollektivini ba\u015fda \u0259n cox sevdiyimiz v\u0259 d\u0259y\u0259r verdiyimiz professor Yusif Yusibov olmaqla t\u0259brik edir, sa\u011flaml\u0131q v\u0259 ruzi b\u0259r\u0259k\u0259t arzu edirik.<\/p>\n","protected":false},"author":6,"featured_media":5710,"comment_status":"closed","ping_status":"closed","sticky":false,"template":"","format":"standard","meta":{"footnotes":""},"categories":[1],"tags":[],"class_list":["post-5708","post","type-post","status-publish","format-standard","has-post-thumbnail","hentry","category-sas"],"_links":{"self":[{"href":"https:\/\/iif.gdu.edu.az\/index.php?rest_route=\/wp\/v2\/posts\/5708","targetHints":{"allow":["GET"]}}],"collection":[{"href":"https:\/\/iif.gdu.edu.az\/index.php?rest_route=\/wp\/v2\/posts"}],"about":[{"href":"https:\/\/iif.gdu.edu.az\/index.php?rest_route=\/wp\/v2\/types\/post"}],"author":[{"embeddable":true,"href":"https:\/\/iif.gdu.edu.az\/index.php?rest_route=\/wp\/v2\/users\/6"}],"replies":[{"embeddable":true,"href":"https:\/\/iif.gdu.edu.az\/index.php?rest_route=%2Fwp%2Fv2%2Fcomments&post=5708"}],"version-history":[{"count":1,"href":"https:\/\/iif.gdu.edu.az\/index.php?rest_route=\/wp\/v2\/posts\/5708\/revisions"}],"predecessor-version":[{"id":5711,"href":"https:\/\/iif.gdu.edu.az\/index.php?rest_route=\/wp\/v2\/posts\/5708\/revisions\/5711"}],"wp:featuredmedia":[{"embeddable":true,"href":"https:\/\/iif.gdu.edu.az\/index.php?rest_route=\/wp\/v2\/media\/5710"}],"wp:attachment":[{"href":"https:\/\/iif.gdu.edu.az\/index.php?rest_route=%2Fwp%2Fv2%2Fmedia&parent=5708"}],"wp:term":[{"taxonomy":"category","embeddable":true,"href":"https:\/\/iif.gdu.edu.az\/index.php?rest_route=%2Fwp%2Fv2%2Fcategories&post=5708"},{"taxonomy":"post_tag","embeddable":true,"href":"https:\/\/iif.gdu.edu.az\/index.php?rest_route=%2Fwp%2Fv2%2Ftags&post=5708"}],"curies":[{"name":"wp","href":"https:\/\/api.w.org\/{rel}","templated":true}]}}