{"id":5719,"date":"2022-09-15T15:16:00","date_gmt":"2022-09-15T13:16:00","guid":{"rendered":"http:\/\/iif.gdu.edu.az\/?p=5719"},"modified":"2022-10-01T15:17:42","modified_gmt":"2022-10-01T13:17:42","slug":"bilik-gunu","status":"publish","type":"post","link":"https:\/\/iif.gdu.edu.az\/?p=5719","title":{"rendered":"Bilik G\u00fcn\u00fc"},"content":{"rendered":"\n<p><strong>Bilik G\u00fcn\u00fc<\/strong>&nbsp;\u2014 Az\u0259rbaycanda&nbsp;<a href=\"https:\/\/az.wikipedia.org\/wiki\/M%C9%99kt%C9%99b\">m\u0259kt\u0259bl\u0259rd\u0259<\/a>&nbsp;d\u0259rsl\u0259rin ba\u015flad\u0131\u011f\u0131 g\u00fcn qeyd edilir. 2004-c\u00fc il\u0259 q\u0259d\u0259r h\u0259min g\u00fcn sentyabr\u0131n 1-n\u0259 t\u0259sad\u00fcf edirdi. Lakin Az\u0259rbaycan Respublikas\u0131n\u0131n Prezidenti&nbsp;<a href=\"https:\/\/az.wikipedia.org\/wiki\/%C4%B0lham_%C6%8Fliyev\">\u0130lham \u018fliyevin<\/a>&nbsp;<a href=\"https:\/\/az.wikipedia.org\/wiki\/21_avqust\">21 avqust<\/a>&nbsp;<a href=\"https:\/\/az.wikipedia.org\/wiki\/2004\">2004<\/a>-c\u00fc il tarixli f\u0259rman\u0131 il\u0259 Az\u0259rbaycan\u0131n b\u00fct\u00fcn t\u0259hsil m\u00fc\u0259ssis\u0259l\u0259rind\u0259 d\u0259rsl\u0259rin&nbsp;<a href=\"https:\/\/az.wikipedia.org\/wiki\/15_sentyabr\">15 sentyabrdan<\/a>&nbsp;ba\u015flanmas\u0131 q\u0259rara al\u0131nm\u0131\u015f, bel\u0259likl\u0259, h\u0259min g\u00fcn Bilik G\u00fcn\u00fc elan edilmi\u015fdir.<\/p>\n\n\n\n<figure class=\"wp-block-image size-large\"><img loading=\"lazy\" decoding=\"async\" width=\"1280\" height=\"720\" src=\"http:\/\/iif.gdu.edu.az\/wp-content\/uploads\/2022\/10\/maxresdefault.jpg\" alt=\"\" class=\"wp-image-5720\" srcset=\"https:\/\/iif.gdu.edu.az\/wp-content\/uploads\/2022\/10\/maxresdefault.jpg 1280w, https:\/\/iif.gdu.edu.az\/wp-content\/uploads\/2022\/10\/maxresdefault-768x432.jpg 768w\" sizes=\"auto, (max-width: 1280px) 100vw, 1280px\" \/><\/figure>\n\n\n\n<h2 class=\"wp-block-heading\" id=\"mw-toc-heading\"><\/h2>\n\n\n\n<ul class=\"wp-block-list\"><li><a href=\"https:\/\/az.wikipedia.org\/wiki\/Bilik_G%C3%BCn%C3%BC#%C4%B0slamda_elm%C9%99_m%C3%BCnasib%C9%99t\">1\u0130slamda elm\u0259 m\u00fcnasib\u0259t<\/a><\/li><li><a href=\"https:\/\/az.wikipedia.org\/wiki\/Bilik_G%C3%BCn%C3%BC#Az%C9%99rbaycanda_elm%C9%99_m%C3%BCnasib%C9%99t\">2Az\u0259rbaycanda elm\u0259 m\u00fcnasib\u0259t<\/a><\/li><li><a href=\"https:\/\/az.wikipedia.org\/wiki\/Bilik_G%C3%BCn%C3%BC#%C4%B0stinadlar\">3\u0130stinadlar<\/a><\/li><li><a href=\"https:\/\/az.wikipedia.org\/wiki\/Bilik_G%C3%BCn%C3%BC#H%C9%99m%C3%A7inin_bax\">4H\u0259m\u00e7inin bax<\/a><\/li><\/ul>\n","protected":false},"excerpt":{"rendered":"<p>Bilik G\u00fcn\u00fc&nbsp;\u2014 Az\u0259rbaycanda&nbsp;m\u0259kt\u0259bl\u0259rd\u0259&nbsp;d\u0259rsl\u0259rin ba\u015flad\u0131\u011f\u0131 g\u00fcn qeyd edilir. 2004-c\u00fc il\u0259 q\u0259d\u0259r h\u0259min g\u00fcn sentyabr\u0131n 1-n\u0259 t\u0259sad\u00fcf edirdi. Lakin Az\u0259rbaycan Respublikas\u0131n\u0131n Prezidenti&nbsp;\u0130lham \u018fliyevin&nbsp;21 avqust&nbsp;2004-c\u00fc il tarixli f\u0259rman\u0131 il\u0259 Az\u0259rbaycan\u0131n b\u00fct\u00fcn t\u0259hsil m\u00fc\u0259ssis\u0259l\u0259rind\u0259 d\u0259rsl\u0259rin&nbsp;15 sentyabrdan&nbsp;ba\u015flanmas\u0131 q\u0259rara al\u0131nm\u0131\u015f, bel\u0259likl\u0259, h\u0259min g\u00fcn Bilik G\u00fcn\u00fc elan edilmi\u015fdir. 1\u0130slamda elm\u0259 m\u00fcnasib\u0259t 2Az\u0259rbaycanda elm\u0259 m\u00fcnasib\u0259t 3\u0130stinadlar 4H\u0259m\u00e7inin bax<\/p>\n","protected":false},"author":6,"featured_media":5720,"comment_status":"closed","ping_status":"closed","sticky":false,"template":"","format":"standard","meta":{"footnotes":""},"categories":[1],"tags":[],"class_list":["post-5719","post","type-post","status-publish","format-standard","has-post-thumbnail","hentry","category-sas"],"_links":{"self":[{"href":"https:\/\/iif.gdu.edu.az\/index.php?rest_route=\/wp\/v2\/posts\/5719","targetHints":{"allow":["GET"]}}],"collection":[{"href":"https:\/\/iif.gdu.edu.az\/index.php?rest_route=\/wp\/v2\/posts"}],"about":[{"href":"https:\/\/iif.gdu.edu.az\/index.php?rest_route=\/wp\/v2\/types\/post"}],"author":[{"embeddable":true,"href":"https:\/\/iif.gdu.edu.az\/index.php?rest_route=\/wp\/v2\/users\/6"}],"replies":[{"embeddable":true,"href":"https:\/\/iif.gdu.edu.az\/index.php?rest_route=%2Fwp%2Fv2%2Fcomments&post=5719"}],"version-history":[{"count":1,"href":"https:\/\/iif.gdu.edu.az\/index.php?rest_route=\/wp\/v2\/posts\/5719\/revisions"}],"predecessor-version":[{"id":5721,"href":"https:\/\/iif.gdu.edu.az\/index.php?rest_route=\/wp\/v2\/posts\/5719\/revisions\/5721"}],"wp:featuredmedia":[{"embeddable":true,"href":"https:\/\/iif.gdu.edu.az\/index.php?rest_route=\/wp\/v2\/media\/5720"}],"wp:attachment":[{"href":"https:\/\/iif.gdu.edu.az\/index.php?rest_route=%2Fwp%2Fv2%2Fmedia&parent=5719"}],"wp:term":[{"taxonomy":"category","embeddable":true,"href":"https:\/\/iif.gdu.edu.az\/index.php?rest_route=%2Fwp%2Fv2%2Fcategories&post=5719"},{"taxonomy":"post_tag","embeddable":true,"href":"https:\/\/iif.gdu.edu.az\/index.php?rest_route=%2Fwp%2Fv2%2Ftags&post=5719"}],"curies":[{"name":"wp","href":"https:\/\/api.w.org\/{rel}","templated":true}]}}