{"id":5728,"date":"2022-09-27T15:29:00","date_gmt":"2022-09-27T13:29:00","guid":{"rendered":"http:\/\/iif.gdu.edu.az\/?p=5728"},"modified":"2022-10-01T15:31:33","modified_gmt":"2022-10-01T13:31:33","slug":"anim-gunu","status":"publish","type":"post","link":"https:\/\/iif.gdu.edu.az\/?p=5728","title":{"rendered":"An\u0131m G\u00fcn\u00fc"},"content":{"rendered":"\n<p>Prezident&nbsp;<a href=\"https:\/\/az.wikipedia.org\/wiki\/%C4%B0lham_%C6%8Fliyev\">\u0130lham \u018fliyev<\/a>&nbsp;<a href=\"https:\/\/az.wikipedia.org\/wiki\/%C4%B0kinci_Qaraba%C4%9F_m%C3%BCharib%C9%99si\">\u0130kinci Qaraba\u011f m\u00fcharib\u0259si<\/a>&nbsp;bitdikd\u0259n sonra V\u0259t\u0259n m\u00fcharib\u0259sinin ba\u015flad\u0131\u011f\u0131 g\u00fcn\u00fc &#8220;An\u0131m G\u00fcn\u00fc&#8221; kimi qeyd etm\u0259k bar\u0259d\u0259 s\u0259r\u0259ncam vermi\u015fdir. 2020-ci il dekabr\u0131n 2-d\u0259 \u0130lham \u018fliyev Az\u0259rbaycan Respublikas\u0131nda An\u0131m G\u00fcn\u00fcn\u00fcn t\u0259sis edilm\u0259si haqq\u0131nda S\u0259r\u0259ncam imzalam\u0131\u015fd\u0131r.<\/p>\n\n\n\n<p>S\u0259r\u0259ncamda qeyd olunur ki, &#8220;D\u00f6vl\u0259t V\u0259t\u0259n m\u00fcharib\u0259sind\u0259 i\u015ftirak etmi\u015f Az\u0259rbaycan\u0131n m\u00fcbariz o\u011ful v\u0259 q\u0131zlar\u0131n\u0131n \u015f\u00fcca\u0259tini y\u00fcks\u0259k qiym\u0259tl\u0259ndirilir, b\u00fct\u00fcn \u015f\u0259hidl\u0259rimizin ruhuna ehtiram g\u00f6st\u0259rilir, xatir\u0259sini uca tutur. V\u0259t\u0259n m\u00fcharib\u0259sind\u0259 q\u0259hr\u0259mancas\u0131na d\u00f6y\u00fc\u015fm\u00fc\u015f, Az\u0259rbaycan Bayra\u011f\u0131n\u0131 i\u015f\u011faldan azad edil\u0259n torpaqlar\u0131m\u0131zda dal\u011faland\u0131rm\u0131\u015f, \u00f6lk\u0259mizin \u0259razi b\u00fct\u00f6vl\u00fcy\u00fc yolunda canlar\u0131n\u0131 f\u0259da etmi\u015f \u0259sg\u0259r v\u0259 zabitl\u0259rimiz\u0259, b\u00fct\u00fcn \u015f\u0259hidl\u0259rimiz\u0259 d\u0259rin ehtiram \u0259lam\u0259ti olaraq, Az\u0259rbaycan Respublikas\u0131 Konstitusiyas\u0131n\u0131n 109-cu madd\u0259sinin 32-ci b\u0259ndini r\u0259hb\u0259r tutaraq, q\u0259rara al\u0131ram:<\/p>\n\n\n\n<ol class=\"wp-block-list\"><li>H\u0259r il sentyabr\u0131n 27-si Az\u0259rbaycan Respublikas\u0131nda An\u0131m G\u00fcn\u00fc kimi qeyd edilsin.<\/li><li>Az\u0259rbaycan Respublikas\u0131n\u0131n Nazirl\u0259r Kabineti bu S\u0259r\u0259ncamdan ir\u0259li g\u0259l\u0259n m\u0259s\u0259l\u0259l\u0259ri h\u0259ll etsin&#8221;.<\/li><\/ol>\n\n\n\n<figure class=\"wp-block-gallery columns-1 is-cropped wp-block-gallery-1 is-layout-flex wp-block-gallery-is-layout-flex\"><ul class=\"blocks-gallery-grid\"><li class=\"blocks-gallery-item\"><figure><img loading=\"lazy\" decoding=\"async\" width=\"200\" height=\"200\" src=\"http:\/\/iif.gdu.edu.az\/wp-content\/uploads\/2022\/10\/V\u0259t\u0259n_m\u00fcharib\u0259sinin_An\u0131m_G\u00fcn\u00fcn\u00fcn_r\u0259mzi_olan_Xar\u0131_b\u00fclb\u00fcl.png\" alt=\"\" data-id=\"5729\" data-full-url=\"http:\/\/iif.gdu.edu.az\/wp-content\/uploads\/2022\/10\/V\u0259t\u0259n_m\u00fcharib\u0259sinin_An\u0131m_G\u00fcn\u00fcn\u00fcn_r\u0259mzi_olan_Xar\u0131_b\u00fclb\u00fcl.png\" data-link=\"http:\/\/iif.gdu.edu.az\/?attachment_id=5729#main\" class=\"wp-image-5729\"\/><\/figure><\/li><\/ul><\/figure>\n\n\n\n<p><\/p>\n","protected":false},"excerpt":{"rendered":"<p>Prezident&nbsp;\u0130lham \u018fliyev&nbsp;\u0130kinci Qaraba\u011f m\u00fcharib\u0259si&nbsp;bitdikd\u0259n sonra V\u0259t\u0259n m\u00fcharib\u0259sinin ba\u015flad\u0131\u011f\u0131 g\u00fcn\u00fc &#8220;An\u0131m G\u00fcn\u00fc&#8221; kimi qeyd etm\u0259k bar\u0259d\u0259 s\u0259r\u0259ncam vermi\u015fdir. 2020-ci il dekabr\u0131n 2-d\u0259 \u0130lham \u018fliyev Az\u0259rbaycan Respublikas\u0131nda An\u0131m G\u00fcn\u00fcn\u00fcn t\u0259sis edilm\u0259si haqq\u0131nda S\u0259r\u0259ncam imzalam\u0131\u015fd\u0131r. S\u0259r\u0259ncamda qeyd olunur ki, &#8220;D\u00f6vl\u0259t V\u0259t\u0259n m\u00fcharib\u0259sind\u0259 i\u015ftirak etmi\u015f Az\u0259rbaycan\u0131n m\u00fcbariz o\u011ful v\u0259 q\u0131zlar\u0131n\u0131n \u015f\u00fcca\u0259tini y\u00fcks\u0259k qiym\u0259tl\u0259ndirilir, b\u00fct\u00fcn \u015f\u0259hidl\u0259rimizin ruhuna ehtiram g\u00f6st\u0259rilir, xatir\u0259sini [&hellip;]<\/p>\n","protected":false},"author":6,"featured_media":5731,"comment_status":"closed","ping_status":"closed","sticky":false,"template":"","format":"standard","meta":{"footnotes":""},"categories":[1],"tags":[],"class_list":["post-5728","post","type-post","status-publish","format-standard","has-post-thumbnail","hentry","category-sas"],"_links":{"self":[{"href":"https:\/\/iif.gdu.edu.az\/index.php?rest_route=\/wp\/v2\/posts\/5728","targetHints":{"allow":["GET"]}}],"collection":[{"href":"https:\/\/iif.gdu.edu.az\/index.php?rest_route=\/wp\/v2\/posts"}],"about":[{"href":"https:\/\/iif.gdu.edu.az\/index.php?rest_route=\/wp\/v2\/types\/post"}],"author":[{"embeddable":true,"href":"https:\/\/iif.gdu.edu.az\/index.php?rest_route=\/wp\/v2\/users\/6"}],"replies":[{"embeddable":true,"href":"https:\/\/iif.gdu.edu.az\/index.php?rest_route=%2Fwp%2Fv2%2Fcomments&post=5728"}],"version-history":[{"count":2,"href":"https:\/\/iif.gdu.edu.az\/index.php?rest_route=\/wp\/v2\/posts\/5728\/revisions"}],"predecessor-version":[{"id":5732,"href":"https:\/\/iif.gdu.edu.az\/index.php?rest_route=\/wp\/v2\/posts\/5728\/revisions\/5732"}],"wp:featuredmedia":[{"embeddable":true,"href":"https:\/\/iif.gdu.edu.az\/index.php?rest_route=\/wp\/v2\/media\/5731"}],"wp:attachment":[{"href":"https:\/\/iif.gdu.edu.az\/index.php?rest_route=%2Fwp%2Fv2%2Fmedia&parent=5728"}],"wp:term":[{"taxonomy":"category","embeddable":true,"href":"https:\/\/iif.gdu.edu.az\/index.php?rest_route=%2Fwp%2Fv2%2Fcategories&post=5728"},{"taxonomy":"post_tag","embeddable":true,"href":"https:\/\/iif.gdu.edu.az\/index.php?rest_route=%2Fwp%2Fv2%2Ftags&post=5728"}],"curies":[{"name":"wp","href":"https:\/\/api.w.org\/{rel}","templated":true}]}}