{"id":5931,"date":"2022-12-24T08:00:00","date_gmt":"2022-12-24T06:00:00","guid":{"rendered":"http:\/\/iif.gdu.edu.az\/?p=5931"},"modified":"2022-12-23T15:06:28","modified_gmt":"2022-12-23T13:06:28","slug":"bu-gun-tarix-yazan-lider-prezident-ilham-%c9%99liyevin-ad-gunudur","status":"publish","type":"post","link":"https:\/\/iif.gdu.edu.az\/?p=5931","title":{"rendered":"Bu g\u00fcn tarix yazan lider Prezident \u0130lham \u018fliyevin ad g\u00fcn\u00fcd\u00fcr"},"content":{"rendered":"\n<p><\/p>\n\n\n\n<figure class=\"wp-block-image size-large is-resized\"><img loading=\"lazy\" decoding=\"async\" src=\"http:\/\/iif.gdu.edu.az\/wp-content\/uploads\/2022\/12\/images.jpg\" alt=\"\" class=\"wp-image-5933\" width=\"270\" height=\"270\"\/><\/figure>\n\n\n\n<p>24 dekabr &#8211; Az\u0259rbaycan Prezidenti \u0130lham \u018fliyevin do\u011fum g\u00fcn\u00fcd\u00fcr.<\/p>\n\n\n\n<p>\u0130lham Heyd\u0259r o\u011flu \u018fliyev 1961-ci il dekabr\u0131n 24-d\u0259 Bak\u0131 \u015f\u0259h\u0259rind\u0259 anadan olub.<\/p>\n\n\n\n<p>1977-ci ild\u0259 Moskva D\u00f6vl\u0259t Beyn\u0259lxalq \u018flaq\u0259l\u0259r \u0130nstitutuna daxil olub. Oran\u0131 bitirdikd\u0259n sonra, 1982-ci ild\u0259 \u0130nstitutun aspiranturas\u0131na q\u0259bul olub. 1985-ci ild\u0259 dissertasiya m\u00fcdafi\u0259 ed\u0259r\u0259k tarix elml\u0259ri namiz\u0259di d\u0259r\u0259c\u0259si al\u0131b.<\/p>\n\n\n\n<p>1985-1990-c\u0131 ill\u0259rd\u0259 Moskva D\u00f6vl\u0259t Beyn\u0259lxalq \u018flaq\u0259l\u0259r \u0130nstitutunda m\u00fc\u0259llim i\u015fl\u0259yib.<\/p>\n\n\n\n<p>1991-1994-c\u00fc ill\u0259rd\u0259 \u00f6z\u0259l biznes sah\u0259sind\u0259 \u00e7al\u0131\u015f\u0131b v\u0259 bir s\u0131ra istehsalat-kommersiya m\u00fc\u0259ssis\u0259l\u0259rin\u0259 r\u0259hb\u0259rlik edib.<\/p>\n\n\n\n<p>1994-c\u00fc ild\u0259n 2003-c\u00fc ilin avqust ay\u0131nad\u0259k Az\u0259rbaycan Respublikas\u0131 D\u00f6vl\u0259t Neft \u015eirk\u0259tinin vitse-prezidenti, sonra is\u0259 birinci vitse-prezidenti olub. &#8220;Heyd\u0259r \u018fliyevin neft strategiyas\u0131&#8221;n\u0131n h\u0259yata ke\u00e7irilm\u0259sind\u0259 f\u0259al i\u015ftirak edib.<\/p>\n\n\n\n<p>\u0130ki d\u0259f\u0259 1995-ci ild\u0259 v\u0259 2000-ci ild\u0259 Az\u0259rbaycan Respublikas\u0131n\u0131n Milli M\u0259clisin\u0259 \u00fczv se\u00e7ilib.<br>1997-ci ild\u0259n Az\u0259rbaycan Milli Olimpiya Komit\u0259sinin prezidentidir (2016-c\u0131 ild\u0259 d\u00f6vl\u0259t ba\u015f\u00e7\u0131s\u0131 bu v\u0259zif\u0259y\u0259 yenid\u0259n se\u00e7ilib).<\/p>\n\n\n\n<p>1999-cu ild\u0259 hakim Yeni Az\u0259rbaycan Partiyas\u0131n\u0131n s\u0259dr m\u00fcavini, 2001-ci ild\u0259 s\u0259drin birinci m\u00fcavini, 2005-ci ild\u0259 is\u0259 partiyan\u0131n s\u0259dri se\u00e7ilib.<\/p>\n\n\n\n<p>2001-2003-c\u00fc ill\u0259rd\u0259 Avropa \u015euras\u0131 Parlament Assambleyas\u0131nda (A\u015e PA) Az\u0259rbaycan Respublikas\u0131 Milli M\u0259clisinin n\u00fcmay\u0259nd\u0259 hey\u0259tinin r\u0259hb\u0259ri olub.<\/p>\n\n\n\n<p>2003-c\u00fc ilin yanvar ay\u0131nda Avropa \u015euras\u0131 Parlament Assambleyas\u0131n\u0131n s\u0259dr m\u00fcavini, A\u015e PA-n\u0131n B\u00fcro \u00fczv\u00fc se\u00e7ilib.<\/p>\n\n\n\n<p>2003-c\u00fc ild\u0259 Az\u0259rbaycan Respublikas\u0131n\u0131n Ba\u015f naziri v\u0259zif\u0259sin\u0259 t\u0259yin edilm\u0259si il\u0259 \u0259laq\u0259dar olaraq deputat s\u0259lahiyy\u0259tl\u0259rin\u0259 xitam verilib. H\u0259min il avqustun 4-d\u0259 Milli M\u0259clis t\u0259r\u0259find\u0259n Az\u0259rbaycan Respublikas\u0131n\u0131n Ba\u015f naziri v\u0259zif\u0259sin\u0259 t\u0259sdiq edilib.<\/p>\n\n\n\n<p>2003-c\u00fc il oktyabr\u0131n 15-d\u0259 Az\u0259rbaycan Respublikas\u0131n\u0131n Prezidenti se\u00e7ilib. Prezident se\u00e7kil\u0259rind\u0259 se\u00e7icil\u0259rin 76 faizind\u0259n \u00e7oxu \u0130lham \u018fliyevin lehin\u0259 s\u0259s verib. 2003-c\u00fc il oktyabr\u0131n 31-d\u0259 v\u0259zif\u0259sinin icras\u0131na ba\u015flay\u0131b.<\/p>\n\n\n\n<p>2008-ci il oktyabr\u0131n 15-d\u0259 ke\u00e7iril\u0259n se\u00e7kil\u0259rd\u0259 se\u00e7icil\u0259rin 88,73 faiz s\u0259sini toplayan \u0130lham \u018fliyev ikinci d\u0259f\u0259 Az\u0259rbaycan Respublikas\u0131n\u0131n Prezidenti se\u00e7ilib. H\u0259min il oktyabr\u0131n 24-d\u0259 v\u0259zif\u0259sinin icras\u0131na ba\u015flay\u0131b.<\/p>\n\n\n\n<p>2013-c\u00fc il oktyabr\u0131n 9-da \u0130lham \u018fliyev se\u00e7icil\u0259rin b\u00f6y\u00fck \u0259ks\u0259riyy\u0259tinin s\u0259sini (84,54 faiz) qazanaraq be\u015f il m\u00fcdd\u0259tin\u0259 Az\u0259rbaycan Respublikas\u0131n\u0131n Prezidenti se\u00e7ilib. Oktyabr\u0131n 19-da v\u0259zif\u0259sinin icras\u0131na ba\u015flay\u0131b.<\/p>\n\n\n\n<p>2018-ci il aprelin 11-d\u0259 ke\u00e7iril\u0259n Az\u0259rbaycan Prezidenti se\u00e7kil\u0259rind\u0259 \u0130lham \u018fliyev se\u00e7icil\u0259rin 86,02 faiz s\u0259sini toplayaraq inaml\u0131 q\u0259l\u0259b\u0259 qazan\u0131b. H\u0259min il aprelin 18-d\u0259 v\u0259zif\u0259sinin icras\u0131na ba\u015flay\u0131b.<\/p>\n\n\n\n<p>Az\u0259rbaycan xalq\u0131 sabitliy\u0259, dayan\u0131ql\u0131 sosial-iqtisadi inki\u015fafa, t\u0259r\u0259qqiy\u0259, m\u00fcst\u0259qil siyas\u0259t\u0259 s\u0259s verm\u0259kl\u0259 azad v\u0259 demokratik Az\u0259rbaycan Respublikas\u0131n\u0131n xo\u015fb\u0259xt v\u0259 firavan g\u0259l\u0259c\u0259yini t\u0259min edib.<\/p>\n\n\n\n<p>Az\u0259rbaycan bir daha d\u00fcnyaya n\u00fcmayi\u015f etdirdi ki, b\u00fct\u00fcn azadl\u0131qlar\u0131n t\u0259min olundu\u011fu m\u00fcasir, demokratik \u00f6lk\u0259dir.<\/p>\n\n\n\n<p>Prezident se\u00e7kil\u0259rind\u0259n bir il sonra (2019-cu ilin aprelind\u0259) Fransan\u0131n \u201cOpinion Way\u201d Sosioloji T\u0259dqiqatlar \u0130nstitutunun ke\u00e7irdiyi r\u0259y sor\u011fusunun n\u0259tic\u0259l\u0259ri g\u00f6st\u0259rdi ki, \u0259halinin 85 faizd\u0259n \u00e7oxu \u0130lham \u018fliyevin r\u0259hb\u0259rliyi alt\u0131nda apar\u0131lan i\u015fl\u0259ri d\u0259st\u0259kl\u0259yir.<\/p>\n\n\n\n<p>Prezident \u0130lham \u018fliyevin se\u00e7kiqaba\u011f\u0131 v\u0259dl\u0259rinin yerin\u0259 yetirilm\u0259sinin qiym\u0259tl\u0259ndirilm\u0259sin\u0259 dair suala respondentl\u0259rin b\u00fct\u00f6vl\u00fckd\u0259 75,6 faizi m\u00fcsb\u0259t cavab verib. Az\u0259rbaycan Prezidentinin f\u0259aliyy\u0259ti il\u0259 ba\u011fl\u0131 daha bir r\u0259y sor\u011fusu noyabrda Sosial T\u0259dqiqatlar M\u0259rk\u0259zi t\u0259r\u0259find\u0259n ke\u00e7irilib. Sor\u011funun n\u0259tic\u0259l\u0259ri g\u00f6st\u0259rib ki, Prezident \u0130lham \u018fliyevin beyn\u0259lxalq v\u0259 daxili m\u00fcst\u0259vid\u0259 f\u0259aliyy\u0259ti \u0259hali t\u0259r\u0259find\u0259n milli maraqlar\u0131n qorunmas\u0131, \u00fcmummilli rifah\u0131n t\u0259min olunmas\u0131 bax\u0131m\u0131ndan olduqca t\u0259sirli v\u0259 \u0259h\u0259miyy\u0259tli hesab edilir.<\/p>\n\n\n\n<p>\u00dcmumilikd\u0259, v\u0259t\u0259nda\u015flar\u0131n 77,5 faizi \u00f6lk\u0259 Prezidentin\u0259 inam v\u0259 etimad\u0131n\u0131n daha da artd\u0131\u011f\u0131n\u0131, 18,1 faiz respondent is\u0259 h\u0259mi\u015f\u0259ki sabit inam v\u0259 etibar\u0131n\u0131n qorunub saxland\u0131\u011f\u0131n\u0131 bildirib. Prezidentin oktyabr\u0131n 3-d\u0259 \u201cValday\u201d Diskussiya Klubunun plenar iclas\u0131ndak\u0131 \u00e7\u0131x\u0131\u015f\u0131 zaman\u0131 \u201cQaraba\u011f Az\u0259rbaycand\u0131r v\u0259 nida i\u015far\u0259si\u201d dem\u0259si \u0259halid\u0259 v\u0259t\u0259np\u0259rv\u0259rlik hissini g\u00fccl\u0259ndirib, d\u00f6vl\u0259t\u0259 olan inam v\u0259 etibar\u0131 art\u0131r\u0131b. \u00dcmumiyy\u0259tl\u0259, respondentl\u0259rin 84,9 faizi Prezidentin \u201cValday\u201d Diskussiya Klubunun plenar iclas\u0131ndak\u0131 \u00e7\u0131x\u0131\u015f\u0131n\u0131n \u0259h\u0259miyy\u0259tini y\u00fcks\u0259k qiym\u0259tl\u0259ndirib.<\/p>\n\n\n\n<p>Prezident \u0130lham \u018fliyevin f\u0259aliyy\u0259tinin bariz g\u00f6st\u0259ricil\u0259rind\u0259n biri D\u00fcnya Bank\u0131n\u0131n \u201cDoing Business 2020\u201d hesabat\u0131d\u0131r. Bu hesabata \u0259sas\u0259n Az\u0259rbaycan 20 \u0259n islahat\u00e7\u0131 \u00f6lk\u0259 s\u0131ras\u0131na daxil olub. Davos \u00dcmumd\u00fcnya \u0130qtisadi Forumunun hesabat\u0131nda \u00f6lk\u0259 h\u00f6kum\u0259tin uzunm\u00fcdd\u0259tli strategiyas\u0131 \u00fczr\u0259 10-cu, islahatlara y\u00f6n\u0259lm\u0259 s\u0259viyy\u0259si \u00fczr\u0259 5-ci yeri tutub.<\/p>\n\n\n\n<p>Qeyd ed\u0259k ki, 2019-cu ild\u0259 Az\u0259rbaycanda islahatlar daha d\u0259rin xarakter da\u015f\u0131y\u0131b. D\u00f6vl\u0259t idar\u0259\u00e7iliyi sistemind\u0259 k\u00f6kl\u00fc islahatlar v\u0259 kadr d\u0259yi\u015fiklikl\u0259ri apar\u0131l\u0131b ki, bu da Az\u0259rbaycan\u0131n u\u011furlu \u00f6lk\u0259 kimi g\u0259l\u0259c\u0259k inki\u015faf\u0131n\u0131 t\u0259min ed\u0259c\u0259k. Bunlar\u0131n ard\u0131nca be\u015finci \u00e7a\u011f\u0131r\u0131\u015f Milli M\u0259clis burax\u0131ld\u0131 v\u0259 yeni parlament se\u00e7kil\u0259ri t\u0259yin edildi.<\/p>\n\n\n\n<p>\u201cU.S.News\u201d jurnal\u0131n\u0131n t\u0259rtib etdiyi \u0259n g\u00fccl\u00fc \u00f6lk\u0259l\u0259r reytinqind\u0259 Az\u0259rbaycan 80 \u00f6lk\u0259 aras\u0131nda 45-ci yerd\u0259 q\u0259rarla\u015f\u0131b.<\/p>\n\n\n\n<p>\u0130yunun 18-d\u0259 Az\u0259rbaycan Prezidenti \u0130lham \u018fliyev \u0259halinin rifah\u0131n\u0131n y\u00fcks\u0259ldilm\u0259si m\u0259qs\u0259di il\u0259 icra edil\u0259n d\u00f6vl\u0259t siyas\u0259tinin davam olaraq n\u00f6vb\u0259ti sosial paketi t\u0259sdiql\u0259yib. Realla\u015fd\u0131r\u0131lan iri sosial paket 4,2 milyondan \u00e7ox insan\u0131n b\u00fcdc\u0259sin\u0259 m\u00fcsb\u0259t t\u0259sir g\u00f6st\u0259rdi. Minimum \u0259m\u0259k haqq\u0131 iki d\u0259f\u0259, minimum pensiya 70 faiz art\u0131b. M\u0259cburi k\u00f6\u00e7k\u00fcnl\u0259r \u00fc\u00e7\u00fcn m\u00fcavin\u0259tl\u0259rd\u0259 d\u0259 m\u00fch\u00fcm art\u0131m qeyd\u0259 al\u0131n\u0131b.<\/p>\n\n\n\n<p>2019-cu il Az\u0259rbaycan r\u0259hb\u0259rliyinin n\u00f6vb\u0259ti xarici siyasi u\u011furu il\u0259 \u0259lam\u0259tdar oldu. Oktyabr\u0131n 25-26-da Bak\u0131da \u00fczv-d\u00f6vl\u0259tl\u0259rin say\u0131na g\u00f6r\u0259 BMT-d\u0259n sonra ikinci \u0259n iri t\u0259\u015fkilat olan Qo\u015fulmama H\u0259r\u0259kat\u0131n\u0131n XVIII Sammiti ke\u00e7irildi. Bu qurumda s\u0259drlik 2019-2022-ci ill\u0259r \u00fc\u00e7\u00fcn Az\u0259rbaycana ke\u00e7di.<\/p>\n\n\n\n<p>2019-cu il noyabr\u0131n 14-d\u0259 is\u0259 Bak\u0131da D\u00fcnya dini liderl\u0259rinin II Sammiti ke\u00e7irilib. Bu, Az\u0259rbaycan\u0131n m\u0259d\u0259niyy\u0259tl\u0259raras\u0131 v\u0259 dinl\u0259raras\u0131 dialoqun inki\u015faf\u0131nda vacib rol oynad\u0131\u011f\u0131n\u0131 v\u0259 oynamaqda davam ed\u0259c\u0259yini t\u0259sdiql\u0259yir.<\/p>\n\n\n\n<p>2019-cu il, h\u0259m\u00e7inin noyabr\u0131n 30-da T\u00fcrkiy\u0259nin \u0130psala q\u0259s\u0259b\u0259sind\u0259 C\u0259nub Qaz D\u0259hlizinin vacib elementi olan, layih\u0259ni Avropa il\u0259 birl\u0259\u015fdir\u0259c\u0259k TANAP boru k\u0259m\u0259rinin bir hiss\u0259sinin a\u00e7\u0131l\u0131\u015f\u0131 il\u0259 \u0259lam\u0259tdar oldu. Bu hadis\u0259 m\u00f6ht\u0259\u015f\u0259m &#8220;C\u0259nub Qaz D\u0259hlizi&#8221; layih\u0259sinin u\u011furunun t\u0259c\u0259ss\u00fcm\u00fc v\u0259 Prezident \u0130lham \u018fliyevin h\u0259yata ke\u00e7irdiyi siyas\u0259tin inaml\u0131 q\u0259l\u0259b\u0259si idi. &#8220;C\u0259nub Qaz D\u0259hlizi&#8221;nin realla\u015fd\u0131r\u0131lmas\u0131 Az\u0259rbaycan\u0131n enerji siyas\u0259tinin m\u00fcst\u0259qilliyini v\u0259 u\u011furunu, el\u0259c\u0259 d\u0259 xaric t\u0259r\u0259fda\u015flar\u0131n etimad\u0131n\u0131 g\u00f6st\u0259rir. M\u0259hz Bak\u0131 Avropaya enerji t\u0259hl\u00fck\u0259sizliyini art\u0131rmaq v\u0259 t\u0259dar\u00fck\u00fc \u015fax\u0259l\u0259ndirm\u0259k \u00fcsulunu t\u0259klif edib.<\/p>\n\n\n\n<p>2020-ci il Prezident, Ali Ba\u015f Komandan \u0130lham \u018fliyevin uzun ill\u0259r \u0259rzind\u0259 h\u0259yata ke\u00e7irdiyi m\u0259qs\u0259dy\u00f6nl\u00fc v\u0259 strateji h\u0259d\u0259fl\u0259r\u0259 y\u00f6n\u0259l\u0259n siyas\u0259tin \u0259n parlaq zirv\u0259si oldu. 30 il\u0259 yax\u0131n m\u00fcdd\u0259t \u0259rzind\u0259 i\u015f\u011fal alt\u0131nda qalan torpaqlar\u0131m\u0131z d\u00fc\u015fm\u0259nd\u0259n azad edildi, \u0259razi b\u00fct\u00f6vl\u00fcy\u00fcm\u00fcz t\u0259min olundu, xalq\u0131m\u0131z\u0131n 30 illik V\u0259t\u0259n h\u0259sr\u0259tin\u0259 son qoyuldu. Prezident \u0130lham \u018fliyev bu b\u00f6y\u00fck q\u0259l\u0259b\u0259si il\u0259 Az\u0259rbaycan xalq\u0131n\u0131n q\u0259hr\u0259manl\u0131q salnam\u0259sini yaratd\u0131. D\u00f6vl\u0259t ba\u015f\u00e7\u0131s\u0131 Az\u0259rbaycan\u0131n \u0259razi b\u00fct\u00f6vl\u00fcy\u00fcn\u00fc b\u0259rpa ed\u0259n lider kimi ad\u0131n\u0131 \u0259b\u0259di olaraq tarix\u0259 yazd\u0131rd\u0131 v\u0259 44 g\u00fcnl\u00fck V\u0259t\u0259n M\u00fcharib\u0259sinin \u0259sl q\u0259hr\u0259man\u0131na \u00e7evrildi. V\u0259t\u0259n M\u00fcharib\u0259si Xalq-Prezident birliyini, h\u0259mr\u0259yliyini bir daha t\u0259sdiql\u0259di. Harada ya\u015famas\u0131ndan as\u0131l\u0131 olmayaraq, b\u00fct\u00fcn az\u0259rbaycanl\u0131lar d\u00f6vl\u0259timizin ba\u015f\u00e7\u0131s\u0131, M\u00fcz\u0259ff\u0259r Ali Ba\u015f Komandan \u0130lham \u018fliyevin \u0259traf\u0131nda yumruq kimi birl\u0259\u015fdi. O c\u00fcml\u0259d\u0259n, 50-d\u0259n art\u0131q siyasi partiya Prezident \u0130lham \u018fliyevl\u0259 bir, h\u0259mr\u0259y oldu\u011funu b\u0259yan etdi. Bu, \u00f6lk\u0259mizd\u0259 v\u0259t\u0259nda\u015f h\u0259mr\u0259yliyinin, \u00fcmummilli m\u0259s\u0259l\u0259l\u0259rd\u0259 m\u00fcxalif\u0259t-iqtidar m\u00fcnasib\u0259tl\u0259rinin bir k\u0259nara qoyulmas\u0131 il\u0259 yana\u015f\u0131, Prezident \u0130lham \u018fliyevin milli maraqlar\u0131n qorunmas\u0131na xidm\u0259t ed\u0259n prinsipial m\u00f6vqeyinin, tutdu\u011fu d\u00fczg\u00fcn yolun d\u0259st\u0259kl\u0259nm\u0259si idi. D\u00f6vl\u0259timizin ba\u015f\u00e7\u0131s\u0131 V\u0259t\u0259n m\u00fcharib\u0259sinin gedi\u015find\u0259 n\u0259yi n\u0259 zaman etm\u0259k laz\u0131m oldu\u011funu bir daha i\u015f\u011fal\u00e7\u0131 Erm\u0259nistana v\u0259 ona havadarl\u0131q ed\u0259n d\u00f6vl\u0259tl\u0259r\u0259 n\u00fcmayi\u015f etdirdi. M\u00f6vqeyind\u0259n bir add\u0131m bel\u0259 geri \u00e7\u0259kilm\u0259y\u0259c\u0259yini b\u0259yan ed\u0259n Prezident \u0130lham \u018fliyev Az\u0259rbaycana qar\u015f\u0131 7 \u015f\u0259rt ir\u0259li s\u00fcr\u0259n Erm\u0259nistan\u0131n ba\u015f naziri Nikol Pa\u015finyan\u0131n qar\u015f\u0131s\u0131nda yaln\u0131z bir \u015f\u0259rt qoydu &#8211; Torpaqlar\u0131m\u0131zdan r\u0259dd olub getm\u0259k.<\/p>\n\n\n\n<p>Prezident \u0130lham \u018fliyev V\u0259t\u0259n m\u00fcharib\u0259si d\u00f6vr\u00fcnd\u0259, x\u00fcsusil\u0259 sentyabr\u0131n 27-d\u0259 xalqa m\u00fcraci\u0259tind\u0259 erm\u0259ni h\u0259rbi birl\u0259\u015fm\u0259l\u0259rini torpaqlar\u0131m\u0131zdan iti qovan kimi qovaca\u011f\u0131m\u0131z\u0131 bildirdi v\u0259 q\u0259tiyy\u0259tli m\u00f6vqeyi il\u0259 bu v\u0259dini ger\u00e7\u0259kl\u0259\u015fdirdi. Az\u0259rbaycan\u0131n \u00fc\u00e7r\u0259ngli bayra\u011f\u0131n\u0131n i\u015f\u011fal alt\u0131nda olan b\u00fct\u00fcn torpaqlar\u0131m\u0131zda dal\u011falanaca\u011f\u0131na \u0259minlik ifad\u0259 edildi v\u0259 m\u00fcq\u0259dd\u0259s bayra\u011f\u0131m\u0131z i\u015f\u011faldan azad edilmi\u015f Qaraba\u011f torpaqlar\u0131nda ucald\u0131ld\u0131. Qaraba\u011f\u0131n \u00fcr\u0259yi, tac\u0131 olan \u015eu\u015fam\u0131z tarixi sahibin\u0259 qay\u0131td\u0131. 44 g\u00fcnd\u0259 5 \u015f\u0259h\u0259r, 4 q\u0259s\u0259b\u0259, 300-\u0259 yax\u0131n ya\u015fay\u0131\u015f m\u0259nt\u0259q\u0259si, xeyli sayda strateji y\u00fcks\u0259klikl\u0259r d\u00f6y\u00fc\u015fl\u0259 i\u015f\u011faldan azad edildi. T\u0259kc\u0259 noyabr\u0131n 9-da 70-d\u0259n \u00e7ox k\u0259nd d\u00fc\u015fm\u0259nd\u0259n t\u0259mizl\u0259ndi.<\/p>\n\n\n\n<p>Bu q\u0259l\u0259b\u0259l\u0259rimiz Erm\u0259nistan\u0131 diz \u00e7\u00f6kd\u00fcrd\u00fc, kapitulyasiya akt\u0131n\u0131 imzalama\u011fa m\u0259cbur etdi. Noyabr\u0131n 10-da Az\u0259rbaycan, Rusiya prezidentl\u0259ri v\u0259 Erm\u0259nistan\u0131n ba\u015f naziri Nikol Pa\u015finyan \u00fc\u00e7t\u0259r\u0259fli B\u0259yanat\u0131 imzalamaqla Az\u0259rbaycan\u0131n h\u0259rbi-siyasi Q\u0259l\u0259b\u0259sini d\u00fcnyaya t\u0259qdim etdil\u0259r.<\/p>\n\n\n\n<p>Eyni zamanda, Prezident \u0130lham \u018fliyevin r\u0259hb\u0259rliyi il\u0259 Az\u0259rbaycan d\u00fcnyan\u0131 c\u0259ngin\u0259 alm\u0131\u015f COV\u0130D-19 b\u0259las\u0131 il\u0259 s\u0259m\u0259r\u0259li m\u00fcbariz\u0259 aparma\u011f\u0131 bacard\u0131. Bu m\u00fcbariz\u0259d\u0259 d\u00f6vl\u0259t ba\u015f\u00e7\u0131s\u0131 insanlar\u0131n sa\u011flaml\u011f\u0131n\u0131 v\u0259 xalq\u0131n rifah\u0131n\u0131 \u0259sas g\u00f6t\u00fcr\u0259r\u0259k bu istiqam\u0259td\u0259 sistemli t\u0259dbirl\u0259r h\u0259yata ke\u00e7irdi. O c\u00fcml\u0259d\u0259n, \u00f6lk\u0259 iqtisadiyyat\u0131n\u0131n dayan\u0131ql\u0131\u011f\u0131n\u0131 t\u0259min etm\u0259k v\u0259 pandemiya n\u0259tic\u0259sind\u0259 ba\u015f ver\u0259 bil\u0259c\u0259k b\u00f6y\u00fck itqisadi geril\u0259m\u0259nin qar\u015f\u0131s\u0131n\u0131 almaq m\u0259qs\u0259dil\u0259 iqtisadi d\u0259st\u0259k paketi icra olundu v\u0259 bu g\u00fcn d\u0259 icra olunmaqda davam edir. Bunun n\u0259tic\u0259sind\u0259 bu g\u00fcn Az\u0259rbaycan pandemiyadan \u0259n az z\u0259r\u0259r g\u00f6r\u0259n \u00f6lk\u0259l\u0259rd\u0259n biridir. Az\u0259rbaycan eyni zamanda pandemiya il\u0259 qlobal m\u00fcbariz\u0259y\u0259 d\u0259 m\u00fch\u00fcm d\u0259st\u0259k verdi, 30-a yax\u0131n \u00f6lk\u0259y\u0259 humanitar yard\u0131m etdi v\u0259 BMT Ba\u015f Assambleyas\u0131n\u0131n COV\u0130D-19-la m\u00fcbariz\u0259y\u0259 h\u0259sr edilmi\u015f x\u00fcsusi sessiyas\u0131n\u0131n ke\u00e7irilm\u0259sin\u0259 nail oldu.<\/p>\n\n\n\n<p>B\u00fct\u00fcn qeyd olunan nailiyy\u0259tl\u0259r onu g\u00f6st\u0259rir ki, ba\u015fa \u00e7atmaqda olan il \u0259rzind\u0259 Az\u0259rbaycan\u0131n m\u00f6vqel\u0259ri h\u0259m d\u00fcnya siyasi arenas\u0131nda, h\u0259m d\u0259 ticari-iqtisadi m\u00fcnasib\u0259tl\u0259r bax\u0131m\u0131ndan daha da m\u00f6hk\u0259ml\u0259ndi. Az\u0259rbaycan\u0131n beyn\u0259lxalq n\u00fcfuzu daha da g\u00fccl\u0259ndi v\u0259 bunun say\u0259sind\u0259 t\u0259r\u0259fda\u015flar \u00f6lk\u0259ni g\u00fccl\u00fc, m\u00fcst\u0259qil v\u0259 etibarl\u0131 oyun\u00e7u kimi q\u0259bul edir.<\/p>\n\n\n\n<p>He\u00e7 \u015f\u00fcbh\u0259siz ki, Az\u0259rbaycan\u0131n \u0259ld\u0259 etdiyi u\u011furlar, tarixi q\u0259l\u0259b\u0259miz Prezident \u0130lham \u018fliyevin h\u0259yata ke\u00e7irdiyi u\u011furlu daxili v\u0259 xarici siyas\u0259tin n\u0259tic\u0259sidir.<\/p>\n\n\n\n<p>G\u0259nc\u0259 D\u00f6vl\u0259t Universitetinin \u0130qtisadiyyat v\u0259 idar\u0259etm\u0259 fak\u00fclt\u0259sinin kollektivi Prezident \u0130lham \u018fliyevi ad g\u00fcn\u00fc m\u00fcnasib\u0259til\u0259 s\u0259mimi-q\u0259lbd\u0259n t\u0259brik edir!<\/p>\n\n\n\n<figure class=\"wp-block-image size-large\"><img loading=\"lazy\" decoding=\"async\" width=\"1280\" height=\"720\" src=\"http:\/\/iif.gdu.edu.az\/wp-content\/uploads\/2022\/12\/maxresdefault.jpg\" alt=\"\" class=\"wp-image-5932\" srcset=\"https:\/\/iif.gdu.edu.az\/wp-content\/uploads\/2022\/12\/maxresdefault.jpg 1280w, https:\/\/iif.gdu.edu.az\/wp-content\/uploads\/2022\/12\/maxresdefault-768x432.jpg 768w\" sizes=\"auto, (max-width: 1280px) 100vw, 1280px\" \/><\/figure>\n\n\n\n<p><\/p>\n","protected":false},"excerpt":{"rendered":"<p>24 dekabr &#8211; Az\u0259rbaycan Prezidenti \u0130lham \u018fliyevin do\u011fum g\u00fcn\u00fcd\u00fcr. \u0130lham Heyd\u0259r o\u011flu \u018fliyev 1961-ci il dekabr\u0131n 24-d\u0259 Bak\u0131 \u015f\u0259h\u0259rind\u0259 anadan olub. 1977-ci ild\u0259 Moskva D\u00f6vl\u0259t Beyn\u0259lxalq \u018flaq\u0259l\u0259r \u0130nstitutuna daxil olub. Oran\u0131 bitirdikd\u0259n sonra, 1982-ci ild\u0259 \u0130nstitutun aspiranturas\u0131na q\u0259bul olub. 1985-ci ild\u0259 dissertasiya m\u00fcdafi\u0259 ed\u0259r\u0259k tarix elml\u0259ri namiz\u0259di d\u0259r\u0259c\u0259si al\u0131b. 1985-1990-c\u0131 ill\u0259rd\u0259 Moskva D\u00f6vl\u0259t Beyn\u0259lxalq \u018flaq\u0259l\u0259r [&hellip;]<\/p>\n","protected":false},"author":6,"featured_media":5934,"comment_status":"closed","ping_status":"closed","sticky":false,"template":"","format":"standard","meta":{"footnotes":""},"categories":[1],"tags":[],"class_list":["post-5931","post","type-post","status-publish","format-standard","has-post-thumbnail","hentry","category-sas"],"_links":{"self":[{"href":"https:\/\/iif.gdu.edu.az\/index.php?rest_route=\/wp\/v2\/posts\/5931","targetHints":{"allow":["GET"]}}],"collection":[{"href":"https:\/\/iif.gdu.edu.az\/index.php?rest_route=\/wp\/v2\/posts"}],"about":[{"href":"https:\/\/iif.gdu.edu.az\/index.php?rest_route=\/wp\/v2\/types\/post"}],"author":[{"embeddable":true,"href":"https:\/\/iif.gdu.edu.az\/index.php?rest_route=\/wp\/v2\/users\/6"}],"replies":[{"embeddable":true,"href":"https:\/\/iif.gdu.edu.az\/index.php?rest_route=%2Fwp%2Fv2%2Fcomments&post=5931"}],"version-history":[{"count":1,"href":"https:\/\/iif.gdu.edu.az\/index.php?rest_route=\/wp\/v2\/posts\/5931\/revisions"}],"predecessor-version":[{"id":5935,"href":"https:\/\/iif.gdu.edu.az\/index.php?rest_route=\/wp\/v2\/posts\/5931\/revisions\/5935"}],"wp:featuredmedia":[{"embeddable":true,"href":"https:\/\/iif.gdu.edu.az\/index.php?rest_route=\/wp\/v2\/media\/5934"}],"wp:attachment":[{"href":"https:\/\/iif.gdu.edu.az\/index.php?rest_route=%2Fwp%2Fv2%2Fmedia&parent=5931"}],"wp:term":[{"taxonomy":"category","embeddable":true,"href":"https:\/\/iif.gdu.edu.az\/index.php?rest_route=%2Fwp%2Fv2%2Fcategories&post=5931"},{"taxonomy":"post_tag","embeddable":true,"href":"https:\/\/iif.gdu.edu.az\/index.php?rest_route=%2Fwp%2Fv2%2Ftags&post=5931"}],"curies":[{"name":"wp","href":"https:\/\/api.w.org\/{rel}","templated":true}]}}