{"id":5936,"date":"2023-02-06T11:55:00","date_gmt":"2023-02-06T09:55:00","guid":{"rendered":"http:\/\/iif.gdu.edu.az\/?p=5936"},"modified":"2023-02-07T12:00:12","modified_gmt":"2023-02-07T10:00:12","slug":"turkiy%c9%99d%c9%99-7-4-bal-gucund%c9%99-z%c9%99lz%c9%99l%c9%99-olub-cox-sayda-ol%c9%99n-v%c9%99-yaralananlar-var","status":"publish","type":"post","link":"https:\/\/iif.gdu.edu.az\/?p=5936","title":{"rendered":"T\u00fcrkiy\u0259d\u0259 7.4 bal g\u00fcc\u00fcnd\u0259 z\u0259lz\u0259l\u0259 olub: \u00c7ox sayda \u00f6l\u0259n v\u0259 yaralananlar var"},"content":{"rendered":"\n<p>T\u00fcrkiy\u0259d\u0259 bazar ert\u0259si s\u0259h\u0259r\u0259 yax\u0131n ba\u015f vermi\u015f z\u0259lz\u0259l\u0259d\u0259 indiy\u0259d\u0259k az\u0131 3381 n\u0259f\u0259rin \u00f6ld\u00fcy\u00fc, 20 min 426 n\u0259f\u0259rin yaral\u0131 oldu\u011fu bildirilir.<\/p>\n\n\n\n<p>Bu bar\u0259d\u0259 AFAD-\u0131n riskl\u0259rin azald\u0131lmas\u0131 \u00fczr\u0259 ba\u015f meneceri Orhan Tatar m\u0259lumat verib.<\/p>\n\n\n\n<p>\u00d6lk\u0259nin F\u0259lak\u0259t v\u0259 F\u00f6vq\u0259lad\u0259 Hallar Agentliyinin (AFAD) ba\u015fqan\u0131 Yunus Sezer bir q\u0259d\u0259r \u0259vv\u0259l verdiyi a\u00e7\u0131qlamada bildirib ki, T\u00fcrkiy\u0259 indiy\u0259d\u0259k &#8220;65 \u00f6lk\u0259d\u0259n k\u00f6m\u0259k ist\u0259yib&#8221;.<\/p>\n\n\n\n<p>Bazar ert\u0259si s\u0259h\u0259r saatlar\u0131nda, Qaziantep yax\u0131nl\u0131\u011f\u0131nda 7.8 bal g\u00fcc\u00fcnd\u0259 z\u0259lz\u0259l\u0259 insanlar\u0131n \u00e7oxusunun yuxuda oldu\u011fu saatlarda ba\u015f verib.<\/p>\n\n\n\n<p><a href=\"https:\/\/report.az\/xarici-siyaset\/turkiyeye-yardim-eden-ilk-olke-azerbaycan-olub\/\" target=\"_blank\" rel=\"noreferrer noopener\">\u201cReport\u201d<\/a>un Ankara b\u00fcrosunun m\u0259lumat\u0131na g\u00f6r\u0259, yard\u0131m \u00fc\u00e7\u00fcn m\u00fcraci\u0259t ed\u0259n ilk \u00f6lk\u0259 Az\u0259rbaycan olub.<\/p>\n\n\n\n<p>T\u00fcrkiy\u0259d\u0259 yerli m\u0259tbuat bildirib ki, Az\u0259rbaycan Respublikas\u0131n\u0131n Prezidenti \u0130lham \u018fliyevin tap\u015f\u0131r\u0131\u011f\u0131na \u0259sas\u0259n, F\u00f6vq\u0259lad\u0259 Hallar Nazirliyi ilkin olaraq 370 n\u0259f\u0259rd\u0259n ibar\u0259t \u00e7evik xilasetm\u0259 q\u00fcvv\u0259l\u0259rinin qarda\u015f \u00f6lk\u0259y\u0259 yola d\u00fc\u015fm\u0259y\u0259 haz\u0131rla\u015fd\u0131\u011f\u0131n\u0131 a\u00e7\u0131qlay\u0131b.<\/p>\n","protected":false},"excerpt":{"rendered":"<p>T\u00fcrkiy\u0259d\u0259 bazar ert\u0259si s\u0259h\u0259r\u0259 yax\u0131n ba\u015f vermi\u015f z\u0259lz\u0259l\u0259d\u0259 indiy\u0259d\u0259k az\u0131 3381 n\u0259f\u0259rin \u00f6ld\u00fcy\u00fc, 20 min 426 n\u0259f\u0259rin yaral\u0131 oldu\u011fu bildirilir. Bu bar\u0259d\u0259 AFAD-\u0131n riskl\u0259rin azald\u0131lmas\u0131 \u00fczr\u0259 ba\u015f meneceri Orhan Tatar m\u0259lumat verib. \u00d6lk\u0259nin F\u0259lak\u0259t v\u0259 F\u00f6vq\u0259lad\u0259 Hallar Agentliyinin (AFAD) ba\u015fqan\u0131 Yunus Sezer bir q\u0259d\u0259r \u0259vv\u0259l verdiyi a\u00e7\u0131qlamada bildirib ki, T\u00fcrkiy\u0259 indiy\u0259d\u0259k &#8220;65 \u00f6lk\u0259d\u0259n k\u00f6m\u0259k ist\u0259yib&#8221;. [&hellip;]<\/p>\n","protected":false},"author":6,"featured_media":0,"comment_status":"closed","ping_status":"closed","sticky":false,"template":"","format":"standard","meta":{"footnotes":""},"categories":[1],"tags":[],"class_list":["post-5936","post","type-post","status-publish","format-standard","hentry","category-sas"],"_links":{"self":[{"href":"https:\/\/iif.gdu.edu.az\/index.php?rest_route=\/wp\/v2\/posts\/5936","targetHints":{"allow":["GET"]}}],"collection":[{"href":"https:\/\/iif.gdu.edu.az\/index.php?rest_route=\/wp\/v2\/posts"}],"about":[{"href":"https:\/\/iif.gdu.edu.az\/index.php?rest_route=\/wp\/v2\/types\/post"}],"author":[{"embeddable":true,"href":"https:\/\/iif.gdu.edu.az\/index.php?rest_route=\/wp\/v2\/users\/6"}],"replies":[{"embeddable":true,"href":"https:\/\/iif.gdu.edu.az\/index.php?rest_route=%2Fwp%2Fv2%2Fcomments&post=5936"}],"version-history":[{"count":1,"href":"https:\/\/iif.gdu.edu.az\/index.php?rest_route=\/wp\/v2\/posts\/5936\/revisions"}],"predecessor-version":[{"id":5938,"href":"https:\/\/iif.gdu.edu.az\/index.php?rest_route=\/wp\/v2\/posts\/5936\/revisions\/5938"}],"wp:attachment":[{"href":"https:\/\/iif.gdu.edu.az\/index.php?rest_route=%2Fwp%2Fv2%2Fmedia&parent=5936"}],"wp:term":[{"taxonomy":"category","embeddable":true,"href":"https:\/\/iif.gdu.edu.az\/index.php?rest_route=%2Fwp%2Fv2%2Fcategories&post=5936"},{"taxonomy":"post_tag","embeddable":true,"href":"https:\/\/iif.gdu.edu.az\/index.php?rest_route=%2Fwp%2Fv2%2Ftags&post=5936"}],"curies":[{"name":"wp","href":"https:\/\/api.w.org\/{rel}","templated":true}]}}