{"id":6094,"date":"2023-04-07T10:19:00","date_gmt":"2023-04-07T08:19:00","guid":{"rendered":"http:\/\/iif.gdu.edu.az\/?p=6094"},"modified":"2023-04-07T15:20:40","modified_gmt":"2023-04-07T13:20:40","slug":"v%c9%99t%c9%99nimizi-taniyaq","status":"publish","type":"post","link":"https:\/\/iif.gdu.edu.az\/?p=6094","title":{"rendered":"&#8220;V\u018fT\u018fN\u0130M\u0130Z\u0130 TANIYAQ&#8221;"},"content":{"rendered":"\n<p><strong><em>M\u0259nim v\u0259t\u0259nim Az\u0259rbaycand\u0131r. Bu m\u0259ml\u0259k\u0259t az\u0259rbaycanl\u0131lar\u0131n tarixi v\u0259t\u0259ni, tarixi yurdudur. G\u0259lin Az\u0259rbaycan xalq\u0131n\u0131n \u00e7ox \u0259srlik tarixini v\u0259r\u0259ql\u0259y\u0259k.<\/em><\/strong><\/p>\n\n\n\n<p><strong><em>Az\u0259rbaycan xalq\u0131n\u0131n tarixi \u00e7ox q\u0259dimdir. Haz\u0131rda Respublikam\u0131zda ya\u015f\u0131 bir ne\u00e7\u0259 min il olan Az\u0131\u011f ma\u011faras\u0131, Qobustan, Q\u0259b\u0259l\u0259 kimi \u00e7oxlu tarixi abid\u0259, Nax\u00e7\u0131van, B\u0259rd\u0259, G\u0259nc\u0259 kimi q\u0259dim \u015f\u0259h\u0259rl\u0259r vard\u0131r. Az\u0259rbaycan xalq\u0131 b\u0259\u015f\u0259r d\u00fcnyas\u0131na Nizami, N\u0259simi, F\u00fczuli, \u018fc\u0259mi kimi dahil\u0259r vermi\u015fdir. Onlar\u0131 t\u0259kc\u0259 \u00f6lk\u0259mizd\u0259 deyil, b\u00fct\u00fcn d\u00fcnyada tan\u0131y\u0131rlar. Xalq\u0131n azadl\u0131q, m\u00fcst\u0259qillik u\u011frunda m\u00fcbariz\u0259si is\u0259 tariximizin \u0259n parlaq s\u0259hif\u0259l\u0259rini t\u0259\u015fkil edir.<\/em><\/strong> <strong><em>V\u0259t\u0259nimizi daha yax\u015f\u0131 tan\u0131maq \u00fc\u00e7\u00fcn  &#8220;V\u0259t\u0259nizi tan\u0131yaq&#8221; lahiy\u0259si h\u0259yata ke\u00e7irilir.<\/em><\/strong><\/p>\n\n\n\n<p>Bu lahiy\u0259y\u0259 \u0130qtisadiyyat v\u0259 idar\u0259etm\u0259 fak\u00fclt\u0259si d\u0259 qo\u015fuldu. T\u0259l\u0259b\u0259l\u0259r fak\u00fclt\u0259 dekan\u0131 , dekan m\u00fcavini v\u0259 Menecment v\u0259 turizm i\u015fi kafedras\u0131n\u0131n d\u0259st\u0259yi i\u0259 G\u0259nc\u0259nin  \u0259n m\u0259h\u015fur yerl\u0259ri olan  Cavadxan m\u0259\u011fb\u0259r\u0259sin\u0259, \u015eah Abbas m\u0259scidin\u0259 v\u0259 G\u0259nc\u0259 D\u00f6vl\u0259t filarmoniyas\u0131na getdil\u0259r. <\/p>\n\n\n\n<figure class=\"wp-block-image size-large\"><img loading=\"lazy\" decoding=\"async\" width=\"2560\" height=\"1920\" src=\"http:\/\/iif.gdu.edu.az\/wp-content\/uploads\/2023\/04\/IMG_20230406_141459-5-K\u00f6\u00e7\u00fcr-scaled.jpg\" alt=\"\" class=\"wp-image-6099\" srcset=\"https:\/\/iif.gdu.edu.az\/wp-content\/uploads\/2023\/04\/IMG_20230406_141459-5-K\u00f6\u00e7\u00fcr-scaled.jpg 2560w, https:\/\/iif.gdu.edu.az\/wp-content\/uploads\/2023\/04\/IMG_20230406_141459-5-K\u00f6\u00e7\u00fcr-768x576.jpg 768w, https:\/\/iif.gdu.edu.az\/wp-content\/uploads\/2023\/04\/IMG_20230406_141459-5-K\u00f6\u00e7\u00fcr-1536x1152.jpg 1536w, https:\/\/iif.gdu.edu.az\/wp-content\/uploads\/2023\/04\/IMG_20230406_141459-5-K\u00f6\u00e7\u00fcr-2048x1536.jpg 2048w, https:\/\/iif.gdu.edu.az\/wp-content\/uploads\/2023\/04\/IMG_20230406_141459-5-K\u00f6\u00e7\u00fcr-960x720.jpg 960w, https:\/\/iif.gdu.edu.az\/wp-content\/uploads\/2023\/04\/IMG_20230406_141459-5-K\u00f6\u00e7\u00fcr-480x360.jpg 480w, https:\/\/iif.gdu.edu.az\/wp-content\/uploads\/2023\/04\/IMG_20230406_141459-5-K\u00f6\u00e7\u00fcr-320x240.jpg 320w, https:\/\/iif.gdu.edu.az\/wp-content\/uploads\/2023\/04\/IMG_20230406_141459-5-K\u00f6\u00e7\u00fcr-240x180.jpg 240w\" sizes=\"auto, (max-width: 2560px) 100vw, 2560px\" \/><\/figure>\n\n\n\n<p><\/p>\n\n\n\n<p> Turizm b\u0259l\u0259d\u00e7iliyi III kurs t\u0259l\u0259b\u0259si B\u0259d\u0259lova G\u00fcnay h\u0259min abid\u0259l\u0259r haqq\u0131nda m\u0259lumatlar verdi. H\u0259min m\u0259lumatlara  m\u00fc\u0259lliml\u0259rd\u0259n M\u0259sim Abadov, G\u00fcnel M\u0259mm\u0259dli, axund Hac\u0131  Anar \u00f6z \u0259lav\u0259l\u0259rini ed\u0259r\u0259k ekskursiyan\u0131 daha da z\u0259nginl\u0259\u015fdirdil\u0259r.<\/p>\n\n\n\n<figure class=\"wp-block-gallery columns-1 is-cropped wp-block-gallery-1 is-layout-flex wp-block-gallery-is-layout-flex\"><ul class=\"blocks-gallery-grid\"><li class=\"blocks-gallery-item\"><figure><img loading=\"lazy\" decoding=\"async\" width=\"713\" height=\"1204\" src=\"http:\/\/iif.gdu.edu.az\/wp-content\/uploads\/2023\/04\/b8465510-a843-4405-ac14-babafb118575-2.jpg\" alt=\"\" data-id=\"6098\" data-full-url=\"http:\/\/iif.gdu.edu.az\/wp-content\/uploads\/2023\/04\/b8465510-a843-4405-ac14-babafb118575-2.jpg\" data-link=\"http:\/\/iif.gdu.edu.az\/?attachment_id=6098#main\" class=\"wp-image-6098\"\/><\/figure><\/li><\/ul><\/figure>\n\n\n\n<p><\/p>\n\n\n\n<p><\/p>\n","protected":false},"excerpt":{"rendered":"<p>M\u0259nim v\u0259t\u0259nim Az\u0259rbaycand\u0131r. Bu m\u0259ml\u0259k\u0259t az\u0259rbaycanl\u0131lar\u0131n tarixi v\u0259t\u0259ni, tarixi yurdudur. G\u0259lin Az\u0259rbaycan xalq\u0131n\u0131n \u00e7ox \u0259srlik tarixini v\u0259r\u0259ql\u0259y\u0259k. Az\u0259rbaycan xalq\u0131n\u0131n tarixi \u00e7ox q\u0259dimdir. Haz\u0131rda Respublikam\u0131zda ya\u015f\u0131 bir ne\u00e7\u0259 min il olan Az\u0131\u011f ma\u011faras\u0131, Qobustan, Q\u0259b\u0259l\u0259 kimi \u00e7oxlu tarixi abid\u0259, Nax\u00e7\u0131van, B\u0259rd\u0259, G\u0259nc\u0259 kimi q\u0259dim \u015f\u0259h\u0259rl\u0259r vard\u0131r. Az\u0259rbaycan xalq\u0131 b\u0259\u015f\u0259r d\u00fcnyas\u0131na Nizami, N\u0259simi, F\u00fczuli, \u018fc\u0259mi kimi dahil\u0259r [&hellip;]<\/p>\n","protected":false},"author":6,"featured_media":6099,"comment_status":"closed","ping_status":"closed","sticky":false,"template":"","format":"standard","meta":{"footnotes":""},"categories":[1],"tags":[],"class_list":["post-6094","post","type-post","status-publish","format-standard","has-post-thumbnail","hentry","category-sas"],"_links":{"self":[{"href":"https:\/\/iif.gdu.edu.az\/index.php?rest_route=\/wp\/v2\/posts\/6094","targetHints":{"allow":["GET"]}}],"collection":[{"href":"https:\/\/iif.gdu.edu.az\/index.php?rest_route=\/wp\/v2\/posts"}],"about":[{"href":"https:\/\/iif.gdu.edu.az\/index.php?rest_route=\/wp\/v2\/types\/post"}],"author":[{"embeddable":true,"href":"https:\/\/iif.gdu.edu.az\/index.php?rest_route=\/wp\/v2\/users\/6"}],"replies":[{"embeddable":true,"href":"https:\/\/iif.gdu.edu.az\/index.php?rest_route=%2Fwp%2Fv2%2Fcomments&post=6094"}],"version-history":[{"count":1,"href":"https:\/\/iif.gdu.edu.az\/index.php?rest_route=\/wp\/v2\/posts\/6094\/revisions"}],"predecessor-version":[{"id":6100,"href":"https:\/\/iif.gdu.edu.az\/index.php?rest_route=\/wp\/v2\/posts\/6094\/revisions\/6100"}],"wp:featuredmedia":[{"embeddable":true,"href":"https:\/\/iif.gdu.edu.az\/index.php?rest_route=\/wp\/v2\/media\/6099"}],"wp:attachment":[{"href":"https:\/\/iif.gdu.edu.az\/index.php?rest_route=%2Fwp%2Fv2%2Fmedia&parent=6094"}],"wp:term":[{"taxonomy":"category","embeddable":true,"href":"https:\/\/iif.gdu.edu.az\/index.php?rest_route=%2Fwp%2Fv2%2Fcategories&post=6094"},{"taxonomy":"post_tag","embeddable":true,"href":"https:\/\/iif.gdu.edu.az\/index.php?rest_route=%2Fwp%2Fv2%2Ftags&post=6094"}],"curies":[{"name":"wp","href":"https:\/\/api.w.org\/{rel}","templated":true}]}}