{"id":6172,"date":"2023-06-28T09:14:00","date_gmt":"2023-06-28T07:14:00","guid":{"rendered":"http:\/\/iif.gdu.edu.az\/?p=6172"},"modified":"2023-07-29T09:20:22","modified_gmt":"2023-07-29T07:20:22","slug":"qurban-bayrami","status":"publish","type":"post","link":"https:\/\/iif.gdu.edu.az\/?p=6172","title":{"rendered":"Qurban bayram\u0131"},"content":{"rendered":"\n<figure class=\"wp-block-image\"><img decoding=\"async\" src=\"https:\/\/medeniyyet.az\/img\/news\/700x420\/_1565333508.jpg\" alt=\"\"\/><\/figure>\n\n\n\n<p>islam d\u00fcnyas\u0131nda Yaradan\u0131n insanl\u0131\u011fa l\u00fctf v\u0259 inay\u0259tinin r\u0259mzi olan, insanlar\u0131n Allah sevgisini, haqq-\u0259dal\u0259t namin\u0259 h\u0259r c\u00fcr f\u0259dakarl\u0131\u011fa haz\u0131r olduqlar\u0131n\u0131 t\u0259c\u0259ss\u00fcm etdir\u0259n Qurban bayram\u0131 bu il iyunun 28-d\u0259 ba\u015flayacaq.<\/p>\n\n\n\n<p>Qafqaz M\u00fcs\u0259lmanlar\u0131 \u0130dar\u0259sinin Qaz\u0131lar \u015furas\u0131 Qurban bayram\u0131 il\u0259 ba\u011fl\u0131 f\u0259tva verib. F\u0259tvada qeyd olunur ki, AMEA \u015eamax\u0131 Astrofizika R\u0259s\u0259dxanas\u0131n\u0131n 2023-c\u00fc il hesablamalar\u0131na \u0259sas\u0259n, Az\u0259rb\u0430yc\u0430n \u00fcf\u00fcq\u00fcnd\u0259 hilal\u0131n g\u00f6r\u00fcnm\u0259si il\u0259 ba\u011fl\u0131 builki Qurb\u0430n b\u0430yr\u0430m\u0131 28 iyun tarixin\u0259 t\u0259sad\u00fcf ed\u0259c\u0259k. \u015e\u0259ri\u0259t\u0259 uy\u011fun olaraq, Qurban k\u0259simi h\u0259min tarixd\u0259n ba\u015flayaraq 3 g\u00fcn davam ed\u0259 bil\u0259r.<\/p>\n","protected":false},"excerpt":{"rendered":"<p>islam d\u00fcnyas\u0131nda Yaradan\u0131n insanl\u0131\u011fa l\u00fctf v\u0259 inay\u0259tinin r\u0259mzi olan, insanlar\u0131n Allah sevgisini, haqq-\u0259dal\u0259t namin\u0259 h\u0259r c\u00fcr f\u0259dakarl\u0131\u011fa haz\u0131r olduqlar\u0131n\u0131 t\u0259c\u0259ss\u00fcm etdir\u0259n Qurban bayram\u0131 bu il iyunun 28-d\u0259 ba\u015flayacaq. Qafqaz M\u00fcs\u0259lmanlar\u0131 \u0130dar\u0259sinin Qaz\u0131lar \u015furas\u0131 Qurban bayram\u0131 il\u0259 ba\u011fl\u0131 f\u0259tva verib. F\u0259tvada qeyd olunur ki, AMEA \u015eamax\u0131 Astrofizika R\u0259s\u0259dxanas\u0131n\u0131n 2023-c\u00fc il hesablamalar\u0131na \u0259sas\u0259n, Az\u0259rb\u0430yc\u0430n \u00fcf\u00fcq\u00fcnd\u0259 hilal\u0131n g\u00f6r\u00fcnm\u0259si [&hellip;]<\/p>\n","protected":false},"author":6,"featured_media":0,"comment_status":"closed","ping_status":"closed","sticky":false,"template":"","format":"standard","meta":{"footnotes":""},"categories":[1],"tags":[],"class_list":["post-6172","post","type-post","status-publish","format-standard","hentry","category-sas"],"_links":{"self":[{"href":"https:\/\/iif.gdu.edu.az\/index.php?rest_route=\/wp\/v2\/posts\/6172","targetHints":{"allow":["GET"]}}],"collection":[{"href":"https:\/\/iif.gdu.edu.az\/index.php?rest_route=\/wp\/v2\/posts"}],"about":[{"href":"https:\/\/iif.gdu.edu.az\/index.php?rest_route=\/wp\/v2\/types\/post"}],"author":[{"embeddable":true,"href":"https:\/\/iif.gdu.edu.az\/index.php?rest_route=\/wp\/v2\/users\/6"}],"replies":[{"embeddable":true,"href":"https:\/\/iif.gdu.edu.az\/index.php?rest_route=%2Fwp%2Fv2%2Fcomments&post=6172"}],"version-history":[{"count":1,"href":"https:\/\/iif.gdu.edu.az\/index.php?rest_route=\/wp\/v2\/posts\/6172\/revisions"}],"predecessor-version":[{"id":6173,"href":"https:\/\/iif.gdu.edu.az\/index.php?rest_route=\/wp\/v2\/posts\/6172\/revisions\/6173"}],"wp:attachment":[{"href":"https:\/\/iif.gdu.edu.az\/index.php?rest_route=%2Fwp%2Fv2%2Fmedia&parent=6172"}],"wp:term":[{"taxonomy":"category","embeddable":true,"href":"https:\/\/iif.gdu.edu.az\/index.php?rest_route=%2Fwp%2Fv2%2Fcategories&post=6172"},{"taxonomy":"post_tag","embeddable":true,"href":"https:\/\/iif.gdu.edu.az\/index.php?rest_route=%2Fwp%2Fv2%2Ftags&post=6172"}],"curies":[{"name":"wp","href":"https:\/\/api.w.org\/{rel}","templated":true}]}}