{"id":6177,"date":"2023-07-14T09:27:00","date_gmt":"2023-07-14T07:27:00","guid":{"rendered":"http:\/\/iif.gdu.edu.az\/?p=6177"},"modified":"2023-07-29T09:32:08","modified_gmt":"2023-07-29T07:32:08","slug":"14-iyul-1969-cu-il-t%c9%99r%c9%99qqi-yolunun-baslangici-must%c9%99qil-v%c9%99-qudr%c9%99tli-az%c9%99rbaycan-dovl%c9%99tinin-t%c9%99m%c9%99linin-qoyuldugu-gun","status":"publish","type":"post","link":"https:\/\/iif.gdu.edu.az\/?p=6177","title":{"rendered":"14 iyul 1969-cu il: T\u0259r\u0259qqi yolunun ba\u015flan\u011f\u0131c\u0131, m\u00fcst\u0259qil v\u0259 q\u00fcdr\u0259tli Az\u0259rbaycan d\u00f6vl\u0259tinin t\u0259m\u0259linin qoyuldu\u011fu g\u00fcn"},"content":{"rendered":"\n<p><\/p>\n\n\n\n<figure class=\"wp-block-gallery columns-2 is-cropped wp-block-gallery-1 is-layout-flex wp-block-gallery-is-layout-flex\"><ul class=\"blocks-gallery-grid\"><li class=\"blocks-gallery-item\"><figure><img loading=\"lazy\" decoding=\"async\" width=\"1000\" height=\"663\" src=\"http:\/\/iif.gdu.edu.az\/wp-content\/uploads\/2023\/07\/3658_1686851546-1.jpg\" alt=\"\" data-id=\"6178\" data-full-url=\"http:\/\/iif.gdu.edu.az\/wp-content\/uploads\/2023\/07\/3658_1686851546-1.jpg\" data-link=\"http:\/\/iif.gdu.edu.az\/?attachment_id=6178#main\" class=\"wp-image-6178\" srcset=\"https:\/\/iif.gdu.edu.az\/wp-content\/uploads\/2023\/07\/3658_1686851546-1.jpg 1000w, https:\/\/iif.gdu.edu.az\/wp-content\/uploads\/2023\/07\/3658_1686851546-1-768x509.jpg 768w, https:\/\/iif.gdu.edu.az\/wp-content\/uploads\/2023\/07\/3658_1686851546-1-320x213.jpg 320w, https:\/\/iif.gdu.edu.az\/wp-content\/uploads\/2023\/07\/3658_1686851546-1-240x160.jpg 240w\" sizes=\"auto, (max-width: 1000px) 100vw, 1000px\" \/><\/figure><\/li><li class=\"blocks-gallery-item\"><figure><img loading=\"lazy\" decoding=\"async\" width=\"923\" height=\"630\" src=\"http:\/\/iif.gdu.edu.az\/wp-content\/uploads\/2023\/07\/156307672873219565_1200x630.jpg\" alt=\"\" data-id=\"6179\" data-full-url=\"http:\/\/iif.gdu.edu.az\/wp-content\/uploads\/2023\/07\/156307672873219565_1200x630.jpg\" data-link=\"http:\/\/iif.gdu.edu.az\/?attachment_id=6179#main\" class=\"wp-image-6179\" srcset=\"https:\/\/iif.gdu.edu.az\/wp-content\/uploads\/2023\/07\/156307672873219565_1200x630.jpg 923w, https:\/\/iif.gdu.edu.az\/wp-content\/uploads\/2023\/07\/156307672873219565_1200x630-768x524.jpg 768w\" sizes=\"auto, (max-width: 923px) 100vw, 923px\" \/><\/figure><\/li><\/ul><\/figure>\n\n\n\n<p>\u00d6lk\u0259mizin \u00e7ox\u0259srlik d\u00f6vl\u0259t\u00e7ilik tarixind\u0259 Heyd\u0259r \u018fliyev epoxas\u0131n\u0131n m\u00fcst\u0259sna yeri vard\u0131r. Bu m\u0259nada, Ulu \u00d6nd\u0259rin Az\u0259rbaycanda birinci d\u0259f\u0259 siyasi hakimiyy\u0259t\u0259 g\u0259ldiyi 1969-cu ilin 14 iyul g\u00fcn\u00fc xalq\u0131m\u0131z\u0131n tarixi taleyind\u0259 oynad\u0131\u011f\u0131 misilsiz rolu il\u0259 daim xat\u0131rlan\u0131r. Bu tarix Az\u0259rbaycan\u0131n xilas\u0131n\u0131n birinci m\u0259rh\u0259l\u0259si, xalq\u0131n \u00f6z\u00fcn\u0259 qay\u0131d\u0131\u015f tarixidir. D\u00fcnya \u015f\u00f6hr\u0259tli siyasi xadim \u00f6z m\u00fcdrik f\u0259aliyy\u0259ti il\u0259 m\u00fcasir tariximizin \u0259n \u015fanl\u0131 v\u0259 parlaq salnam\u0259sini yarad\u0131b. Buna g\u00f6r\u0259 d\u0259 \u00dcmummilli Liderimizin xalqa xidm\u0259td\u0259 ke\u00e7mi\u015f parlaq v\u0259 m\u0259nal\u0131 \u00f6mr\u00fcn\u00fcn h\u0259r an\u0131 siyasi t\u0259qvimimizd\u0259 \u00f6z\u00fcn\u0259m\u0259xsus yer\u0259 malikdir.<\/p>\n\n\n\n<p><strong>Milli \u00f6z\u00fcn\u00fcd\u0259rkin, soyk\u00f6k\u0259 qay\u0131d\u0131\u015f\u0131n ba\u015flan\u011f\u0131c d\u00f6vr\u00fc<\/strong><\/p>\n\n\n\n<p>T\u00fcrk d\u00fcnyas\u0131n\u0131n b\u00f6y\u00fck o\u011flunun d\u00f6vl\u0259t xadimi kimi formala\u015fmas\u0131nda \u00f6t\u0259n \u0259srin 50-60-c\u0131 ill\u0259ri h\u0259lledici rol oynay\u0131b. M\u0259hz bu ill\u0259rd\u0259 v\u0259zif\u0259 pill\u0259l\u0259rind\u0259 y\u00fcks\u0259li\u015fi Ona imkan verirdi ki, sovet d\u00f6vl\u0259t\u00e7iliyinin mahiyy\u0259tin\u0259 d\u0259rind\u0259n b\u0259l\u0259d olsun. H\u0259min ill\u0259rd\u0259 milli kadrlar he\u00e7 n\u0259yi h\u0259ll ed\u0259 bilmirdi, d\u00f6vl\u0259t t\u0259hl\u00fck\u0259sizliyi orqanlar\u0131nda is\u0259 v\u0259ziyy\u0259t, sad\u0259c\u0259 olaraq, milli m\u0259nafel\u0259r bax\u0131m\u0131ndan faci\u0259li idi. Dahi \u015f\u0259xsiyy\u0259t Heyd\u0259r \u018fliyev m\u00fc\u0259yy\u0259n taktiki add\u0131mlarla m\u0259nsub oldu\u011fu xalq \u00fc\u00e7\u00fcn strateji planlar\u0131 h\u0259yata ke\u00e7irm\u0259y\u0259 \u00e7al\u0131\u015f\u0131rd\u0131. Bunlardan birincisi is\u0259 xalq\u0131 \u00f6z\u00fcn\u0259 tan\u0131td\u0131rmaq, onun etnokulturoloji h\u0259yat\u0131n\u0131 b\u0259rpa etm\u0259k idi. B\u00f6y\u00fck \u015f\u0259xsiyy\u0259t h\u0259min d\u00f6vrd\u0259 b\u00fct\u00fcn ideoloji-siyasi mane\u0259l\u0259r\u0259 sin\u0259 g\u0259r\u0259r\u0259k Az\u0259rbaycan xalq\u0131n\u0131n milli inki\u015faf konsepsiyas\u0131n\u0131 ir\u0259li s\u00fcr\u00fcb, ictimai \u015f\u00fcurdak\u0131 qorxunu aradan qald\u0131r\u0131b, c\u0259miyy\u0259ti b\u00fct\u00fcn sah\u0259l\u0259r \u00fczr\u0259 g\u0259l\u0259c\u0259k m\u0259n\u0259vi v\u0259 iqtisadi y\u00fcks\u0259li\u015fl\u0259r\u0259 ruhland\u0131r\u0131b. H\u0259r bir Az\u0259rbaycan v\u0259t\u0259nda\u015f\u0131na bel\u0259 bir inam a\u015f\u0131lan\u0131b ki, bu xalq n\u0259 vaxtsa \u00f6z azadl\u0131\u011f\u0131na qovu\u015facaq. Ulu \u00d6nd\u0259rimiz Az\u0259rbaycan xalq\u0131n\u0131n \u015f\u00fcurunda m\u0259hz bu inqilabi d\u0259yi\u015fikliyi yarad\u0131b. Bu bax\u0131mdan inamla dem\u0259k olar ki, g\u00f6rk\u0259mli d\u00f6vl\u0259t xadiminin \u00f6lk\u0259miz\u0259 r\u0259hb\u0259rliyinin birinci d\u00f6vr\u00fc, eyni zamanda milli \u00f6z\u00fcn\u00fcd\u0259rkin oyanmas\u0131n\u0131n, soyk\u00f6k\u0259 qay\u0131d\u0131\u015f\u0131n ba\u015flan\u011f\u0131c d\u00f6vr\u00fcd\u00fcr. Onun b\u00fct\u00fcn f\u0259aliyy\u0259ti xalq\u0131n milli dir\u00e7\u0259li\u015fi, milli q\u00fcrur hissl\u0259rinin oyanmas\u0131 ideyas\u0131na \u0259saslan\u0131rd\u0131.<\/p>\n\n\n\n<p><strong>Az\u0259rbaycan yenid\u0259n \u0259sas\u0131 1969-cu ild\u0259n<\/strong><\/p>\n\n\n\n<p><strong>ba\u015flanan inki\u015faf yoluna qay\u0131td\u0131<\/strong><\/p>\n\n\n\n<p>Nax\u00e7\u0131vanda d\u00f6vl\u0259t quruculu\u011fu prosesinin getdiyi h\u0259min d\u00f6vrd\u0259 \u00f6lk\u0259miz hakimiyy\u0259tsizlik, v\u0259t\u0259nda\u015f qar\u015f\u0131durmas\u0131, d\u00f6vl\u0259t m\u00fcst\u0259qilliyini itirm\u0259k, i\u015f\u011fal v\u0259 par\u00e7alanmaq t\u0259hl\u00fck\u0259si il\u0259 \u00fcz-\u00fcz\u0259 idi. Az\u0259rbaycana \u201cr\u0259hb\u0259rlik ed\u0259nl\u0259r\u201d \u00f6lk\u0259nin v\u0259 xalq\u0131n g\u0259l\u0259c\u0259yini deyil, \u00f6z \u015f\u0259xsi m\u0259nafel\u0259rini g\u00fcd\u00fcrd\u00fcl\u0259r. Bel\u0259 bir d\u00f6vrd\u0259 xalq\u0131m\u0131z \u00fcmid yeri kimi Nax\u00e7\u0131vana \u2013 \u00fcmummilli liderimiz Heyd\u0259r \u018fliyev\u0259 \u00fcz tutdu, onu t\u0259kidl\u0259 siyasi hakimiyy\u0259t\u0259 d\u0259v\u0259t etdi. 1993-c\u00fc il iyunun 15-d\u0259 Ulu \u00d6nd\u0259rin \u00f6lk\u0259mizd\u0259 yenid\u0259n siyasi hakimiyy\u0259t\u0259 qay\u0131d\u0131\u015f\u0131 Milli Qurtulu\u015f tariximizin \u0259sas\u0131n\u0131 qoydu, \u00f6lk\u0259miz t\u0259lat\u00fcml\u0259r burul\u011fan\u0131ndan xilas oldu, m\u00fcst\u0259qilliyimiz qorunub saxland\u0131, v\u0259t\u0259nda\u015f m\u00fcharib\u0259sinin qar\u015f\u0131s\u0131 al\u0131nd\u0131, m\u00f6hk\u0259m ictimai-siyasi sabitlik yarad\u0131ld\u0131, Az\u0259rbaycan yenid\u0259n \u0259sas\u0131 1969-cu ild\u0259n ba\u015flanan inki\u015faf yoluna qay\u0131td\u0131.<\/p>\n\n\n\n<p>Ulu \u00f6nd\u0259rimiz Heyd\u0259r \u018fliyev Az\u0259rbaycan\u0131n yeni d\u00f6vr \u00fc\u00e7\u00fcn demokratik inki\u015faf modelini m\u00fcdriklikl\u0259 ir\u0259li s\u00fcr\u00fcb, eyni zamanda bu m\u00fct\u0259r\u0259qqi d\u0259yi\u015fiklikl\u0259rin ictimai \u015f\u00fcurda t\u0259dric\u0259n q\u0259bul olunmas\u0131 z\u0259rur\u0259tini \u00f6n\u0259 \u00e7\u0259kib. Onun d\u00f6vl\u0259t\u00e7ilik konsepsiyas\u0131 Az\u0259rbaycan\u0131n tarixi \u0259n\u0259n\u0259l\u0259rini v\u0259 m\u00fcasir Avropa d\u0259y\u0259rl\u0259rini \u00f6z\u00fcnd\u0259 birl\u0259\u015fdir\u0259n yeni inki\u015faf modeli olub. Dahi \u015f\u0259xsiyy\u0259t o zaman qar\u015f\u0131ya qoydu\u011fu v\u0259zif\u0259l\u0259ri bel\u0259 b\u0259yan edib: \u201cAz\u0259rbaycan Respublikas\u0131nda demokratik, h\u00fcquqi d\u00f6vl\u0259t qurulmal\u0131d\u0131r. Az\u0259rbaycan d\u00f6vl\u0259ti demokratik prinsipl\u0259r \u0259sas\u0131nda f\u0259aliyy\u0259t g\u00f6st\u0259rm\u0259lidir, \u00f6z tarixi, milli \u0259n\u0259n\u0259l\u0259rind\u0259n b\u0259hr\u0259l\u0259n\u0259r\u0259k, d\u00fcnya demokratiyas\u0131ndan, \u00fcmumb\u0259\u015f\u0259ri d\u0259y\u0259rl\u0259rd\u0259n s\u0259m\u0259r\u0259li istifad\u0259 ed\u0259r\u0259k demokratik d\u00f6vl\u0259t quruculu\u011fu yolu il\u0259 getm\u0259lidir\u201d.<\/p>\n\n\n\n<p>G\u00f6rk\u0259mli d\u00f6vl\u0259t xadiminin uzaqg\u00f6r\u0259n siyas\u0259ti n\u0259tic\u0259sind\u0259 \u00f6lk\u0259mizin t\u0259bii s\u0259rv\u0259tl\u0259rind\u0259n s\u0259m\u0259r\u0259li istifad\u0259 edilm\u0259si, \u201c\u018fsrin m\u00fcqavil\u0259si\u201dnin imzalanmas\u0131 Az\u0259rbaycanda iqtisadiyyat\u0131n b\u00fct\u00fcn sah\u0259l\u0259rinin inki\u015faf\u0131na, yerli v\u0259 xarici investisiyalar, m\u00fcasir texnologiyalar, idar\u0259etm\u0259 t\u0259cr\u00fcb\u0259si c\u0259lb etm\u0259kl\u0259 r\u0259qab\u0259tqabiliyy\u0259tli m\u0259hsul istehsal ed\u0259n m\u00fc\u0259ssis\u0259l\u0259rin yarad\u0131lmas\u0131na, infrastrukturun yenil\u0259\u015fm\u0259sin\u0259, yeni i\u015f yerl\u0259rinin a\u00e7\u0131lmas\u0131na imkan verib. 1993-c\u00fc ild\u0259n sonra \u00f6lk\u0259mizd\u0259 apar\u0131lan d\u00f6vl\u0259t quruculu\u011fu prosesi h\u0259rt\u0259r\u0259fli inki\u015faf ed\u0259n, m\u00fcasir, demokratik \u00f6lk\u0259y\u0259 \u00e7evril\u0259n q\u00fcdr\u0259tli Az\u0259rbaycan Respublikas\u0131n\u0131n yarad\u0131lmas\u0131na s\u0259b\u0259b olub.<\/p>\n\n\n\n<p>Dahi r\u0259hb\u0259rin V\u0259t\u0259n v\u0259 xalq qar\u015f\u0131s\u0131nda g\u00f6st\u0259rdiyi b\u00f6y\u00fck xidm\u0259tl\u0259rd\u0259n biri d\u0259 milli d\u00f6vl\u0259t\u00e7iliyimizin m\u00f6hk\u0259ml\u0259ndirilm\u0259si bax\u0131m\u0131ndan \u00e7ox \u0259h\u0259miyy\u0259tli olan Az\u0259rbaycan\u00e7\u0131l\u0131q ideyas\u0131n\u0131 ir\u0259li s\u00fcrm\u0259si, milli birlik meyill\u0259rinin daha da d\u0259rinl\u0259\u015fdirilm\u0259sidir. 2001-ci il noyabr\u0131n 9-10-da Bak\u0131da D\u00fcnya Az\u0259rbaycanl\u0131lar\u0131n\u0131n I Qurultay\u0131n\u0131n ke\u00e7irilm\u0259si milli h\u0259mr\u0259yliy\u0259 nail olmaq amal\u0131n\u0131n Az\u0259rbaycan\u0131n d\u00f6vl\u0259t siyas\u0259tinin t\u0259rkib hiss\u0259sin\u0259 \u00e7evrildiyini n\u00fcmayi\u015f etdirmi\u015fdir.<\/p>\n\n\n\n<p><\/p>\n\n\n\n<p><strong>Bu g\u00fcn \u00f6lk\u0259miz Heyd\u0259r \u018fliyev siyas\u0259tini u\u011furla davam etdir\u0259n<\/strong><\/p>\n\n\n\n<p><strong>Prezident \u0130lham \u018fliyevin r\u0259hb\u0259rliyi alt\u0131nda yeni nailiyy\u0259tl\u0259r qazan\u0131r<\/strong><\/p>\n\n\n\n<p>Ulu \u00d6nd\u0259rimizin n\u0259sill\u0259r\u0259 n\u00fcmun\u0259 olan h\u0259yat yolu xalqa t\u0259m\u0259nnas\u0131z xidm\u0259td\u0259 ke\u00e7ib. O, n\u0259inki m\u00fcst\u0259qil Az\u0259rbaycan d\u00f6vl\u0259t\u00e7iliyinin \u0259b\u0259diliyini t\u0259min edib, h\u0259m d\u0259 m\u00fcst\u0259qil, milli d\u00f6vl\u0259t\u00e7iliyin \u0259sas\u0131n\u0131 qoyub, yeni idar\u0259\u00e7ilik m\u0259kt\u0259bi formala\u015fd\u0131r\u0131b. Dahi \u015f\u0259xsiyy\u0259t \u00f6z\u00fcn\u00fcn qurub-yaratd\u0131\u011f\u0131, \u015fah \u0259s\u0259ri olan m\u00fcst\u0259qil Az\u0259rbaycan\u0131n taleyini bu m\u0259kt\u0259bin layiqli davam\u00e7\u0131s\u0131 olan c\u0259nab \u0130lham \u018fliyev\u0259 \u0259man\u0259t edib. Bu g\u00fcn \u00f6lk\u0259miz Heyd\u0259r \u018fliyev siyas\u0259tini u\u011furla davam etdir\u0259n Prezident \u0130lham \u018fliyevin r\u0259hb\u0259rliyi alt\u0131nda yeni nailiyy\u0259tl\u0259r qazan\u0131r.<\/p>\n\n\n\n<p>Nax\u00e7\u0131van Muxtar Respublikas\u0131 Ali M\u0259clisinin S\u0259dri Vasif Tal\u0131bovun dediyi kimi: \u201cBu g\u00fcn \u00f6lk\u0259mizin v\u0259 muxtar respublikam\u0131z\u0131n sosial-iqtisadi, elmi v\u0259 m\u0259d\u0259ni h\u0259yat\u0131nda ged\u0259n prosesl\u0259rin k\u00f6k\u00fcnd\u0259 f\u0259al yarad\u0131c\u0131 g\u00fcc\u0259 malik olan Heyd\u0259r \u018fliyev milli d\u00f6vl\u0259t\u00e7ilik konsepsiyas\u0131, inki\u015faf\u0131n Heyd\u0259r \u018fliyev modeli dayan\u0131r. Gec\u0259li-g\u00fcnd\u00fczl\u00fc f\u0259dakar \u0259m\u0259yi il\u0259 m\u00fcst\u0259qil Az\u0259rbaycan d\u00f6vl\u0259tini yaradan, Az\u0259rbaycan\u0131 \u00f6z h\u0259yat\u0131n\u0131n m\u0259nas\u0131 bil\u0259n Ulu \u00d6nd\u0259rimizin xalq\u0131m\u0131z qar\u015f\u0131s\u0131nda xidm\u0259tl\u0259ri unudulmazd\u0131r. \u00d6z\u00fcnd\u0259n sonra q\u00fcdr\u0259tli Az\u0259rbaycan adl\u0131 m\u00f6ht\u0259\u015f\u0259m abid\u0259 qoyub ged\u0259n \u00dcmummilli Liderimizin ad\u0131, siyasi v\u0259 d\u00f6vl\u0259t\u00e7ilik f\u0259aliyy\u0259ti m\u00fcst\u0259qil Az\u0259rbaycanla birg\u0259 ya\u015fay\u0131r v\u0259 ya\u015fayacaqd\u0131r!\u201d<\/p>\n\n\n\n<p>1969-cu ilin 14 iyulu tarix\u0259 Az\u0259rbaycan\u0131n \u00f6z\u00fcn\u0259 qay\u0131d\u0131\u015f\u0131n\u0131n, dir\u00e7\u0259li\u015f v\u0259 inki\u015faf yolunun ba\u015flan\u011f\u0131c\u0131 kimi d\u00fc\u015f\u00fcb. \u00c7\u00fcnki m\u0259hz h\u0259min tarixd\u0259n etibar\u0259n Az\u0259rbaycana r\u0259hb\u0259rlik ed\u0259n ulu \u00f6nd\u0259r Heyd\u0259r \u018fliyev q\u00fcdr\u0259tli d\u00f6vl\u0259t xadimi, mahir siyas\u0259t\u00e7i kimi Az\u0259rbaycan\u0131 n\u0259inki ke\u00e7mi\u015f SSR\u0130-d\u0259 v\u0259 d\u00fcnyada tan\u0131d\u0131b, h\u0259m d\u0259 milli varl\u0131\u011f\u0131m\u0131z\u0131 qoruyub saxlay\u0131b. O ill\u0259rin r\u0259\u015fad\u0259ti v\u0259 \u015f\u00f6hr\u0259ti XX \u0259sr tariximiz\u0259 q\u0131z\u0131l h\u0259rfl\u0259rl\u0259 yaz\u0131l\u0131b. Buna g\u00f6r\u0259 d\u0259 14 iyul tarixi xalq\u0131m\u0131z\u0131n q\u0259lbind\u0259 h\u0259m d\u0259 milliliyin, Az\u0259rbaycan\u00e7\u0131l\u0131\u011f\u0131n, tarix s\u0259hif\u0259sind\u0259 milli d\u00f6vl\u0259t\u00e7iliyimizin \u0259b\u0259di m\u00f6vcudiyy\u0259t g\u00fcn\u00fc kimi q\u0259bul edilir.<\/p>\n","protected":false},"excerpt":{"rendered":"<p>\u00d6lk\u0259mizin \u00e7ox\u0259srlik d\u00f6vl\u0259t\u00e7ilik tarixind\u0259 Heyd\u0259r \u018fliyev epoxas\u0131n\u0131n m\u00fcst\u0259sna yeri vard\u0131r. Bu m\u0259nada, Ulu \u00d6nd\u0259rin Az\u0259rbaycanda birinci d\u0259f\u0259 siyasi hakimiyy\u0259t\u0259 g\u0259ldiyi 1969-cu ilin 14 iyul g\u00fcn\u00fc xalq\u0131m\u0131z\u0131n tarixi taleyind\u0259 oynad\u0131\u011f\u0131 misilsiz rolu il\u0259 daim xat\u0131rlan\u0131r. Bu tarix Az\u0259rbaycan\u0131n xilas\u0131n\u0131n birinci m\u0259rh\u0259l\u0259si, xalq\u0131n \u00f6z\u00fcn\u0259 qay\u0131d\u0131\u015f tarixidir. D\u00fcnya \u015f\u00f6hr\u0259tli siyasi xadim \u00f6z m\u00fcdrik f\u0259aliyy\u0259ti il\u0259 m\u00fcasir tariximizin \u0259n [&hellip;]<\/p>\n","protected":false},"author":6,"featured_media":6179,"comment_status":"closed","ping_status":"closed","sticky":false,"template":"","format":"standard","meta":{"footnotes":""},"categories":[1],"tags":[],"class_list":["post-6177","post","type-post","status-publish","format-standard","has-post-thumbnail","hentry","category-sas"],"_links":{"self":[{"href":"https:\/\/iif.gdu.edu.az\/index.php?rest_route=\/wp\/v2\/posts\/6177","targetHints":{"allow":["GET"]}}],"collection":[{"href":"https:\/\/iif.gdu.edu.az\/index.php?rest_route=\/wp\/v2\/posts"}],"about":[{"href":"https:\/\/iif.gdu.edu.az\/index.php?rest_route=\/wp\/v2\/types\/post"}],"author":[{"embeddable":true,"href":"https:\/\/iif.gdu.edu.az\/index.php?rest_route=\/wp\/v2\/users\/6"}],"replies":[{"embeddable":true,"href":"https:\/\/iif.gdu.edu.az\/index.php?rest_route=%2Fwp%2Fv2%2Fcomments&post=6177"}],"version-history":[{"count":1,"href":"https:\/\/iif.gdu.edu.az\/index.php?rest_route=\/wp\/v2\/posts\/6177\/revisions"}],"predecessor-version":[{"id":6180,"href":"https:\/\/iif.gdu.edu.az\/index.php?rest_route=\/wp\/v2\/posts\/6177\/revisions\/6180"}],"wp:featuredmedia":[{"embeddable":true,"href":"https:\/\/iif.gdu.edu.az\/index.php?rest_route=\/wp\/v2\/media\/6179"}],"wp:attachment":[{"href":"https:\/\/iif.gdu.edu.az\/index.php?rest_route=%2Fwp%2Fv2%2Fmedia&parent=6177"}],"wp:term":[{"taxonomy":"category","embeddable":true,"href":"https:\/\/iif.gdu.edu.az\/index.php?rest_route=%2Fwp%2Fv2%2Fcategories&post=6177"},{"taxonomy":"post_tag","embeddable":true,"href":"https:\/\/iif.gdu.edu.az\/index.php?rest_route=%2Fwp%2Fv2%2Ftags&post=6177"}],"curies":[{"name":"wp","href":"https:\/\/api.w.org\/{rel}","templated":true}]}}