{"id":6181,"date":"2023-07-24T09:32:00","date_gmt":"2023-07-24T07:32:00","guid":{"rendered":"http:\/\/iif.gdu.edu.az\/?p=6181"},"modified":"2023-07-29T09:36:50","modified_gmt":"2023-07-29T07:36:50","slug":"yap-g%c9%99nc%c9%99-t%c9%99skilatinin-30-illiyi-qeyd-olunub","status":"publish","type":"post","link":"https:\/\/iif.gdu.edu.az\/?p=6181","title":{"rendered":"YAP G\u0259nc\u0259 t\u0259\u015fkilat\u0131n\u0131n 30 illiyi qeyd olunub"},"content":{"rendered":"\n<figure class=\"wp-block-image\"><img decoding=\"async\" src=\"https:\/\/525.az\/img\/pics\/large\/2023-07\/277492_lfzu1os7gd.jpeg\" alt=\"YAP G\u0259nc\u0259 t\u0259\u015fkilat\u0131n\u0131n 30 illiyi qeyd olunub\"\/><\/figure>\n\n\n\n<p><strong>20-ci \u0259srin sonlar\u0131ndak\u0131 tarixi t\u0259lat\u00fcml\u0259r fonunda d\u00f6vl\u0259t\u00e7iliyimizin xilas\u0131 v\u0259 g\u0259l\u0259c\u0259k inki\u015faf\u0131n t\u0259min olunmas\u0131 namin\u0259 milli maraqlar\u0131m\u0131z\u0131n t\u0259minat\u00e7\u0131s\u0131 olan, Ulu \u00d6nd\u0259r Heyd\u0259r \u018fliyevin ideallar\u0131na s\u00f6yk\u0259n\u0259n siyasi t\u0259\u015fkilat\u0131n &#8211; Yeni Az\u0259rbaycan Partiyas\u0131n\u0131n yarad\u0131lmas\u0131 V\u0259t\u0259nimizin taleyind\u0259 m\u00fcst\u0259sna rol oynam\u0131\u015f m\u00fch\u00fcm bir tarixi hadis\u0259dir. H\u0259mim \u00e7\u0259tin d\u00f6vrd\u0259, q\u0131sa bir zaman \u0259rzind\u0259 partiyan\u0131n yerli t\u0259\u015fkilatlar\u0131n\u0131n formala\u015fd\u0131r\u0131lmas\u0131 da sabitlik, dir\u00e7\u0259li\u015f v\u0259 sabahk\u0131 g\u00fcn \u00fc\u00e7\u00fcn \u0259minlik m\u0259qs\u0259dl\u0259rin\u0259 xidm\u0259t etmi\u015f oldu.<\/strong><\/p>\n\n\n\n<p>YAP G\u0259nc\u0259 \u015f\u0259h\u0259r t\u0259\u015fkilat\u0131n\u0131n yarad\u0131lmas\u0131n\u0131n 30 illik yubileyi m\u00fcnasib\u0259til\u0259 ke\u00e7iril\u0259n \u015f\u0259h\u0259r t\u0259dbirind\u0259 d\u0259 bu fikirl\u0259r bir daha s\u0259sl\u0259ndirilib.<br>Heyd\u0259r \u018fliyev M\u0259rk\u0259zd\u0259 ke\u00e7iril\u0259n t\u0259dbird\u0259 G\u0259nc\u0259 \u015e\u0259h\u0259r \u0130cra Hakimiyy\u0259tinin ba\u015f\u00e7\u0131s\u0131 Niyazi Bayramov, T\u00fcrkiy\u0259nin G\u0259nc\u0259d\u0259ki Ba\u015f konsulu Recep \u00d6ztop, YAP G\u0259nc\u0259 \u015f\u0259h\u0259r t\u0259\u015fkilat\u0131n\u0131n s\u0259dri Bayram Aslanov, idar\u0259, m\u00fc\u0259ssis\u0259, t\u0259\u015fkilat r\u0259hb\u0259rl\u0259ri, partiya f\u0259allar\u0131 v\u0259 \u015f\u0259h\u0259r ictimaiyy\u0259tinin n\u00fcmay\u0259nd\u0259l\u0259ri i\u015ftirak edibl\u0259r.<\/p>\n\n\n\n<p>T\u0259dbir i\u015ftirak\u00e7\u0131lar\u0131 Ulu \u00d6nd\u0259r Heyd\u0259r \u018fliyevin abid\u0259sini ziyar\u0259t edib, \u00f6n\u00fcn\u0259 g\u00fcl d\u0259st\u0259l\u0259ri d\u00fcz\u00fcbl\u0259r.<br>Toplant\u0131n\u0131n ba\u015flan\u011f\u0131c\u0131nda D\u00f6vl\u0259t Himni s\u0259sl\u0259ndirilib, \u00dcmummilli Lider Heyd\u0259r \u018fliyevin v\u0259 V\u0259t\u0259n torpaqlar\u0131n\u0131n b\u00fct\u00f6vl\u00fcy\u00fc u\u011frunda canlar\u0131ndan ke\u00e7\u0259n \u015f\u0259hidl\u0259rin \u0259ziz xatir\u0259si bir d\u0259qiq\u0259lik s\u00fckutla yad edilib.<\/p>\n\n\n\n<p>YAP G\u0259nc\u0259 \u015f\u0259h\u0259r t\u0259\u015fkilat\u0131n\u0131n s\u0259dri Bayram Aslanov t\u0259brik nitqi il\u0259 \u00e7\u0259\u0131x\u0131\u015f edib. O, h\u0259m\u00e7inin xat\u0131rlad\u0131b ki, partiyan\u0131n 1993 &#8211; c\u00fc ilin iyul ay\u0131n\u0131n 23-d\u0259 bu G\u0259nc\u0259d\u0259 63 n\u0259f\u0259r t\u0259ss\u00fcbke\u015fin i\u015ftirak\u0131 il\u0259 formala\u015fd\u0131r\u0131lan \u015f\u0259h\u0259r t\u0259\u015fkilat\u0131n\u0131n haz\u0131rda 43 min 464 n\u0259f\u0259r \u00fczv\u00fc var. O, qeyd edib ki, Ulu \u00d6nd\u0259r Heyd\u0259r \u018fliyevin yarad\u0131c\u0131s\u0131 oldu\u011fu, d\u00fcn\u0259nin, bu g\u00fcn\u00fcn v\u0259 g\u0259l\u0259c\u0259yin partiyas\u0131 m\u00fcasir d\u00f6vr\u00fcm\u00fczd\u0259 &nbsp;Prezident \u0130lham \u018fliyevin s\u0259drliyi il\u0259 u\u011furla inki\u015faf edir, regionun \u0259n b\u00f6y\u00fck siyasi t\u0259\u015fkilat\u0131na \u00e7evrilib.<\/p>\n\n\n\n<p>G\u0259nc\u0259 \u015f\u0259h\u0259r \u0130cra hakimiyy\u0259tinin ba\u015f\u00e7\u0131s\u0131 Niyazi Bayramov da bu tarixi g\u00fcn m\u00fcnasib\u0259til\u0259 t\u0259brikl\u0259rini \u00e7atd\u0131raraq qeyd edib ki, \u00dcmummilli Lider Heyd\u0259r \u018fliyevin ideyalar\u0131 \u0259sas\u0131nda u\u011furla f\u0259aliyy\u0259t g\u00f6st\u0259r\u0259n partiya, bu g\u00fcn Az\u0259rbaycan Respublikas\u0131n\u0131n Prezidenti c\u0259nab \u0130lham \u018fliyevin r\u0259hb\u0259rliyi il\u0259 yeni u\u011furlara imza at\u0131r. \u015e\u0259h\u0259r r\u0259hb\u0259ri h\u0259m\u00e7inin vur\u011fulay\u0131b ki, t\u0259\u015fkilat\u0131n s\u0131ralar\u0131 g\u00fcnd\u0259n-g\u00fcn\u0259 d\u0259 savadl\u0131, v\u0259t\u0259np\u0259rv\u0259r g\u0259ncl\u0259rin, qad\u0131nlar\u0131n, ziyal\u0131lar\u0131n hesab\u0131na yenil\u0259nm\u0259si v\u0259 geni\u015fl\u0259nm\u0259si partiyan\u0131n bu g\u00fcn\u00fcn\u0259 v\u0259 g\u0259l\u0259c\u0259yin\u0259 olan inam\u0131n g\u00f6st\u0259ricisidir.<\/p>\n\n\n\n<p>T\u0259dbird\u0259 \u00e7\u0131x\u0131\u015f ed\u0259n dig\u0259r natiql\u0259r Ulu \u00d6nd\u0259r Heyd\u0259r \u018fliyev t\u0259r\u0259find\u0259n t\u0259m\u0259li qoyulmu\u015f Yeni Az\u0259rbaycan Partiyas\u0131n\u0131n ke\u00e7diyi \u015f\u0259r\u0259fli inki\u015faf yolundan dan\u0131\u015f\u0131blar, h\u0259m\u00e7inin Az\u0259rbaycan Respublikas\u0131n\u0131n Prezidenti, Yeni Az\u0259rbaycan Partiyas\u0131n\u0131n \u015f\u0259dri, M\u00fcz\u0259ff\u0259r Ali Ba\u015f Komandan \u0130lham \u018fliyevin m\u00fcdrik siyas\u0259ti say\u0259sind\u0259 \u00f6lk\u0259mizin \u0259ld\u0259 etdiyi m\u00f6ht\u0259\u015f\u0259m h\u0259rbi v\u0259 siyasi q\u0259l\u0259b\u0259l\u0259rin d\u00f6vl\u0259t\u00e7iliyimizin v\u0259 milli h\u0259mr\u0259yliyimizin daha y\u00fcks\u0259k \u00a0m\u0259qamlara y\u00fcks\u0259lm\u0259sind\u0259 m\u00fch\u00fcm rol oynad\u0131\u011f\u0131n\u0131 vur\u011fulay\u0131blar.<br>Yubiley toplant\u0131s\u0131n\u0131n sonunda YAP G\u0259nc\u0259 \u015f\u0259h\u0259r t\u0259\u015fkilat\u0131n\u0131n yarad\u0131lmas\u0131nda v\u0259 f\u0259aliyy\u0259tind\u0259 xidm\u0259tl\u0259ri olmu\u015f bir qrup \u015f\u0259xs\u0259 F\u0259xri f\u0259rmanlar t\u0259qdim olunub.<\/p>\n\n\n\n<figure class=\"wp-block-image size-large\"><img loading=\"lazy\" decoding=\"async\" width=\"900\" height=\"599\" src=\"http:\/\/iif.gdu.edu.az\/wp-content\/uploads\/2023\/07\/277494_ri0d8dnddk.jpg\" alt=\"\" class=\"wp-image-6182\" srcset=\"https:\/\/iif.gdu.edu.az\/wp-content\/uploads\/2023\/07\/277494_ri0d8dnddk.jpg 900w, https:\/\/iif.gdu.edu.az\/wp-content\/uploads\/2023\/07\/277494_ri0d8dnddk-768x511.jpg 768w, https:\/\/iif.gdu.edu.az\/wp-content\/uploads\/2023\/07\/277494_ri0d8dnddk-480x320.jpg 480w, https:\/\/iif.gdu.edu.az\/wp-content\/uploads\/2023\/07\/277494_ri0d8dnddk-320x213.jpg 320w, https:\/\/iif.gdu.edu.az\/wp-content\/uploads\/2023\/07\/277494_ri0d8dnddk-240x160.jpg 240w\" sizes=\"auto, (max-width: 900px) 100vw, 900px\" \/><\/figure>\n\n\n\n<p><\/p>\n","protected":false},"excerpt":{"rendered":"<p>20-ci \u0259srin sonlar\u0131ndak\u0131 tarixi t\u0259lat\u00fcml\u0259r fonunda d\u00f6vl\u0259t\u00e7iliyimizin xilas\u0131 v\u0259 g\u0259l\u0259c\u0259k inki\u015faf\u0131n t\u0259min olunmas\u0131 namin\u0259 milli maraqlar\u0131m\u0131z\u0131n t\u0259minat\u00e7\u0131s\u0131 olan, Ulu \u00d6nd\u0259r Heyd\u0259r \u018fliyevin ideallar\u0131na s\u00f6yk\u0259n\u0259n siyasi t\u0259\u015fkilat\u0131n &#8211; Yeni Az\u0259rbaycan Partiyas\u0131n\u0131n yarad\u0131lmas\u0131 V\u0259t\u0259nimizin taleyind\u0259 m\u00fcst\u0259sna rol oynam\u0131\u015f m\u00fch\u00fcm bir tarixi hadis\u0259dir. H\u0259mim \u00e7\u0259tin d\u00f6vrd\u0259, q\u0131sa bir zaman \u0259rzind\u0259 partiyan\u0131n yerli t\u0259\u015fkilatlar\u0131n\u0131n formala\u015fd\u0131r\u0131lmas\u0131 da sabitlik, dir\u00e7\u0259li\u015f v\u0259 [&hellip;]<\/p>\n","protected":false},"author":6,"featured_media":6182,"comment_status":"closed","ping_status":"closed","sticky":false,"template":"","format":"standard","meta":{"footnotes":""},"categories":[1],"tags":[],"class_list":["post-6181","post","type-post","status-publish","format-standard","has-post-thumbnail","hentry","category-sas"],"_links":{"self":[{"href":"https:\/\/iif.gdu.edu.az\/index.php?rest_route=\/wp\/v2\/posts\/6181","targetHints":{"allow":["GET"]}}],"collection":[{"href":"https:\/\/iif.gdu.edu.az\/index.php?rest_route=\/wp\/v2\/posts"}],"about":[{"href":"https:\/\/iif.gdu.edu.az\/index.php?rest_route=\/wp\/v2\/types\/post"}],"author":[{"embeddable":true,"href":"https:\/\/iif.gdu.edu.az\/index.php?rest_route=\/wp\/v2\/users\/6"}],"replies":[{"embeddable":true,"href":"https:\/\/iif.gdu.edu.az\/index.php?rest_route=%2Fwp%2Fv2%2Fcomments&post=6181"}],"version-history":[{"count":1,"href":"https:\/\/iif.gdu.edu.az\/index.php?rest_route=\/wp\/v2\/posts\/6181\/revisions"}],"predecessor-version":[{"id":6183,"href":"https:\/\/iif.gdu.edu.az\/index.php?rest_route=\/wp\/v2\/posts\/6181\/revisions\/6183"}],"wp:featuredmedia":[{"embeddable":true,"href":"https:\/\/iif.gdu.edu.az\/index.php?rest_route=\/wp\/v2\/media\/6182"}],"wp:attachment":[{"href":"https:\/\/iif.gdu.edu.az\/index.php?rest_route=%2Fwp%2Fv2%2Fmedia&parent=6181"}],"wp:term":[{"taxonomy":"category","embeddable":true,"href":"https:\/\/iif.gdu.edu.az\/index.php?rest_route=%2Fwp%2Fv2%2Fcategories&post=6181"},{"taxonomy":"post_tag","embeddable":true,"href":"https:\/\/iif.gdu.edu.az\/index.php?rest_route=%2Fwp%2Fv2%2Ftags&post=6181"}],"curies":[{"name":"wp","href":"https:\/\/api.w.org\/{rel}","templated":true}]}}