{"id":6187,"date":"2023-09-21T09:30:00","date_gmt":"2023-09-21T07:30:00","guid":{"rendered":"http:\/\/iif.gdu.edu.az\/?p=6187"},"modified":"2023-10-09T09:32:05","modified_gmt":"2023-10-09T07:32:05","slug":"beyn%c9%99lxalq-sulh-gunu-2","status":"publish","type":"post","link":"https:\/\/iif.gdu.edu.az\/?p=6187","title":{"rendered":"Beyn\u0259lxalq S\u00fclh G\u00fcn\u00fc"},"content":{"rendered":"\n<p><strong>Beyn\u0259lxalq S\u00fclh G\u00fcn\u00fc<\/strong>&nbsp;\u2014&nbsp;<a href=\"https:\/\/az.wikipedia.org\/wiki\/21_sentyabr\">21 sentyabr<\/a>&nbsp;tarixind\u0259 b\u00fct\u00fcn d\u00fcnyada qeyd olunan bayram.<\/p>\n\n\n\n<p>Beyn\u0259lxalq S\u00fclh G\u00fcn\u00fc&nbsp;<a href=\"https:\/\/az.wikipedia.org\/wiki\/BMT\">BMT<\/a>-nin&nbsp;<a href=\"https:\/\/az.wikipedia.org\/wiki\/30_noyabr\">30 noyabr<\/a>&nbsp;<a href=\"https:\/\/az.wikipedia.org\/wiki\/1981\">1981<\/a>-ci ild\u0259ki q\u0259rar\u0131 il\u0259 b\u00fct\u00fcn d\u00fcnyada qeyd olunur. D\u00fcnyan\u0131n 192 \u00f6lk\u0259si yekdil olaraq bu q\u0259rar\u0131n lehin\u0259 s\u0259s vermi\u015fdir.&nbsp;<a href=\"https:\/\/az.wikipedia.org\/wiki\/1999\">1999<\/a>-cu ild\u0259 rejissor Ceremi Cilli insan c\u0259miyy\u0259tinin \u0259sas probleml\u0259ri v\u0259 nisb\u0259t\u0259n t\u0259cili h\u0259ll olunmal\u0131 olan m\u0259s\u0259l\u0259l\u0259r bar\u0259sind\u0259 &#8220;Peace one day&#8221;i yaratd\u0131. Onun \u0259sas c\u0259hd etdiyi o idi ki, he\u00e7 olmasa ild\u0259 birc\u0259 g\u00fcn b\u00fct\u00fcn d\u00fcnyada insan zorak\u0131l\u0131\u011f\u0131n\u0131n ba\u015f verm\u0259sinin qar\u015f\u0131s\u0131n\u0131 als\u0131n, at\u0259\u015fk\u0259s olsun.<\/p>\n\n\n\n<p>21 sentyabr n\u0259inki yaln\u0131z xalqlar aras\u0131nda, h\u0259m\u00e7inin, ail\u0259l\u0259rd\u0259, m\u0259kt\u0259bl\u0259rd\u0259 k\u00f6kl\u00fc zorak\u0131l\u0131\u011fa qar\u015f\u0131 m\u00fcbariz\u0259nin \u0259ld\u0259 olunmas\u0131na nail olmaq \u00fc\u00e7\u00fcn bir g\u00fcnd\u00fcr. Bu s\u0259b\u0259bd\u0259n d\u0259 21 Sentyabr b\u00fct\u00fcn planet insanlar\u0131 \u00fc\u00e7\u00fcn \u00e7ox vacibdir.<\/p>\n\n\n\n<p>Bug\u00fcnki g\u00fcn \u00fc\u00e7\u00fcn \u0259sas m\u0259qs\u0259dl\u0259rd\u0259n biri\u00a0<a href=\"https:\/\/az.wikipedia.org\/wiki\/2012\">2012<\/a>-ci il\u0259 kimi 3 milyard insan\u0131 bu g\u00fcn\u0259 c\u0259lb etm\u0259kdir, bu s\u0259b\u0259bd\u0259n d\u0259 ya\u015f\u0131ndan, irqind\u0259n, milliy\u0259tind\u0259n, dinind\u0259n v\u0259 cinsind\u0259n as\u0131l\u0131 olmayaraq, s\u00fclh\u0259 nail olmaq ist\u0259y\u0259n h\u0259r k\u0259sin yard\u0131m\u0131na ehtiyac var.<\/p>\n\n\n\n<figure class=\"wp-block-image size-large\"><img loading=\"lazy\" decoding=\"async\" width=\"800\" height=\"533\" src=\"http:\/\/iif.gdu.edu.az\/wp-content\/uploads\/2023\/10\/Flag_of_the_United_Nations.svg_.png\" alt=\"\" class=\"wp-image-6188\" srcset=\"https:\/\/iif.gdu.edu.az\/wp-content\/uploads\/2023\/10\/Flag_of_the_United_Nations.svg_.png 800w, https:\/\/iif.gdu.edu.az\/wp-content\/uploads\/2023\/10\/Flag_of_the_United_Nations.svg_-768x512.png 768w, https:\/\/iif.gdu.edu.az\/wp-content\/uploads\/2023\/10\/Flag_of_the_United_Nations.svg_-480x320.png 480w, https:\/\/iif.gdu.edu.az\/wp-content\/uploads\/2023\/10\/Flag_of_the_United_Nations.svg_-320x213.png 320w, https:\/\/iif.gdu.edu.az\/wp-content\/uploads\/2023\/10\/Flag_of_the_United_Nations.svg_-240x160.png 240w\" sizes=\"auto, (max-width: 800px) 100vw, 800px\" \/><\/figure>\n\n\n\n<p><\/p>\n","protected":false},"excerpt":{"rendered":"<p>Beyn\u0259lxalq S\u00fclh G\u00fcn\u00fc&nbsp;\u2014&nbsp;21 sentyabr&nbsp;tarixind\u0259 b\u00fct\u00fcn d\u00fcnyada qeyd olunan bayram. Beyn\u0259lxalq S\u00fclh G\u00fcn\u00fc&nbsp;BMT-nin&nbsp;30 noyabr&nbsp;1981-ci ild\u0259ki q\u0259rar\u0131 il\u0259 b\u00fct\u00fcn d\u00fcnyada qeyd olunur. D\u00fcnyan\u0131n 192 \u00f6lk\u0259si yekdil olaraq bu q\u0259rar\u0131n lehin\u0259 s\u0259s vermi\u015fdir.&nbsp;1999-cu ild\u0259 rejissor Ceremi Cilli insan c\u0259miyy\u0259tinin \u0259sas probleml\u0259ri v\u0259 nisb\u0259t\u0259n t\u0259cili h\u0259ll olunmal\u0131 olan m\u0259s\u0259l\u0259l\u0259r bar\u0259sind\u0259 &#8220;Peace one day&#8221;i yaratd\u0131. Onun \u0259sas c\u0259hd etdiyi o [&hellip;]<\/p>\n","protected":false},"author":6,"featured_media":6188,"comment_status":"closed","ping_status":"closed","sticky":false,"template":"","format":"standard","meta":{"footnotes":""},"categories":[1],"tags":[],"class_list":["post-6187","post","type-post","status-publish","format-standard","has-post-thumbnail","hentry","category-sas"],"_links":{"self":[{"href":"https:\/\/iif.gdu.edu.az\/index.php?rest_route=\/wp\/v2\/posts\/6187","targetHints":{"allow":["GET"]}}],"collection":[{"href":"https:\/\/iif.gdu.edu.az\/index.php?rest_route=\/wp\/v2\/posts"}],"about":[{"href":"https:\/\/iif.gdu.edu.az\/index.php?rest_route=\/wp\/v2\/types\/post"}],"author":[{"embeddable":true,"href":"https:\/\/iif.gdu.edu.az\/index.php?rest_route=\/wp\/v2\/users\/6"}],"replies":[{"embeddable":true,"href":"https:\/\/iif.gdu.edu.az\/index.php?rest_route=%2Fwp%2Fv2%2Fcomments&post=6187"}],"version-history":[{"count":1,"href":"https:\/\/iif.gdu.edu.az\/index.php?rest_route=\/wp\/v2\/posts\/6187\/revisions"}],"predecessor-version":[{"id":6189,"href":"https:\/\/iif.gdu.edu.az\/index.php?rest_route=\/wp\/v2\/posts\/6187\/revisions\/6189"}],"wp:featuredmedia":[{"embeddable":true,"href":"https:\/\/iif.gdu.edu.az\/index.php?rest_route=\/wp\/v2\/media\/6188"}],"wp:attachment":[{"href":"https:\/\/iif.gdu.edu.az\/index.php?rest_route=%2Fwp%2Fv2%2Fmedia&parent=6187"}],"wp:term":[{"taxonomy":"category","embeddable":true,"href":"https:\/\/iif.gdu.edu.az\/index.php?rest_route=%2Fwp%2Fv2%2Fcategories&post=6187"},{"taxonomy":"post_tag","embeddable":true,"href":"https:\/\/iif.gdu.edu.az\/index.php?rest_route=%2Fwp%2Fv2%2Ftags&post=6187"}],"curies":[{"name":"wp","href":"https:\/\/api.w.org\/{rel}","templated":true}]}}