{"id":6213,"date":"2023-10-15T08:28:00","date_gmt":"2023-10-15T06:28:00","guid":{"rendered":"http:\/\/iif.gdu.edu.az\/?p=6213"},"modified":"2023-10-16T08:29:50","modified_gmt":"2023-10-16T06:29:50","slug":"bu-gun-xank%c9%99ndinin-m%c9%99rk%c9%99zind%c9%99yik-az%c9%99rbaycan-bayragi-altinda-bu-tarixi-hadis%c9%99dir-ilham-%c9%99liyev","status":"publish","type":"post","link":"https:\/\/iif.gdu.edu.az\/?p=6213","title":{"rendered":"Bu g\u00fcn Xank\u0259ndinin m\u0259rk\u0259zind\u0259yik, Az\u0259rbaycan Bayra\u011f\u0131 alt\u0131nda, bu, tarixi hadis\u0259dir\u201d &#8211; \u0130lham \u018fliyev"},"content":{"rendered":"\n<p><strong>\u201cBu g\u00fcn vaxtil\u0259 &#8211; h\u0259l\u0259 i\u015f\u011fal d\u00f6vr\u00fcnd\u0259 dediyim s\u00f6zl\u0259r v\u0259 xalq t\u0259r\u0259find\u0259n t\u0259krarlanan s\u00f6zl\u0259r m\u0259nim \u00fc\u00e7\u00fcn \u0259n b\u00f6y\u00fck m\u00fckafatd\u0131r. M\u0259n o vaxt demi\u015fdim ki, n\u0259yi, nec\u0259, n\u0259 vaxt etm\u0259k laz\u0131md\u0131r, onu m\u0259n bilir\u0259m\u201d.<\/strong><\/p>\n\n\n\n<p><strong>Yenisabah.az<\/strong>&nbsp;x\u0259b\u0259r verir ki, bu s\u00f6zl\u0259ri Prezident&nbsp;\u0130lham \u018fliyev&nbsp;oktyabr\u0131n 15-d\u0259 Xank\u0259ndi \u015f\u0259h\u0259rind\u0259 Az\u0259rbaycan Respublikas\u0131n\u0131n D\u00f6vl\u0259t Bayra\u011f\u0131n\u0131 ucaltd\u0131qdan sonra \u00e7\u0131x\u0131\u015f ed\u0259rk\u0259n s\u00f6yl\u0259yib.<\/p>\n\n\n\n<p>D\u00f6vl\u0259timizin ba\u015f\u00e7\u0131s\u0131 deyib: \u201c\u0130kinci Qaraba\u011f m\u00fcharib\u0259si dayananda da Az\u0259rbaycan xalq\u0131 bilirdi ki, m\u0259n bunu bilir\u0259m. O g\u00fcnd\u0259n \u00fc\u00e7 il ke\u00e7m\u0259mi\u015f biz bu g\u00fcn buraday\u0131q, Xank\u0259ndid\u0259yik, Xank\u0259ndinin m\u0259rk\u0259zind\u0259yik, Az\u0259rbaycan Gerbi, Az\u0259rbaycan Bayra\u011f\u0131 alt\u0131nda. Bu, b\u00f6y\u00fck xo\u015fb\u0259xtlikdir v\u0259 tarixi hadis\u0259dir. \u0130ndi bu tarix haqq\u0131nda dan\u0131\u015fmaq m\u0259nim \u00fc\u00e7\u00fcn b\u0259lk\u0259 o q\u0259d\u0259r d\u0259 d\u00fczg\u00fcn deyil. \u00c7\u00fcnki bu tarixi biz ya\u015fam\u0131\u015f\u0131q, bu tarixi biz yaratm\u0131\u015f\u0131q\u201d.<\/p>\n\n\n\n<figure class=\"wp-block-image size-large\"><img loading=\"lazy\" decoding=\"async\" width=\"750\" height=\"422\" src=\"https:\/\/iif.gdu.edu.az\/wp-content\/uploads\/2023\/10\/resize.jpg\" alt=\"\" class=\"wp-image-6214\"\/><\/figure>\n\n\n\n<p><\/p>\n","protected":false},"excerpt":{"rendered":"<p>\u201cBu g\u00fcn vaxtil\u0259 &#8211; h\u0259l\u0259 i\u015f\u011fal d\u00f6vr\u00fcnd\u0259 dediyim s\u00f6zl\u0259r v\u0259 xalq t\u0259r\u0259find\u0259n t\u0259krarlanan s\u00f6zl\u0259r m\u0259nim \u00fc\u00e7\u00fcn \u0259n b\u00f6y\u00fck m\u00fckafatd\u0131r. M\u0259n o vaxt demi\u015fdim ki, n\u0259yi, nec\u0259, n\u0259 vaxt etm\u0259k laz\u0131md\u0131r, onu m\u0259n bilir\u0259m\u201d. Yenisabah.az&nbsp;x\u0259b\u0259r verir ki, bu s\u00f6zl\u0259ri Prezident&nbsp;\u0130lham \u018fliyev&nbsp;oktyabr\u0131n 15-d\u0259 Xank\u0259ndi \u015f\u0259h\u0259rind\u0259 Az\u0259rbaycan Respublikas\u0131n\u0131n D\u00f6vl\u0259t Bayra\u011f\u0131n\u0131 ucaltd\u0131qdan sonra \u00e7\u0131x\u0131\u015f ed\u0259rk\u0259n s\u00f6yl\u0259yib. D\u00f6vl\u0259timizin ba\u015f\u00e7\u0131s\u0131 deyib: [&hellip;]<\/p>\n","protected":false},"author":6,"featured_media":6214,"comment_status":"closed","ping_status":"closed","sticky":false,"template":"","format":"standard","meta":{"footnotes":""},"categories":[1],"tags":[],"class_list":["post-6213","post","type-post","status-publish","format-standard","has-post-thumbnail","hentry","category-sas"],"_links":{"self":[{"href":"https:\/\/iif.gdu.edu.az\/index.php?rest_route=\/wp\/v2\/posts\/6213","targetHints":{"allow":["GET"]}}],"collection":[{"href":"https:\/\/iif.gdu.edu.az\/index.php?rest_route=\/wp\/v2\/posts"}],"about":[{"href":"https:\/\/iif.gdu.edu.az\/index.php?rest_route=\/wp\/v2\/types\/post"}],"author":[{"embeddable":true,"href":"https:\/\/iif.gdu.edu.az\/index.php?rest_route=\/wp\/v2\/users\/6"}],"replies":[{"embeddable":true,"href":"https:\/\/iif.gdu.edu.az\/index.php?rest_route=%2Fwp%2Fv2%2Fcomments&post=6213"}],"version-history":[{"count":1,"href":"https:\/\/iif.gdu.edu.az\/index.php?rest_route=\/wp\/v2\/posts\/6213\/revisions"}],"predecessor-version":[{"id":6215,"href":"https:\/\/iif.gdu.edu.az\/index.php?rest_route=\/wp\/v2\/posts\/6213\/revisions\/6215"}],"wp:featuredmedia":[{"embeddable":true,"href":"https:\/\/iif.gdu.edu.az\/index.php?rest_route=\/wp\/v2\/media\/6214"}],"wp:attachment":[{"href":"https:\/\/iif.gdu.edu.az\/index.php?rest_route=%2Fwp%2Fv2%2Fmedia&parent=6213"}],"wp:term":[{"taxonomy":"category","embeddable":true,"href":"https:\/\/iif.gdu.edu.az\/index.php?rest_route=%2Fwp%2Fv2%2Fcategories&post=6213"},{"taxonomy":"post_tag","embeddable":true,"href":"https:\/\/iif.gdu.edu.az\/index.php?rest_route=%2Fwp%2Fv2%2Ftags&post=6213"}],"curies":[{"name":"wp","href":"https:\/\/api.w.org\/{rel}","templated":true}]}}