{"id":6224,"date":"2023-10-18T09:36:00","date_gmt":"2023-10-18T07:36:00","guid":{"rendered":"http:\/\/iif.gdu.edu.az\/?p=6224"},"modified":"2023-10-20T12:39:29","modified_gmt":"2023-10-20T10:39:29","slug":"must%c9%99qilliyin-b%c9%99rpasi-gunu-2","status":"publish","type":"post","link":"https:\/\/iif.gdu.edu.az\/?p=6224","title":{"rendered":"M\u00fcst\u0259qilliyin B\u0259rpas\u0131 G\u00fcn\u00fc"},"content":{"rendered":"\n<p><strong>M\u00fcst\u0259qilliyin B\u0259rpas\u0131 G\u00fcn\u00fc<\/strong>&nbsp;v\u0259 ya k\u00f6hn\u0259 ad\u0131 il\u0259&nbsp;<strong>Milli M\u00fcst\u0259qillik G\u00fcn\u00fc<\/strong>&nbsp;\u2014&nbsp;<a href=\"https:\/\/az.wikipedia.org\/wiki\/Az%C9%99rbaycan_tarixi\">Az\u0259rbaycan tarixinin<\/a>&nbsp;\u0259n m\u00fch\u00fcm g\u00fcnl\u0259rind\u0259n biridir. 2021-ci ild\u0259n etibar\u0259n yeni ad\u0131yla &#8220;M\u00fcst\u0259qilliyin B\u0259rpas\u0131 g\u00fcn\u00fc&#8221; (18 oktyabrda) kimi qeyd edilir.<\/p>\n\n\n\n<p>XX \u0259srin sonlar\u0131nda&nbsp;<a href=\"https:\/\/az.wikipedia.org\/wiki\/SSR%C4%B0\">SSR\u0130<\/a>-nin da\u011f\u0131lmas\u0131 il\u0259 yaranan tarixi \u015f\u0259rait n\u0259tic\u0259sind\u0259&nbsp;<a href=\"https:\/\/az.wikipedia.org\/wiki\/Az%C9%99rbaycan_d%C3%B6vl%C9%99ti\">Az\u0259rbaycan d\u00f6vl\u0259ti<\/a>&nbsp;\u00f6z m\u00fcst\u0259qilliyini ikinci d\u0259f\u0259 yenid\u0259n b\u0259rpa etmi\u015fdir. 1991-ci il oktyabr\u0131n 8-d\u0259&nbsp;<a href=\"https:\/\/az.wikipedia.org\/wiki\/Az%C9%99rbaycan_Ali_Soveti\">Az\u0259rbaycan Ali Sovetinin<\/a>&nbsp;i\u015f\u0259 ba\u015flanan n\u00f6vb\u0259d\u0259nk\u0259nar sessiyas\u0131 4 g\u00fcn m\u00fczakir\u0259l\u0259r apar\u0131b. N\u0259hay\u0259t, 1991-ci il oktyabr\u0131n 18-d\u0259 Ali Sovetin sessiyas\u0131nda tarixi s\u0259n\u0259d olan D\u00f6vl\u0259t M\u00fcst\u0259qilliyi haqq\u0131nda Konstitusiya Akt\u0131 q\u0259bul edilib.<\/p>\n\n\n\n<p>H\u0259min vaxt akt\u0131n lehin\u0259 Ali Sovetin 360 deputat\u0131ndan 231-i s\u0259s verir, yerd\u0259 qalanlar ya sessiyaya qat\u0131lmay\u0131b, ya da onun \u0259leyhin\u0259 s\u0259s verm\u0259yibl\u0259r. Konstitusiya Akt\u0131nda g\u00f6st\u0259rilib ki, m\u00fcst\u0259qil&nbsp;<a href=\"https:\/\/az.wikipedia.org\/wiki\/Az%C9%99rbaycan_d%C3%B6vl%C9%99ti\">Az\u0259rbaycan d\u00f6vl\u0259ti<\/a>&nbsp;1918\u20131920-ci ill\u0259rd\u0259 m\u00f6vcud olmu\u015f&nbsp;<a href=\"https:\/\/az.wikipedia.org\/wiki\/Az%C9%99rbaycan_Xalq_C%C3%BCmhuriyy%C9%99ti\">Az\u0259rbaycan Xalq C\u00fcmhuriyy\u0259tinin<\/a>&nbsp;h\u00fcquqi varisidir. Konstitusiya Akt\u0131 6 f\u0259sil, 32 madd\u0259d\u0259n ibar\u0259tdir.<\/p>\n\n\n\n<p>1991-ci il dekabr\u0131n 29-da \u00fcmumxalq referendumunda m\u0259s\u0259l\u0259 m\u00fczakir\u0259y\u0259 \u00e7\u0131xar\u0131l\u0131b v\u0259 \u0259halinin 95%-i s\u0259sverm\u0259d\u0259 i\u015ftirak ed\u0259r\u0259k \u00f6lk\u0259nin m\u00fcst\u0259qilliyin\u0259, suverenliyin\u0259 v\u0259 istiqlaliyy\u0259tin\u0259 s\u0259s verib.<\/p>\n\n\n\n<p>Az\u0259rbaycan\u0131n m\u00fcst\u0259qilliyi b\u0259rpa olunandan sonra\u00a0<a href=\"https:\/\/az.wikipedia.org\/wiki\/Az%C9%99rbaycan_bayra%C4%9F%C4%B1\">d\u00f6vl\u0259t bayra\u011f\u0131<\/a>,\u00a0<a href=\"https:\/\/az.wikipedia.org\/wiki\/Az%C9%99rbaycan_himni\">himni<\/a>\u00a0v\u0259\u00a0<a href=\"https:\/\/az.wikipedia.org\/wiki\/Az%C9%99rbaycan_gerbi\">gerbi<\/a>\u00a0haqq\u0131nda da qanunlar q\u0259bul edilib.<\/p>\n\n\n\n<figure class=\"wp-block-image size-large\"><img loading=\"lazy\" decoding=\"async\" width=\"307\" height=\"164\" src=\"https:\/\/iif.gdu.edu.az\/wp-content\/uploads\/2023\/10\/download-1.jpg\" alt=\"\" class=\"wp-image-6226\"\/><\/figure>\n\n\n\n<p><\/p>\n","protected":false},"excerpt":{"rendered":"<p>M\u00fcst\u0259qilliyin B\u0259rpas\u0131 G\u00fcn\u00fc&nbsp;v\u0259 ya k\u00f6hn\u0259 ad\u0131 il\u0259&nbsp;Milli M\u00fcst\u0259qillik G\u00fcn\u00fc&nbsp;\u2014&nbsp;Az\u0259rbaycan tarixinin&nbsp;\u0259n m\u00fch\u00fcm g\u00fcnl\u0259rind\u0259n biridir. 2021-ci ild\u0259n etibar\u0259n yeni ad\u0131yla &#8220;M\u00fcst\u0259qilliyin B\u0259rpas\u0131 g\u00fcn\u00fc&#8221; (18 oktyabrda) kimi qeyd edilir. XX \u0259srin sonlar\u0131nda&nbsp;SSR\u0130-nin da\u011f\u0131lmas\u0131 il\u0259 yaranan tarixi \u015f\u0259rait n\u0259tic\u0259sind\u0259&nbsp;Az\u0259rbaycan d\u00f6vl\u0259ti&nbsp;\u00f6z m\u00fcst\u0259qilliyini ikinci d\u0259f\u0259 yenid\u0259n b\u0259rpa etmi\u015fdir. 1991-ci il oktyabr\u0131n 8-d\u0259&nbsp;Az\u0259rbaycan Ali Sovetinin&nbsp;i\u015f\u0259 ba\u015flanan n\u00f6vb\u0259d\u0259nk\u0259nar sessiyas\u0131 4 g\u00fcn m\u00fczakir\u0259l\u0259r apar\u0131b. [&hellip;]<\/p>\n","protected":false},"author":6,"featured_media":6226,"comment_status":"closed","ping_status":"closed","sticky":false,"template":"","format":"standard","meta":{"footnotes":""},"categories":[1],"tags":[],"class_list":["post-6224","post","type-post","status-publish","format-standard","has-post-thumbnail","hentry","category-sas"],"_links":{"self":[{"href":"https:\/\/iif.gdu.edu.az\/index.php?rest_route=\/wp\/v2\/posts\/6224","targetHints":{"allow":["GET"]}}],"collection":[{"href":"https:\/\/iif.gdu.edu.az\/index.php?rest_route=\/wp\/v2\/posts"}],"about":[{"href":"https:\/\/iif.gdu.edu.az\/index.php?rest_route=\/wp\/v2\/types\/post"}],"author":[{"embeddable":true,"href":"https:\/\/iif.gdu.edu.az\/index.php?rest_route=\/wp\/v2\/users\/6"}],"replies":[{"embeddable":true,"href":"https:\/\/iif.gdu.edu.az\/index.php?rest_route=%2Fwp%2Fv2%2Fcomments&post=6224"}],"version-history":[{"count":1,"href":"https:\/\/iif.gdu.edu.az\/index.php?rest_route=\/wp\/v2\/posts\/6224\/revisions"}],"predecessor-version":[{"id":6227,"href":"https:\/\/iif.gdu.edu.az\/index.php?rest_route=\/wp\/v2\/posts\/6224\/revisions\/6227"}],"wp:featuredmedia":[{"embeddable":true,"href":"https:\/\/iif.gdu.edu.az\/index.php?rest_route=\/wp\/v2\/media\/6226"}],"wp:attachment":[{"href":"https:\/\/iif.gdu.edu.az\/index.php?rest_route=%2Fwp%2Fv2%2Fmedia&parent=6224"}],"wp:term":[{"taxonomy":"category","embeddable":true,"href":"https:\/\/iif.gdu.edu.az\/index.php?rest_route=%2Fwp%2Fv2%2Fcategories&post=6224"},{"taxonomy":"post_tag","embeddable":true,"href":"https:\/\/iif.gdu.edu.az\/index.php?rest_route=%2Fwp%2Fv2%2Ftags&post=6224"}],"curies":[{"name":"wp","href":"https:\/\/api.w.org\/{rel}","templated":true}]}}