{"id":6348,"date":"2023-12-24T08:00:00","date_gmt":"2023-12-24T06:00:00","guid":{"rendered":"http:\/\/iif.gdu.edu.az\/?p=6348"},"modified":"2023-12-23T08:40:59","modified_gmt":"2023-12-23T06:40:59","slug":"ilham-heyd%c9%99r-oglu-%c9%99liyev","status":"publish","type":"post","link":"https:\/\/iif.gdu.edu.az\/?p=6348","title":{"rendered":"\u0130lham Heyd\u0259r o\u011flu \u018fliyev"},"content":{"rendered":"\n<figure class=\"wp-block-image size-large\"><img loading=\"lazy\" decoding=\"async\" width=\"790\" height=\"1100\" src=\"https:\/\/iif.gdu.edu.az\/wp-content\/uploads\/2023\/12\/2d5g5d0afw_368.jpg\" alt=\"\" class=\"wp-image-6350\" srcset=\"https:\/\/iif.gdu.edu.az\/wp-content\/uploads\/2023\/12\/2d5g5d0afw_368.jpg 790w, https:\/\/iif.gdu.edu.az\/wp-content\/uploads\/2023\/12\/2d5g5d0afw_368-768x1069.jpg 768w\" sizes=\"auto, (max-width: 790px) 100vw, 790px\" \/><\/figure>\n\n\n\n<p><\/p>\n\n\n\n<p>\u0130lham Heyd\u0259r o\u011flu \u018fliyev 1961-ci il dekabr\u0131n 24-d\u0259 Bak\u0131 \u015f\u0259h\u0259rind\u0259 anadan olub.<\/p>\n\n\n\n<p>1967-1977-ci ill\u0259rd\u0259 Bak\u0131 \u015f\u0259h\u0259rind\u0259 6 sayl\u0131 orta m\u0259kt\u0259bd\u0259 t\u0259hsil al\u0131b.<\/p>\n\n\n\n<p>1977-1982-ci ill\u0259rd\u0259 Moskva D\u00f6vl\u0259t Beyn\u0259lxalq M\u00fcnasib\u0259tl\u0259r \u0130nstitutunda (MDBM\u0130) t\u0259hsil al\u0131b. MDBM\u0130-ni bitirdikd\u0259n sonra, 1982-ci ild\u0259 h\u0259min institutun aspiranturas\u0131na daxil olub.<\/p>\n\n\n\n<p>1985-ci ild\u0259 dissertasiya m\u00fcdafi\u0259 ed\u0259r\u0259k tarix elml\u0259ri namiz\u0259di elmi d\u0259r\u0259c\u0259sini al\u0131b v\u0259 1985-1990-c\u0131 ill\u0259rd\u0259 Moskva D\u00f6vl\u0259t Beyn\u0259lxalq M\u00fcnasib\u0259tl\u0259r \u0130nstitutunun m\u00fc\u0259llimi olub.<\/p>\n\n\n\n<p>1991-1994-c\u00fc ill\u0259r \u0259rzind\u0259 \u00f6z\u0259l biznes sah\u0259sind\u0259 \u00e7al\u0131\u015f\u0131b v\u0259 bir s\u0131ra istehsal-kommersiya m\u00fc\u0259ssis\u0259l\u0259rin\u0259 r\u0259hb\u0259rlik edib.<\/p>\n\n\n\n<p>1994-c\u00fc ild\u0259n 2003-c\u00fc ilin avqust ay\u0131nad\u0259k Az\u0259rbaycan Respublikas\u0131 D\u00f6vl\u0259t Neft \u015eirk\u0259tinin \u0259vv\u0259lc\u0259 vitse-prezidenti, sonra is\u0259 birinci vitse-prezidenti olub. \u00dcmummilli lider Heyd\u0259r \u018fliyevin neft strategiyas\u0131n\u0131n h\u0259yata ke\u00e7irilm\u0259sind\u0259 f\u0259al i\u015ftirak edib.<\/p>\n\n\n\n<p>1995-ci v\u0259 2000-ci ill\u0259rd\u0259 Az\u0259rbaycan Respublikas\u0131n\u0131n Milli M\u0259clisin\u0259 \u00fczv se\u00e7ilib.<\/p>\n\n\n\n<p>1997-ci ild\u0259n Az\u0259rbaycan Milli Olimpiya Komit\u0259sinin Prezidentidir.<\/p>\n\n\n\n<p>1999-cu ild\u0259 Yeni Az\u0259rbaycan Partiyas\u0131 s\u0259drinin m\u00fcavini, 2001-ci ild\u0259 s\u0259drin birinci m\u00fcavini, 2005-ci ild\u0259 is\u0259 partiyan\u0131n s\u0259dri se\u00e7ilib.<\/p>\n\n\n\n<p>2001-2003-c\u00fc ill\u0259rd\u0259 Avropa \u015euras\u0131 Parlament Assambleyas\u0131nda (A\u015ePA) Az\u0259rbaycan Respublikas\u0131 Milli M\u0259clisinin n\u00fcmay\u0259nd\u0259 hey\u0259tinin r\u0259hb\u0259ri olub. 2003-c\u00fc ilin yanvar ay\u0131nda is\u0259 Avropa \u015euras\u0131 Parlament Assambleyas\u0131 s\u0259drinin m\u00fcavini, A\u015ePA-n\u0131n B\u00fcro \u00fczv\u00fc se\u00e7ilib.<\/p>\n\n\n\n<p>2003-c\u00fc il avqustun 4-d\u0259 Milli M\u0259clisd\u0259 t\u0259sdiq edildikd\u0259n sonra Az\u0259rbaycan Respublikas\u0131n\u0131n Ba\u015f naziri t\u0259yin olunub. Bununla \u0259laq\u0259dar deputat s\u0259lahiyy\u0259tl\u0259rin\u0259 xitam verilib.<\/p>\n\n\n\n<p>\u0130lham \u018fliyev 2003-c\u00fc il oktyabr\u0131n 15-d\u0259 Az\u0259rbaycan Respublikas\u0131n\u0131n Prezidenti se\u00e7ilib. Prezident se\u00e7kil\u0259rind\u0259 se\u00e7icil\u0259rin 76 faizind\u0259n \u00e7oxu \u0130lham \u018fliyevin lehin\u0259 s\u0259s verib.<\/p>\n\n\n\n<p>2004-c\u00fc ild\u0259 Avropa \u015euras\u0131 Parlament Assambleyas\u0131n\u0131n f\u0259xri \u00fczv\u00fc diplomu v\u0259 medal\u0131 il\u0259 t\u0259ltif edilib.<\/p>\n\n\n\n<p>2008-ci il oktyabr\u0131n 15-d\u0259 ke\u00e7iril\u0259n se\u00e7kil\u0259rd\u0259 se\u00e7icil\u0259rin 88,73 faiz s\u0259sini qazanan \u0130lham \u018fliyev ikinci d\u0259f\u0259 Az\u0259rbaycan Respublikas\u0131n\u0131n Prezidenti se\u00e7ilib.<\/p>\n\n\n\n<p>2013-c\u00fc il oktyabr\u0131n 9-da ke\u00e7iril\u0259n se\u00e7kil\u0259rd\u0259 is\u0259 se\u00e7icil\u0259rin 84,54 faiz s\u0259sini qazanan \u0130lham \u018fliyev n\u00f6vb\u0259ti d\u0259f\u0259 Az\u0259rbaycan Respublikas\u0131n\u0131n Prezidenti se\u00e7ilib.<\/p>\n\n\n\n<p>2018-ci il aprelin 11-d\u0259 ke\u00e7iril\u0259n se\u00e7kil\u0259rd\u0259 d\u0259 \u0130lham \u018fliyev se\u00e7icil\u0259rin 86,02 faiz s\u0259sini qazanaraq yenid\u0259n Az\u0259rbaycan Respublikas\u0131n\u0131n Prezidenti se\u00e7ilib.<\/p>\n\n\n\n<p>Az\u0259rbaycan, rus, ingilis, frans\u0131z v\u0259 t\u00fcrk dill\u0259rini bilir.<\/p>\n\n\n\n<p>G\u0259nc\u0259 D\u00f6vl\u0259t Universitetinin \u0130qtisadiyyat v\u0259 idar\u0259etm\u0259 fak\u00fclt\u0259sinin b\u00fct\u00fcn professor-m\u00fc\u0259llim hey\u0259ti v\u0259 t\u0259l\u0259b\u0259l\u0259ri  ad\u0131ndan C\u0259nab Ali Ba\u015f Komandan \u0130lham \u018fliyevi do\u011fum g\u00fcn\u00fc m\u00fcnasib\u0259til\u0259 t\u0259brik edir, daim m\u00f6hk\u0259m cansa\u011fl\u0131\u011f\u0131, xo\u015fb\u0259xtlik, xo\u015f \u0259hval-ruhiyy\u0259 arzu edirik.<\/p>\n\n\n\n<figure class=\"wp-block-image size-large\"><img loading=\"lazy\" decoding=\"async\" width=\"700\" height=\"450\" src=\"https:\/\/iif.gdu.edu.az\/wp-content\/uploads\/2023\/12\/2084-1.jpg\" alt=\"\" class=\"wp-image-6349\"\/><\/figure>\n\n\n\n<p><\/p>\n","protected":false},"excerpt":{"rendered":"<p>\u0130lham Heyd\u0259r o\u011flu \u018fliyev 1961-ci il dekabr\u0131n 24-d\u0259 Bak\u0131 \u015f\u0259h\u0259rind\u0259 anadan olub. 1967-1977-ci ill\u0259rd\u0259 Bak\u0131 \u015f\u0259h\u0259rind\u0259 6 sayl\u0131 orta m\u0259kt\u0259bd\u0259 t\u0259hsil al\u0131b. 1977-1982-ci ill\u0259rd\u0259 Moskva D\u00f6vl\u0259t Beyn\u0259lxalq M\u00fcnasib\u0259tl\u0259r \u0130nstitutunda (MDBM\u0130) t\u0259hsil al\u0131b. MDBM\u0130-ni bitirdikd\u0259n sonra, 1982-ci ild\u0259 h\u0259min institutun aspiranturas\u0131na daxil olub. 1985-ci ild\u0259 dissertasiya m\u00fcdafi\u0259 ed\u0259r\u0259k tarix elml\u0259ri namiz\u0259di elmi d\u0259r\u0259c\u0259sini al\u0131b v\u0259 1985-1990-c\u0131 [&hellip;]<\/p>\n","protected":false},"author":6,"featured_media":6350,"comment_status":"closed","ping_status":"closed","sticky":false,"template":"","format":"standard","meta":{"footnotes":""},"categories":[1],"tags":[],"class_list":["post-6348","post","type-post","status-publish","format-standard","has-post-thumbnail","hentry","category-sas"],"_links":{"self":[{"href":"https:\/\/iif.gdu.edu.az\/index.php?rest_route=\/wp\/v2\/posts\/6348","targetHints":{"allow":["GET"]}}],"collection":[{"href":"https:\/\/iif.gdu.edu.az\/index.php?rest_route=\/wp\/v2\/posts"}],"about":[{"href":"https:\/\/iif.gdu.edu.az\/index.php?rest_route=\/wp\/v2\/types\/post"}],"author":[{"embeddable":true,"href":"https:\/\/iif.gdu.edu.az\/index.php?rest_route=\/wp\/v2\/users\/6"}],"replies":[{"embeddable":true,"href":"https:\/\/iif.gdu.edu.az\/index.php?rest_route=%2Fwp%2Fv2%2Fcomments&post=6348"}],"version-history":[{"count":1,"href":"https:\/\/iif.gdu.edu.az\/index.php?rest_route=\/wp\/v2\/posts\/6348\/revisions"}],"predecessor-version":[{"id":6351,"href":"https:\/\/iif.gdu.edu.az\/index.php?rest_route=\/wp\/v2\/posts\/6348\/revisions\/6351"}],"wp:featuredmedia":[{"embeddable":true,"href":"https:\/\/iif.gdu.edu.az\/index.php?rest_route=\/wp\/v2\/media\/6350"}],"wp:attachment":[{"href":"https:\/\/iif.gdu.edu.az\/index.php?rest_route=%2Fwp%2Fv2%2Fmedia&parent=6348"}],"wp:term":[{"taxonomy":"category","embeddable":true,"href":"https:\/\/iif.gdu.edu.az\/index.php?rest_route=%2Fwp%2Fv2%2Fcategories&post=6348"},{"taxonomy":"post_tag","embeddable":true,"href":"https:\/\/iif.gdu.edu.az\/index.php?rest_route=%2Fwp%2Fv2%2Ftags&post=6348"}],"curies":[{"name":"wp","href":"https:\/\/api.w.org\/{rel}","templated":true}]}}