{"id":6380,"date":"2024-02-08T09:57:00","date_gmt":"2024-02-08T07:57:00","guid":{"rendered":"http:\/\/iif.gdu.edu.az\/?p=6380"},"modified":"2024-02-23T09:59:40","modified_gmt":"2024-02-23T07:59:40","slug":"az%c9%99rbaycanda-prezident-seckil%c9%99ri-2024","status":"publish","type":"post","link":"https:\/\/iif.gdu.edu.az\/?p=6380","title":{"rendered":"Az\u0259rbaycanda prezident se\u00e7kil\u0259ri (2024)"},"content":{"rendered":"\n<p><strong>Az\u0259rbaycanda prezident se\u00e7kil\u0259ri (2024)<\/strong>\u00a0v\u0259 ya h\u00f6kum\u0259ty\u00f6n\u00fcml\u00fc m\u0259nb\u0259l\u0259rc\u0259\u00a0<strong>Z\u0259f\u0259r se\u00e7kisi<\/strong>\u2014 Az\u0259rbaycanda 2024-c\u00fc il fevral\u0131n 7-d\u0259\u00a0<a href=\"https:\/\/az.wikipedia.org\/wiki\/Az%C9%99rbaycan_prezidenti\">Az\u0259rbaycan prezidentini<\/a>\u00a0m\u00fc\u0259yy\u0259n etm\u0259k \u00fc\u00e7\u00fcn ke\u00e7irilmi\u015f n\u00f6vb\u0259d\u0259nk\u0259nar prezident\u00a0<a href=\"https:\/\/az.wikipedia.org\/wiki\/Se%C3%A7ki\">se\u00e7kil\u0259ri<\/a>.<\/p>\n\n\n\n<p>fevral\u0131n 7-d\u0259 \u00f6lk\u0259mizd\u0259 tarixi bir g\u00fcn ya\u015fand\u0131. M\u00fcdrik xalq\u0131m\u0131z Az\u0259rbaycan\u0131n d\u00f6vl\u0259t\u00e7ilik tarixin\u0259 \u00f6z \u015fanl\u0131 m\u00f6h\u00fcr\u00fcn\u00fc vurdu. Ham\u0131l\u0131qla, h\u0259mr\u0259ylikl\u0259 h\u0259r k\u0259s se\u00e7ki m\u0259nt\u0259q\u0259l\u0259rin\u0259 \u00fcz tutaraq \u00f6z tarixi se\u00e7imini etdi. Az\u0259rbaycan xalq\u0131 bu d\u0259f\u0259 d\u0259 inki\u015fafa, t\u0259r\u0259qqiy\u0259, sabitliy\u0259, \u0259min-amanl\u0131\u011fa s\u0259s ver\u0259r\u0259k kamil, m\u00fcdrik bir xalq oldu\u011funu bir daha g\u00f6st\u0259rdi. Se\u00e7ki g\u00fcn\u00fc v\u0259t\u0259nda\u015flar\u0131m\u0131z\u0131n f\u0259all\u0131\u011f\u0131 m\u0259n\u0259 2020-ci ilin 27 sentyabr tarixini xat\u0131rlatd\u0131. H\u0259min vaxt insanlar\u0131m\u0131z ya\u015f\u0131ndan as\u0131l\u0131 olmayaraq, d\u0259st\u0259-d\u0259st\u0259 h\u0259rbi komissarl\u0131qlara nec\u0259 \u00fcz tuturdularsa, se\u00e7ki m\u0259nt\u0259q\u0259l\u0259rin\u0259 d\u0259 o c\u00fcr ist\u0259kl\u0259, h\u0259v\u0259sl\u0259 gedirdil\u0259r. Bax\u0131n, budur Az\u0259rbaycan xalq\u0131n\u0131n u\u011furlar\u0131n\u0131n, q\u0259l\u0259b\u0259l\u0259rinin, misilsiz nailiyy\u0259tl\u0259rinin sirri &#8211; birlik v\u0259 h\u0259mr\u0259ylik. Se\u00e7kil\u0259rin n\u0259tic\u0259l\u0259ri g\u00f6st\u0259rir ki, v\u0259t\u0259nda\u015flar\u0131m\u0131z \u00f6z xo\u015fb\u0259xt g\u0259l\u0259c\u0259yini, firavan h\u0259yat\u0131n\u0131, d\u00f6vl\u0259timizin daha da inki\u015faf\u0131n\u0131, el\u0259c\u0259 d\u0259 d\u00f6vl\u0259t\u00e7iliyimizin qorunmas\u0131n\u0131, m\u00fcst\u0259qilliyimizin m\u00f6hk\u0259ml\u0259nm\u0259sini \u0130lham Heyd\u0259r o\u011flu \u018fliyevin \u00f6lk\u0259y\u0259 r\u0259hb\u0259rliyinin davam\u0131nda g\u00f6r\u00fcrl\u0259r. Xalq\u0131m\u0131z bu q\u0259na\u0259t\u0259, t\u0259bii ki, \u00f6lk\u0259mizin son 20 ild\u0259 qazand\u0131\u011f\u0131 u\u011furlar\u0131, Heyd\u0259r \u018fliyev siyasi kursunun effektiv n\u0259tic\u0259l\u0259rini g\u00f6r\u0259r\u0259k g\u0259lib\u201d.<\/p>\n\n\n\n<p>Bu fikirl\u0259ri&nbsp;<a href=\"https:\/\/azertag.az\/\" target=\"_blank\" rel=\"noreferrer noopener\">AZ\u018fRTAC<\/a>-a a\u00e7\u0131qlamas\u0131nda Az\u0259rbaycan H\u0259mkarlar \u0130ttifaqlar\u0131 Konfederasiyas\u0131n\u0131n (AH\u0130K) s\u0259dri, Milli M\u0259clisin deputat\u0131 S\u0259ttar M\u00f6hbal\u0131yev deyib.<\/p>\n\n\n\n<p>O qeyd edib ki, n\u00f6vb\u0259d\u0259nk\u0259nar prezident se\u00e7kil\u0259ri bir s\u0131ra m\u0259qamlar\u0131 v\u0259 \u0259h\u0259miyy\u0259ti il\u0259 \u015fanl\u0131 tariximiz\u0259 h\u0259kk olundu: \u201cBiz 30 ild\u0259n sonra ilk d\u0259f\u0259 olaraq \u0259razi b\u00fct\u00f6vl\u00fcy\u00fcm\u00fcz tam t\u0259min edilmi\u015f \u015f\u0259kild\u0259 se\u00e7ki ke\u00e7irdik v\u0259 bu se\u00e7ki b\u00fct\u00fcn \u00f6lk\u0259 \u0259razisini \u0259hat\u0259 etdi. Ke\u00e7mi\u015f m\u0259cburi k\u00f6\u00e7k\u00fcn bac\u0131 v\u0259 qarda\u015flar\u0131m\u0131z \u00f6z yurdlar\u0131nda se\u00e7ici olaraq s\u0259sverm\u0259y\u0259 qat\u0131ld\u0131lar. Bununla da biz \u0259razi b\u00fct\u00f6vl\u00fcy\u00fcm\u00fcz\u00fc v\u0259 suverenliyimizi bir daha t\u0259sdiq ed\u0259r\u0259k b\u00fct\u00fcn d\u00fcnyaya n\u00fcmayi\u015f etdirdik. H\u0259m d\u0259 qalib, m\u00fcz\u0259ff\u0259r xalq olaraq, aln\u0131a\u00e7\u0131q, \u00fcz\u00fca\u011f. Odur ki, bu se\u00e7kil\u0259r Z\u0259f\u0259r se\u00e7kisi olaraq tariximizd\u0259 \u0259b\u0259di qalacaq. Qeyd edim ki, se\u00e7ki kampaniyas\u0131 ba\u015flayandan prosesin sonunad\u0259k b\u00fct\u00fcn i\u015fl\u0259r qanun \u00e7\u0259r\u00e7iv\u0259sind\u0259, demokratik prinsipl\u0259r \u00fcz\u0259rind\u0259 quruldu, yeddi namiz\u0259din h\u0259r birin\u0259 b\u0259rab\u0259r imkanlar yarad\u0131ld\u0131. Beyn\u0259lxalq v\u0259 yerli m\u00fc\u015fahid\u0259\u00e7il\u0259rin apard\u0131qlar\u0131 monitorinql\u0259rin, ke\u00e7iril\u0259n \u201cexit-poll\u201dar\u0131n n\u0259tic\u0259l\u0259ri d\u0259 se\u00e7kil\u0259rin obyektiv, demokratik ke\u00e7irildiyini t\u0259sdiql\u0259di. Bu, Az\u0259rbaycanda d\u0259rin k\u00f6kl\u0259r\u0259 malik demokratiyan\u0131n t\u0259zah\u00fcr\u00fcd\u00fcr\u201d.Art\u0131q xalq\u0131m\u0131z\u0131n v\u0259 d\u00f6vl\u0259timizin h\u0259yat\u0131nda yeni parlaq bir d\u00f6vr\u00fcn ba\u015flad\u0131\u011f\u0131n\u0131 vur\u011fulayan AH\u0130K s\u0259dri deyib: \u201cPrezident \u0130lham \u018fliyevin \u00f6lk\u0259miz\u0259 n\u00f6vb\u0259ti yeddi ild\u0259 r\u0259hb\u0259rliyi il\u0259 bizi \u00f6t\u0259n 20 ild\u0259 \u0259ld\u0259 edilmi\u015f nailiyy\u0259tl\u0259rin davam\u0131 il\u0259 yana\u015f\u0131, f\u0259th edil\u0259c\u0259k daha uca zirv\u0259l\u0259r, b\u00f6y\u00fck h\u0259d\u0259fl\u0259r g\u00f6zl\u0259yir. Bu, indikind\u0259n d\u0259 q\u00fcdr\u0259tli, b\u00fct\u00fcn sah\u0259l\u0259r \u00fczr\u0259 h\u0259rt\u0259r\u0259fli inki\u015faf etmi\u015f, g\u00fccl\u00fc iqtisadiyyata sahib m\u00fcst\u0259qil Az\u0259rbaycan olacaq. \u0130lham \u018fliyev nadir tarixi \u015f\u0259xsiyy\u0259tl\u0259rd\u0259ndir ki, xalq\u0131na verdiyi b\u00fct\u00fcn v\u0259dl\u0259ri tam \u015f\u0259kild\u0259 v\u0259 vaxt\u0131nda yerin\u0259 yetirib. O, d\u00f6vl\u0259timizi a\u011f\u0131r s\u0131naqlardan, m\u00fcr\u0259kk\u0259b prosesl\u0259rd\u0259n \u00fcz\u00fca\u011f \u00e7\u0131xar\u0131b, d\u00fcnyan\u0131 b\u00fcr\u00fcy\u0259n v\u0259 a\u011f\u0131r f\u0259sadlar t\u00f6r\u0259d\u0259n d\u0259rin b\u00f6hranlar\u0131 \u00f6lk\u0259miz\u0259 buraxmay\u0131b. Vaxtil\u0259 haqq\u0131 tapdanan, s\u0259si e\u015fidilm\u0259y\u0259n, h\u0259rbi t\u0259cav\u00fcz\u0259 m\u0259ruz qalan, torpaqlar\u0131 i\u015f\u011fal edil\u0259n Az\u0259rbaycan bu g\u00fcn regionun lideri, d\u00fcnyan\u0131n strateji \u0259h\u0259miyy\u0259tli \u00f6lk\u0259sidir. Odur ki, xalq\u0131m\u0131z\u0131n daha xo\u015fb\u0259xt, s\u0259ad\u0259t dolu g\u00fcnl\u0259ri, d\u00f6vl\u0259timizin \u0259n \u0259z\u0259m\u0259tli, g\u00fccl\u00fc ill\u0259ri h\u0259l\u0259 qar\u015f\u0131dad\u0131r\u201d.<\/p>\n\n\n\n<figure class=\"wp-block-image size-large\"><img loading=\"lazy\" decoding=\"async\" width=\"443\" height=\"561\" src=\"https:\/\/iif.gdu.edu.az\/wp-content\/uploads\/2024\/02\/Ilham_Aliyev_addressed_the_nation_2023_cropped.jpg\" alt=\"\" class=\"wp-image-6381\"\/><\/figure>\n\n\n\n<p><\/p>\n","protected":false},"excerpt":{"rendered":"<p>Az\u0259rbaycanda prezident se\u00e7kil\u0259ri (2024)\u00a0v\u0259 ya h\u00f6kum\u0259ty\u00f6n\u00fcml\u00fc m\u0259nb\u0259l\u0259rc\u0259\u00a0Z\u0259f\u0259r se\u00e7kisi\u2014 Az\u0259rbaycanda 2024-c\u00fc il fevral\u0131n 7-d\u0259\u00a0Az\u0259rbaycan prezidentini\u00a0m\u00fc\u0259yy\u0259n etm\u0259k \u00fc\u00e7\u00fcn ke\u00e7irilmi\u015f n\u00f6vb\u0259d\u0259nk\u0259nar prezident\u00a0se\u00e7kil\u0259ri. fevral\u0131n 7-d\u0259 \u00f6lk\u0259mizd\u0259 tarixi bir g\u00fcn ya\u015fand\u0131. M\u00fcdrik xalq\u0131m\u0131z Az\u0259rbaycan\u0131n d\u00f6vl\u0259t\u00e7ilik tarixin\u0259 \u00f6z \u015fanl\u0131 m\u00f6h\u00fcr\u00fcn\u00fc vurdu. Ham\u0131l\u0131qla, h\u0259mr\u0259ylikl\u0259 h\u0259r k\u0259s se\u00e7ki m\u0259nt\u0259q\u0259l\u0259rin\u0259 \u00fcz tutaraq \u00f6z tarixi se\u00e7imini etdi. Az\u0259rbaycan xalq\u0131 bu d\u0259f\u0259 d\u0259 inki\u015fafa, t\u0259r\u0259qqiy\u0259, sabitliy\u0259, [&hellip;]<\/p>\n","protected":false},"author":6,"featured_media":6381,"comment_status":"closed","ping_status":"closed","sticky":false,"template":"","format":"standard","meta":{"footnotes":""},"categories":[1],"tags":[],"class_list":["post-6380","post","type-post","status-publish","format-standard","has-post-thumbnail","hentry","category-sas"],"_links":{"self":[{"href":"https:\/\/iif.gdu.edu.az\/index.php?rest_route=\/wp\/v2\/posts\/6380","targetHints":{"allow":["GET"]}}],"collection":[{"href":"https:\/\/iif.gdu.edu.az\/index.php?rest_route=\/wp\/v2\/posts"}],"about":[{"href":"https:\/\/iif.gdu.edu.az\/index.php?rest_route=\/wp\/v2\/types\/post"}],"author":[{"embeddable":true,"href":"https:\/\/iif.gdu.edu.az\/index.php?rest_route=\/wp\/v2\/users\/6"}],"replies":[{"embeddable":true,"href":"https:\/\/iif.gdu.edu.az\/index.php?rest_route=%2Fwp%2Fv2%2Fcomments&post=6380"}],"version-history":[{"count":1,"href":"https:\/\/iif.gdu.edu.az\/index.php?rest_route=\/wp\/v2\/posts\/6380\/revisions"}],"predecessor-version":[{"id":6382,"href":"https:\/\/iif.gdu.edu.az\/index.php?rest_route=\/wp\/v2\/posts\/6380\/revisions\/6382"}],"wp:featuredmedia":[{"embeddable":true,"href":"https:\/\/iif.gdu.edu.az\/index.php?rest_route=\/wp\/v2\/media\/6381"}],"wp:attachment":[{"href":"https:\/\/iif.gdu.edu.az\/index.php?rest_route=%2Fwp%2Fv2%2Fmedia&parent=6380"}],"wp:term":[{"taxonomy":"category","embeddable":true,"href":"https:\/\/iif.gdu.edu.az\/index.php?rest_route=%2Fwp%2Fv2%2Fcategories&post=6380"},{"taxonomy":"post_tag","embeddable":true,"href":"https:\/\/iif.gdu.edu.az\/index.php?rest_route=%2Fwp%2Fv2%2Ftags&post=6380"}],"curies":[{"name":"wp","href":"https:\/\/api.w.org\/{rel}","templated":true}]}}