{"id":6465,"date":"2024-03-20T07:06:00","date_gmt":"2024-03-20T05:06:00","guid":{"rendered":"http:\/\/iif.gdu.edu.az\/?p=6465"},"modified":"2024-03-23T09:34:35","modified_gmt":"2024-03-23T07:34:35","slug":"novruz-bayraminiz-mubar%c9%99k-olsun","status":"publish","type":"post","link":"https:\/\/iif.gdu.edu.az\/?p=6465","title":{"rendered":"Novruz bayram\u0131n\u0131z m\u00fcbar\u0259k olsun!"},"content":{"rendered":"\n<figure class=\"wp-block-image size-large\"><img loading=\"lazy\" decoding=\"async\" width=\"2048\" height=\"1453\" src=\"https:\/\/iif.gdu.edu.az\/wp-content\/uploads\/2024\/03\/Novruz_.jpg\" alt=\"\" class=\"wp-image-6466\" srcset=\"https:\/\/iif.gdu.edu.az\/wp-content\/uploads\/2024\/03\/Novruz_.jpg 2048w, https:\/\/iif.gdu.edu.az\/wp-content\/uploads\/2024\/03\/Novruz_-768x545.jpg 768w, https:\/\/iif.gdu.edu.az\/wp-content\/uploads\/2024\/03\/Novruz_-1536x1090.jpg 1536w\" sizes=\"auto, (max-width: 2048px) 100vw, 2048px\" \/><\/figure>\n\n\n\n<p><\/p>\n\n\n\n<p><strong>\u018fziz h\u0259mv\u0259t\u0259nl\u0259r, milli birlik v\u0259 h\u0259mr\u0259ylik r\u0259mzi olan Novruz bayram\u0131 m\u00fcnasib\u0259til\u0259 ham\u0131n\u0131z\u0131 t\u0259brik edirik!<\/strong><\/p>\n\n\n\n<p><strong>Az\u0259rbaycan xalq\u0131 ilk d\u0259f\u0259 olaraq bu \u0259ziz g\u00fcn\u00fc&nbsp; &#8220;B\u00d6Y\u00dcK&nbsp; Z\u018fF\u018fR&#8221;in do\u011furdu\u011fu y\u00fcks\u0259k \u0259hval-ruhiyy\u0259 \u015f\u0259raitind\u0259 qeyd edir.<\/strong><\/p>\n\n\n\n<p><strong>G\u0259li\u015fi il\u0259 h\u0259yat\u0131m\u0131za&nbsp; yeni n\u0259f\u0259s g\u0259tir\u0259n, sevgi v\u0259 bar\u0131\u015f\u0131n, m\u0259rh\u0259m\u0259t v\u0259 mehribanl\u0131\u011f\u0131n r\u0259mzi olan Novruzda ail\u0259l\u0259rimiz\u0259 xo\u015fb\u0259xtlik v\u0259 rifah, d\u00f6vl\u0259timiz\u0259, xalq\u0131m\u0131za h\u0259r zaman q\u0259l\u0259b\u0259 v\u0259 sevinc dolu g\u00fcnl\u0259r arzu edirik.<\/strong><\/p>\n\n\n\n<p><strong>Bayram\u0131n\u0131z m\u00fcbar\u0259k olsun!<\/strong><\/p>\n\n\n\n<figure class=\"wp-block-gallery columns-3 is-cropped wp-block-gallery-1 is-layout-flex wp-block-gallery-is-layout-flex\"><ul class=\"blocks-gallery-grid\"><li class=\"blocks-gallery-item\"><figure><img loading=\"lazy\" decoding=\"async\" width=\"177\" height=\"166\" src=\"https:\/\/iif.gdu.edu.az\/wp-content\/uploads\/2024\/03\/1.jpg\" alt=\"\" data-id=\"6467\" data-full-url=\"https:\/\/iif.gdu.edu.az\/wp-content\/uploads\/2024\/03\/1.jpg\" data-link=\"https:\/\/iif.gdu.edu.az\/?attachment_id=6467#main\" class=\"wp-image-6467\"\/><\/figure><\/li><li class=\"blocks-gallery-item\"><figure><img loading=\"lazy\" decoding=\"async\" width=\"204\" height=\"192\" src=\"https:\/\/iif.gdu.edu.az\/wp-content\/uploads\/2024\/03\/2.jpg\" alt=\"\" data-id=\"6468\" data-full-url=\"https:\/\/iif.gdu.edu.az\/wp-content\/uploads\/2024\/03\/2.jpg\" data-link=\"https:\/\/iif.gdu.edu.az\/?attachment_id=6468#main\" class=\"wp-image-6468\"\/><\/figure><\/li><li class=\"blocks-gallery-item\"><figure><img loading=\"lazy\" decoding=\"async\" width=\"189\" height=\"178\" src=\"https:\/\/iif.gdu.edu.az\/wp-content\/uploads\/2024\/03\/download-1.jpg\" alt=\"\" data-id=\"6469\" data-full-url=\"https:\/\/iif.gdu.edu.az\/wp-content\/uploads\/2024\/03\/download-1.jpg\" data-link=\"https:\/\/iif.gdu.edu.az\/?attachment_id=6469#main\" class=\"wp-image-6469\"\/><\/figure><\/li><\/ul><\/figure>\n\n\n\n<p><\/p>\n","protected":false},"excerpt":{"rendered":"<p>\u018fziz h\u0259mv\u0259t\u0259nl\u0259r, milli birlik v\u0259 h\u0259mr\u0259ylik r\u0259mzi olan Novruz bayram\u0131 m\u00fcnasib\u0259til\u0259 ham\u0131n\u0131z\u0131 t\u0259brik edirik! Az\u0259rbaycan xalq\u0131 ilk d\u0259f\u0259 olaraq bu \u0259ziz g\u00fcn\u00fc&nbsp; &#8220;B\u00d6Y\u00dcK&nbsp; Z\u018fF\u018fR&#8221;in do\u011furdu\u011fu y\u00fcks\u0259k \u0259hval-ruhiyy\u0259 \u015f\u0259raitind\u0259 qeyd edir. G\u0259li\u015fi il\u0259 h\u0259yat\u0131m\u0131za&nbsp; yeni n\u0259f\u0259s g\u0259tir\u0259n, sevgi v\u0259 bar\u0131\u015f\u0131n, m\u0259rh\u0259m\u0259t v\u0259 mehribanl\u0131\u011f\u0131n r\u0259mzi olan Novruzda ail\u0259l\u0259rimiz\u0259 xo\u015fb\u0259xtlik v\u0259 rifah, d\u00f6vl\u0259timiz\u0259, xalq\u0131m\u0131za h\u0259r zaman q\u0259l\u0259b\u0259 v\u0259 [&hellip;]<\/p>\n","protected":false},"author":6,"featured_media":6466,"comment_status":"closed","ping_status":"closed","sticky":false,"template":"","format":"standard","meta":{"footnotes":""},"categories":[1],"tags":[],"class_list":["post-6465","post","type-post","status-publish","format-standard","has-post-thumbnail","hentry","category-sas"],"_links":{"self":[{"href":"https:\/\/iif.gdu.edu.az\/index.php?rest_route=\/wp\/v2\/posts\/6465","targetHints":{"allow":["GET"]}}],"collection":[{"href":"https:\/\/iif.gdu.edu.az\/index.php?rest_route=\/wp\/v2\/posts"}],"about":[{"href":"https:\/\/iif.gdu.edu.az\/index.php?rest_route=\/wp\/v2\/types\/post"}],"author":[{"embeddable":true,"href":"https:\/\/iif.gdu.edu.az\/index.php?rest_route=\/wp\/v2\/users\/6"}],"replies":[{"embeddable":true,"href":"https:\/\/iif.gdu.edu.az\/index.php?rest_route=%2Fwp%2Fv2%2Fcomments&post=6465"}],"version-history":[{"count":1,"href":"https:\/\/iif.gdu.edu.az\/index.php?rest_route=\/wp\/v2\/posts\/6465\/revisions"}],"predecessor-version":[{"id":6470,"href":"https:\/\/iif.gdu.edu.az\/index.php?rest_route=\/wp\/v2\/posts\/6465\/revisions\/6470"}],"wp:featuredmedia":[{"embeddable":true,"href":"https:\/\/iif.gdu.edu.az\/index.php?rest_route=\/wp\/v2\/media\/6466"}],"wp:attachment":[{"href":"https:\/\/iif.gdu.edu.az\/index.php?rest_route=%2Fwp%2Fv2%2Fmedia&parent=6465"}],"wp:term":[{"taxonomy":"category","embeddable":true,"href":"https:\/\/iif.gdu.edu.az\/index.php?rest_route=%2Fwp%2Fv2%2Fcategories&post=6465"},{"taxonomy":"post_tag","embeddable":true,"href":"https:\/\/iif.gdu.edu.az\/index.php?rest_route=%2Fwp%2Fv2%2Ftags&post=6465"}],"curies":[{"name":"wp","href":"https:\/\/api.w.org\/{rel}","templated":true}]}}