{"id":7409,"date":"2024-11-17T08:57:00","date_gmt":"2024-11-17T06:57:00","guid":{"rendered":"http:\/\/iif.gdu.edu.az\/?p=7409"},"modified":"2024-11-19T09:07:41","modified_gmt":"2024-11-19T07:07:41","slug":"17-noyabr-milli-dirc%c9%99lis-gunu","status":"publish","type":"post","link":"https:\/\/iif.gdu.edu.az\/?p=7409","title":{"rendered":"17 noyabr Milli Dir\u00e7\u0259li\u015f G\u00fcn\u00fc"},"content":{"rendered":"\n<p><\/p>\n\n\n\n<figure class=\"wp-block-gallery columns-2 is-cropped wp-block-gallery-1 is-layout-flex wp-block-gallery-is-layout-flex\"><ul class=\"blocks-gallery-grid\"><li class=\"blocks-gallery-item\"><figure><img loading=\"lazy\" decoding=\"async\" width=\"275\" height=\"183\" src=\"https:\/\/iif.gdu.edu.az\/wp-content\/uploads\/2024\/11\/download-2.jpg\" alt=\"\" data-id=\"7410\" data-full-url=\"https:\/\/iif.gdu.edu.az\/wp-content\/uploads\/2024\/11\/download-2.jpg\" data-link=\"https:\/\/iif.gdu.edu.az\/?attachment_id=7410#main\" class=\"wp-image-7410\" srcset=\"https:\/\/iif.gdu.edu.az\/wp-content\/uploads\/2024\/11\/download-2.jpg 275w, https:\/\/iif.gdu.edu.az\/wp-content\/uploads\/2024\/11\/download-2-240x160.jpg 240w\" sizes=\"auto, (max-width: 275px) 100vw, 275px\" \/><\/figure><\/li><li class=\"blocks-gallery-item\"><figure><img loading=\"lazy\" decoding=\"async\" width=\"272\" height=\"185\" src=\"https:\/\/iif.gdu.edu.az\/wp-content\/uploads\/2024\/11\/1-2.jpg\" alt=\"\" data-id=\"7411\" data-full-url=\"https:\/\/iif.gdu.edu.az\/wp-content\/uploads\/2024\/11\/1-2.jpg\" data-link=\"https:\/\/iif.gdu.edu.az\/?attachment_id=7411#main\" class=\"wp-image-7411\"\/><\/figure><\/li><\/ul><\/figure>\n\n\n\n<p>17 noyabr 1988-ci il xalq\u0131m\u0131z\u0131n azadl\u0131q m\u00fcbariz\u0259si tarixind\u0259 q\u0131z\u0131l h\u0259rfl\u0259rl\u0259 yaz\u0131lm\u0131\u015f bir g\u00fcnd\u00fcr. Meydan h\u0259r\u0259kat\u0131 art\u0131q tariximizd\u0259 Milli dir\u00e7\u0259li\u015f g\u00fcn\u00fc kimi \u00f6z\u00fcn\u00fcn t\u0259sdiqini tapd\u0131. Meydan h\u0259r\u0259kat\u0131 Az\u0259rbaycan xalq\u0131n\u0131n tarixind\u0259, xalq\u0131n tarixi yadda\u015f\u0131n\u0131n oyanmas\u0131nda, istiqlaliyy\u0259t m\u00fcbariz\u0259sind\u0259 bir hadis\u0259 oldu.<br>\u00a0 \u00a0 \u00a0 \u00a0H\u0259r\u0259kat\u0131n bir \u00e7ox s\u0259b\u0259bl\u0259ri vard\u0131. Konkret olaraq Topxana me\u015f\u0259sind\u0259 Yerevan al\u00fcminium zavodunun filial\u0131n\u0131n tikilm\u0259si Az\u0259rbaycan xalq\u0131nda b\u00f6y\u00fck naraz\u0131l\u0131q do\u011furdu. \u018fslind\u0259 meydan h\u0259r\u0259kat\u0131 t\u0259kc\u0259 Topxana s\u00f6hb\u0259ti il\u0259 ba\u011fl\u0131 olmam\u0131\u015f, Erm\u0259nistan\u0131n Az\u0259rbaycan\u0131n ayr\u0131lmaz hiss\u0259si olan Da\u011fl\u0131q Qaraba\u011fa qar\u015f\u0131 \u0259razi iddias\u0131 il\u0259 \u0259laq\u0259dar ba\u015f vermi\u015fdir.<br>\u00a0 \u00a0 \u00a0 \u00a0Erm\u0259nistan t\u0259r\u0259find\u0259n at\u0131lan bu m\u0259krli add\u0131m\u0131 Az\u0259rbaycan xalq\u0131 yax\u015f\u0131 ba\u015fa d\u00fc\u015f\u00fcrd\u00fc. Yax\u015f\u0131 bilinirdi ki, bu \u00e7irkin niyy\u0259tl\u0259rin arxas\u0131nda Az\u0259rbaycan\u0131n bir d\u00f6vl\u0259t kimi m\u0259hv edilm\u0259si, Respublikam\u0131zda ged\u0259n demokratik prosesl\u0259rin, m\u00fcst\u0259qilliy\u0259 meylin qar\u015f\u0131s\u0131n\u0131n al\u0131nmas\u0131 durur.<br>Meydan h\u0259r\u0259kat\u0131, h\u0259m d\u0259 1918-20-ci ill\u0259rd\u0259 \u015e\u0259rqd\u0259 ilk demokratik respublika quran bir xalq\u0131n yadda\u015f\u0131n\u0131n tamamil\u0259 \u00f6l\u00fcb getm\u0259diyinin \u0259lam\u0259ti idi v\u0259 xalq\u0131m\u0131z h\u0259min m\u00fcst\u0259qil d\u00f6vl\u0259tini b\u0259rpa etm\u0259k ist\u0259yirdi.<br>\u00a0 \u00a0 \u00a0 \u00a0 \u00a0 \u00a0Bu h\u0259r\u0259katda Az\u0259rbaycan xalq\u0131n\u0131n b\u00fct\u00fcn t\u0259b\u0259q\u0259l\u0259ri eyni m\u0259sl\u0259k alt\u0131nda birl\u0259\u015fmi\u015fdi. 1988-ci il noyabr\u0131n 17-d\u0259n dekabr\u0131n 5-n\u0259 d\u0259k davam ed\u0259n meydan h\u0259r\u0259kat\u0131n\u0131n Az\u0259rbaycan\u0131n milli azadl\u0131q h\u0259r\u0259kat\u0131 tarixind\u0259 x\u00fcsusi, \u0259v\u0259zedilm\u0259z rolu vard\u0131r. Bu h\u0259r\u0259kat Bak\u0131da gets\u0259 d\u0259 Az\u0259rbaycan\u0131n b\u00fct\u00fcn b\u00f6lg\u0259l\u0259rini \u0259hat\u0259 edirdi.<br>\u00a0 \u00a0 \u00a0Az\u0259rbaycan xalq\u0131 bu prosesd\u0259 ilk n\u00f6vb\u0259d\u0259 \u00f6z\u00fcn\u00fcn h\u0259min d\u00f6vrd\u0259ki r\u0259hb\u0259rl\u0259rinin art\u0131q Az\u0259rbaycan xalq\u0131n\u0131 t\u0259msil ed\u0259 bilm\u0259m\u0259sini \u00fcz\u0259 \u00e7\u0131xard\u0131 v\u0259 onlar\u0131n imperiya siyas\u0259tinin h\u0259yata ke\u00e7irilm\u0259sinin if\u015fas\u0131na nail oldu.<br>\u00a0 \u00a01988-ci il dekabr\u0131n 4-d\u0259n 5-n\u0259 ke\u00e7\u0259n gec\u0259 meydandak\u0131lar\u0131n \u00fcz\u0259rin\u0259 silahlanm\u0131\u015f \u0259sg\u0259rl\u0259r g\u00f6nd\u0259rildi.<br>\u00a0 \u00a0Xalq burada \u0259zils\u0259 d\u0259, d\u00f6y\u00fcls\u0259 d\u0259 b\u00fct\u00fcn d\u00fcnyaya bildirdi ki, biz \u00f6z torpaqlar\u0131m\u0131zdan he\u00e7 n\u0259d\u0259n, h\u0259tta \u00f6l\u00fcmd\u0259n bel\u0259 qorxmadan \u0259l \u00e7\u0259km\u0259y\u0259c\u0259yik.<br>\u00a0 \u00a0Az\u0259rbaycanda 1993-c\u00fc ilin iyunun 15-n\u0259 kimi D\u00f6vl\u0259t r\u0259hb\u0259rl\u0259rinin g\u00f6r\u0259c\u0259yi i\u015fl\u0259ri xalq \u00f6z\u00fc k\u00fc\u00e7\u0259 v\u0259 meydanlarda bacard\u0131\u011f\u0131 kimi h\u0259yata ke\u00e7irmi\u015fdir.<br>\u00a0 \u00a015 iyundan sonra is\u0259 \u00dcmummilli lider Hey\u0259r \u018fliyev xalq\u0131n t\u0259kidli t\u0259l\u0259bi il\u0259 hakimiyy\u0259t\u0259 g\u0259ldi v\u0259 xalq\u0131m\u0131z\u0131 olum v\u0259 ya \u00f6l\u00fcm dilemmas\u0131 qar\u015f\u0131s\u0131nda qald\u0131\u011f\u0131 vaxtda xilas etdi. Xalq\u0131m\u0131z \u00fc\u00e7\u00fcn kritik olan o d\u00f6vrd\u0259 Ulu \u00d6nd\u0259rin xilasedici missiyas\u0131 Az\u0259rbaycan xalq\u0131n\u0131n q\u0259lbind\u0259 \u0259b\u0259di ya\u015fayacaqd\u0131r.<br>\u00a0 \u00a032 ild\u0259n sonra M\u00fcz\u0259ff\u0259r Ali Ba\u015f Komandan\u0131m\u0131z v\u0259 Ordumuz \u015eu\u015fan\u0131 i\u015f\u011faldan azad etdi, Qaraba\u011f\u0131 Az\u0259rbaycana qaytard\u0131. Az\u0259rbaycan b\u00fct\u00fcn d\u00fcnyaya haql\u0131 oldu\u011funu s\u00fcbut etdi, \u015f\u0259r\u0259fli, l\u0259yaq\u0259tli d\u00f6y\u00fc\u015fl\u0259 \u00f6z torpaqlar\u0131n\u0131 azad etdi. 44 g\u00fcnl\u00fck m\u00fcharib\u0259 Az\u0259rbaycan\u0131n nec\u0259 g\u00fccl\u00fc, pe\u015f\u0259kar orduya malik oldu\u011funu, \u0259n m\u00fcasir texnikalarla XXI \u0259srin \u0259dal\u0259tli m\u00fcharib\u0259sini apard\u0131\u011f\u0131n\u0131 g\u00f6st\u0259rdi.<br>\u00a0 \u00a0Erm\u0259ni mifi, yalanlar\u0131 m\u00f6ht\u0259r\u0259m Prezidentimiz t\u0259r\u0259find\u0259n alt-\u00fcst edildi. Erm\u0259nil\u0259rin i\u00e7 \u00fcz\u00fcn\u00fc b\u00fct\u00fcn d\u00fcnya g\u00f6rd\u00fc. Onlar\u0131n humanitar m\u00fcharib\u0259 qaydalar\u0131n\u0131 pozaraq m\u00fclki \u0259halini, dinc \u015f\u0259h\u0259rl\u0259rimizi at\u0259\u015f\u0259 tutmas\u0131, u\u015faqlar\u0131, qad\u0131nlar\u0131, qocalar\u0131 q\u0259tl etm\u0259si, dini m\u0259b\u0259dl\u0259rimizi, q\u0259birl\u0259rimizi da\u011f\u0131tmas\u0131 bir daha xisl\u0259tl\u0259rini a\u00e7d\u0131 v\u0259 he\u00e7 d\u0259yi\u015fm\u0259dikl\u0259rini g\u00f6st\u0259rdi. Son 200 illik tariximizd\u0259 xalq\u0131m\u0131z erm\u0259nil\u0259rin bel\u0259 vandall\u0131\u011f\u0131n\u0131n \u00e7ox \u015fahidi olub, indi is\u0259 b\u0259\u015f\u0259riyy\u0259t bunu g\u00f6rd\u00fc.<br>\u00a0 \u00a036 il \u00f6nc\u0259 m\u00fcst\u0259qillik \u00fc\u00e7\u00fcn aya\u011fa qalxan igidl\u0259rimiz eyni ruhla i\u015f\u011fal alt\u0131ndak\u0131 \u0259razil\u0259rimizi azad etdil\u0259r.<br>\u00a0 \u00a0Xalq\u0131m\u0131z Ali Ba\u015f Komandan\u0131n r\u0259hb\u0259rliyi il\u0259 Qaraba\u011f\u0131n yaralar\u0131n\u0131 sa\u011faldacaq, k\u0259ndl\u0259rimiz, \u015f\u0259h\u0259rl\u0259rimiz yenid\u0259n qurulacaq, b\u0259rpa edil\u0259c\u0259k, m\u0259cburi k\u00f6\u00e7k\u00fcnl\u0259rimiz do\u011fma yurd-yuvalar\u0131na qay\u0131dacaq. Bu bayram\u0131n 32-ci ild\u00f6n\u00fcm\u00fcn\u00fc x\u00fcsusi q\u00fcrur hissi il\u0259 qeyd edirik. N\u00f6vb\u0259ti bayramlar\u0131m\u0131z\u0131 Qaraba\u011f torpaqlar\u0131nda ke\u00e7ir\u0259c\u0259yik!<br>\u00a0 \u00a0 \u00a0Ya\u015fas\u0131n Ali Ba\u015f Komandan!<br>\u00a0 \u00a0 \u00a0Ya\u015fas\u0131n Az\u0259rbaycan Ordusu!<br>\u00a0 \u00a0 Ya\u015fasin Az\u0259rbaycan xalq\u0131!<br>\u00a0 \u00a0 \u00a0Milli Dir\u00e7\u0259li\u015f g\u00fcn\u00fcn m\u00fcbar\u0259k, Az\u0259rbaycan!<\/p>\n","protected":false},"excerpt":{"rendered":"<p>17 noyabr 1988-ci il xalq\u0131m\u0131z\u0131n azadl\u0131q m\u00fcbariz\u0259si tarixind\u0259 q\u0131z\u0131l h\u0259rfl\u0259rl\u0259 yaz\u0131lm\u0131\u015f bir g\u00fcnd\u00fcr. Meydan h\u0259r\u0259kat\u0131 art\u0131q tariximizd\u0259 Milli dir\u00e7\u0259li\u015f g\u00fcn\u00fc kimi \u00f6z\u00fcn\u00fcn t\u0259sdiqini tapd\u0131. Meydan h\u0259r\u0259kat\u0131 Az\u0259rbaycan xalq\u0131n\u0131n tarixind\u0259, xalq\u0131n tarixi yadda\u015f\u0131n\u0131n oyanmas\u0131nda, istiqlaliyy\u0259t m\u00fcbariz\u0259sind\u0259 bir hadis\u0259 oldu.\u00a0 \u00a0 \u00a0 \u00a0H\u0259r\u0259kat\u0131n bir \u00e7ox s\u0259b\u0259bl\u0259ri vard\u0131. Konkret olaraq Topxana me\u015f\u0259sind\u0259 Yerevan al\u00fcminium zavodunun filial\u0131n\u0131n tikilm\u0259si Az\u0259rbaycan [&hellip;]<\/p>\n","protected":false},"author":6,"featured_media":7410,"comment_status":"closed","ping_status":"closed","sticky":false,"template":"","format":"standard","meta":{"footnotes":""},"categories":[1],"tags":[],"class_list":["post-7409","post","type-post","status-publish","format-standard","has-post-thumbnail","hentry","category-sas"],"_links":{"self":[{"href":"https:\/\/iif.gdu.edu.az\/index.php?rest_route=\/wp\/v2\/posts\/7409","targetHints":{"allow":["GET"]}}],"collection":[{"href":"https:\/\/iif.gdu.edu.az\/index.php?rest_route=\/wp\/v2\/posts"}],"about":[{"href":"https:\/\/iif.gdu.edu.az\/index.php?rest_route=\/wp\/v2\/types\/post"}],"author":[{"embeddable":true,"href":"https:\/\/iif.gdu.edu.az\/index.php?rest_route=\/wp\/v2\/users\/6"}],"replies":[{"embeddable":true,"href":"https:\/\/iif.gdu.edu.az\/index.php?rest_route=%2Fwp%2Fv2%2Fcomments&post=7409"}],"version-history":[{"count":1,"href":"https:\/\/iif.gdu.edu.az\/index.php?rest_route=\/wp\/v2\/posts\/7409\/revisions"}],"predecessor-version":[{"id":7412,"href":"https:\/\/iif.gdu.edu.az\/index.php?rest_route=\/wp\/v2\/posts\/7409\/revisions\/7412"}],"wp:featuredmedia":[{"embeddable":true,"href":"https:\/\/iif.gdu.edu.az\/index.php?rest_route=\/wp\/v2\/media\/7410"}],"wp:attachment":[{"href":"https:\/\/iif.gdu.edu.az\/index.php?rest_route=%2Fwp%2Fv2%2Fmedia&parent=7409"}],"wp:term":[{"taxonomy":"category","embeddable":true,"href":"https:\/\/iif.gdu.edu.az\/index.php?rest_route=%2Fwp%2Fv2%2Fcategories&post=7409"},{"taxonomy":"post_tag","embeddable":true,"href":"https:\/\/iif.gdu.edu.az\/index.php?rest_route=%2Fwp%2Fv2%2Ftags&post=7409"}],"curies":[{"name":"wp","href":"https:\/\/api.w.org\/{rel}","templated":true}]}}