{"id":7616,"date":"2025-01-26T08:46:00","date_gmt":"2025-01-26T06:46:00","guid":{"rendered":"http:\/\/iif.gdu.edu.az\/?p=7616"},"modified":"2025-01-25T08:47:28","modified_gmt":"2025-01-25T06:47:28","slug":"26-yanvar-dunya-ekoloji-t%c9%99hsil-gunudur","status":"publish","type":"post","link":"https:\/\/iif.gdu.edu.az\/?p=7616","title":{"rendered":"26 yanvar &#8211; D\u00fcnya Ekoloji T\u0259hsil G\u00fcn\u00fcd\u00fcr"},"content":{"rendered":"\n<figure class=\"wp-block-image size-large\"><img loading=\"lazy\" decoding=\"async\" width=\"500\" height=\"295\" src=\"https:\/\/iif.gdu.edu.az\/wp-content\/uploads\/2025\/01\/20210126120913_47249400.jpg\" alt=\"\" class=\"wp-image-7617\"\/><\/figure>\n\n\n\n<p>M\u00fcasir ekoloji t\u0259hsil h\u0259r\u0259kat\u0131 1972-ci ilin iyununda \u0130sve\u00e7in paytaxt\u0131 Stokholmda ke\u00e7irilmi\u015f Birl\u0259\u015fmi\u015f Mill\u0259tl\u0259r T\u0259\u015fkilat\u0131n\u0131n \u201c\u0130nsan\u0131n \u0259traf m\u00fchiti\u201d adlanan konfrans\u0131nda beyn\u0259lxalq status al\u0131b. Konfrans\u0131n 21-ci plenar iclas\u0131nda Stokholm Sazi\u015fi q\u0259bul edilib. Sazi\u015fd\u0259 \u0259traf m\u00fchit\u0259 v\u0259 davaml\u0131 inki\u015fafa dair 26 prinsip yer al\u0131b. Prinsipl\u0259rd\u0259n biri \u201c\u018ftraf m\u00fchit \u00fczr\u0259 t\u0259hsil vacibdir\u201d adlan\u0131r.<\/p>\n\n\n\n<p>Bu g\u00fcnl\u0259 ba\u011fl\u0131 d\u00fcnyan\u0131n bir \u00e7ox \u00f6lk\u0259sind\u0259 t\u0259hsil m\u00fc\u0259ssis\u0259l\u0259rind\u0259, u\u015faq ba\u011f\u00e7alar\u0131nda ekoloji t\u0259hsilin vacibliyi, ekoloji \u015f\u00fcurun formala\u015fmas\u0131 v\u0259 d\u00f6vl\u0259tl\u0259raras\u0131 t\u0259cr\u00fcb\u0259 m\u00fcbadil\u0259sinin \u0259h\u0259miyy\u0259tin\u0259 diqq\u0259t c\u0259lb edilir, ekoloji m\u0259s\u0259l\u0259l\u0259r\u0259 h\u0259sr edilmi\u015f konfranslar v\u0259 seminarlar ke\u00e7irilir, \u201cd\u0259yirmi masalar\u201d t\u0259\u015fkil olunur.<\/p>\n\n\n\n<p>\u00d6lk\u0259mizd\u0259 d\u0259 \u201cD\u00fcnya Ekoloji T\u0259hsil G\u00fcn\u00fc\u201d il\u0259 \u0259laq\u0259dar maarifl\u0259ndirici vebinarlar ke\u00e7irilir, x\u00fcsusil\u0259 m\u0259kt\u0259blil\u0259rin ekoloji d\u00fcnyag\u00f6r\u00fc\u015f\u00fcn\u00fcn formala\u015fd\u0131r\u0131lmas\u0131na y\u00f6n\u0259l\u0259n t\u0259dbirl\u0259r t\u0259\u015fkil olunur.<\/p>\n\n\n\n<p>Bu g\u00fcnl\u0259 \u0259laq\u0259dar Ekologiya v\u0259 T\u0259bii S\u0259rv\u0259tl\u0259r Nazirliyi v\u0259 \u201cEkoSfera\u201d Sosial-Ekoloji M\u0259rk\u0259z t\u0259r\u0259find\u0259n m\u00fc\u0259llim v\u0259 m\u0259kt\u0259blil\u0259rl\u0259 videoformatda maarifl\u0259ndirici t\u0259dbir ke\u00e7iril\u0259c\u0259k, ETSN v\u0259 \u201cEkoSfera\u201dn\u0131n t\u0259\u015fkilat\u00e7\u0131l\u0131\u011f\u0131 il\u0259 haz\u0131rlanm\u0131\u015f az\u0259rbaycan v\u0259 rus dill\u0259rind\u0259 \u201cPlastik &#8211; bizim h\u0259yat\u0131m\u0131zda 5 d\u0259rs\u201d adl\u0131 metodiki v\u0259saitin t\u0259qdimat\u0131 olacaq. Eyni zamanda, Nazirliyin m\u00fct\u0259x\u0259ssisl\u0259ri t\u0259r\u0259find\u0259n t\u0259dbir i\u015ftirak\u00e7\u0131lar\u0131na Az\u0259rbaycan t\u0259bi\u0259ti, onun qorunmas\u0131 il\u0259 ba\u011fl\u0131 m\u0259lumat v\u0259 t\u00f6vsiy\u0259l\u0259r veril\u0259c\u0259k, milli parklar haqq\u0131nda \u00e7\u0259kilmi\u015f film v\u0259 reportajlar n\u00fcmayi\u015f etdiril\u0259c\u0259k.<\/p>\n","protected":false},"excerpt":{"rendered":"<p>M\u00fcasir ekoloji t\u0259hsil h\u0259r\u0259kat\u0131 1972-ci ilin iyununda \u0130sve\u00e7in paytaxt\u0131 Stokholmda ke\u00e7irilmi\u015f Birl\u0259\u015fmi\u015f Mill\u0259tl\u0259r T\u0259\u015fkilat\u0131n\u0131n \u201c\u0130nsan\u0131n \u0259traf m\u00fchiti\u201d adlanan konfrans\u0131nda beyn\u0259lxalq status al\u0131b. Konfrans\u0131n 21-ci plenar iclas\u0131nda Stokholm Sazi\u015fi q\u0259bul edilib. Sazi\u015fd\u0259 \u0259traf m\u00fchit\u0259 v\u0259 davaml\u0131 inki\u015fafa dair 26 prinsip yer al\u0131b. Prinsipl\u0259rd\u0259n biri \u201c\u018ftraf m\u00fchit \u00fczr\u0259 t\u0259hsil vacibdir\u201d adlan\u0131r. Bu g\u00fcnl\u0259 ba\u011fl\u0131 d\u00fcnyan\u0131n bir \u00e7ox [&hellip;]<\/p>\n","protected":false},"author":6,"featured_media":7617,"comment_status":"closed","ping_status":"closed","sticky":false,"template":"","format":"standard","meta":{"footnotes":""},"categories":[1],"tags":[],"class_list":["post-7616","post","type-post","status-publish","format-standard","has-post-thumbnail","hentry","category-sas"],"_links":{"self":[{"href":"https:\/\/iif.gdu.edu.az\/index.php?rest_route=\/wp\/v2\/posts\/7616","targetHints":{"allow":["GET"]}}],"collection":[{"href":"https:\/\/iif.gdu.edu.az\/index.php?rest_route=\/wp\/v2\/posts"}],"about":[{"href":"https:\/\/iif.gdu.edu.az\/index.php?rest_route=\/wp\/v2\/types\/post"}],"author":[{"embeddable":true,"href":"https:\/\/iif.gdu.edu.az\/index.php?rest_route=\/wp\/v2\/users\/6"}],"replies":[{"embeddable":true,"href":"https:\/\/iif.gdu.edu.az\/index.php?rest_route=%2Fwp%2Fv2%2Fcomments&post=7616"}],"version-history":[{"count":1,"href":"https:\/\/iif.gdu.edu.az\/index.php?rest_route=\/wp\/v2\/posts\/7616\/revisions"}],"predecessor-version":[{"id":7618,"href":"https:\/\/iif.gdu.edu.az\/index.php?rest_route=\/wp\/v2\/posts\/7616\/revisions\/7618"}],"wp:featuredmedia":[{"embeddable":true,"href":"https:\/\/iif.gdu.edu.az\/index.php?rest_route=\/wp\/v2\/media\/7617"}],"wp:attachment":[{"href":"https:\/\/iif.gdu.edu.az\/index.php?rest_route=%2Fwp%2Fv2%2Fmedia&parent=7616"}],"wp:term":[{"taxonomy":"category","embeddable":true,"href":"https:\/\/iif.gdu.edu.az\/index.php?rest_route=%2Fwp%2Fv2%2Fcategories&post=7616"},{"taxonomy":"post_tag","embeddable":true,"href":"https:\/\/iif.gdu.edu.az\/index.php?rest_route=%2Fwp%2Fv2%2Ftags&post=7616"}],"curies":[{"name":"wp","href":"https:\/\/api.w.org\/{rel}","templated":true}]}}