{"id":7626,"date":"2025-02-02T08:19:00","date_gmt":"2025-02-02T06:19:00","guid":{"rendered":"http:\/\/iif.gdu.edu.az\/?p=7626"},"modified":"2025-01-31T08:39:32","modified_gmt":"2025-01-31T06:39:32","slug":"2-fevral-az%c9%99rbaycan-g%c9%99ncl%c9%99ri-gunudur-3","status":"publish","type":"post","link":"https:\/\/iif.gdu.edu.az\/?p=7626","title":{"rendered":"2 fevral &#8211; Az\u0259rbaycan G\u0259ncl\u0259ri G\u00fcn\u00fcd\u00fcr"},"content":{"rendered":"\n<p>2 fevral &#8211; Az\u0259rbaycan G\u0259ncl\u0259ri G\u00fcn\u00fcd\u00fcr. Ulu \u00d6nd\u0259r Heyd\u0259r \u018fliyevin 1997-ci il fevral\u0131n 2-d\u0259 imzalad\u0131\u011f\u0131 F\u0259rmana \u0259sas\u0259n, h\u0259r il fevral\u0131n 2-si Az\u0259rbaycan G\u0259ncl\u0259ri G\u00fcn\u00fc elan edilib. H\u0259min vaxtdan etibar\u0259n bu g\u00fcn MDB m\u0259kan\u0131nda v\u0259 \u015e\u0259rqi Avropa \u00f6lk\u0259l\u0259ri aras\u0131nda ilk d\u0259f\u0259 Az\u0259rbaycanda t\u0259nt\u0259n\u0259li \u015f\u0259kild\u0259 qeyd edilm\u0259y\u0259 ba\u015flan\u0131b. Bu sah\u0259d\u0259 d\u0259 Az\u0259rbaycan bir \u00e7ox \u00f6lk\u0259l\u0259ri qabaqlay\u0131b. Bel\u0259 ki, Az\u0259rbaycanda G\u0259ncl\u0259r G\u00fcn\u00fc t\u0259sis edildikd\u0259n xeyli sonra g\u0259ncl\u0259rin i\u015fl\u0259ri \u00fczr\u0259 nazirl\u0259rin \u00fcmumd\u00fcnya konfrans\u0131n\u0131n (1998-ci il avqustun 8-12-d\u0259) t\u00f6vsiy\u0259si \u0259sas\u0131nda BMT Ba\u015f M\u0259clisinin 1999-cu il 17 dekabr tarixli q\u0259tnam\u0259si il\u0259 12 avqust &#8211; Beyn\u0259lxalq G\u0259ncl\u0259r G\u00fcn\u00fc elan edilib. G\u0259ncl\u0259rimiz \u00dcmummilli Lider Heyd\u0259r \u018fliyevin onlara \u0259n b\u00f6y\u00fck h\u0259diyy\u0259si olan bu g\u00fcn\u00fcn t\u0259sis edilm\u0259sinin 28 illiyini qalib \u00f6lk\u0259nin m\u0259\u011frur v\u0259 q\u00fcrurlu v\u0259t\u0259nda\u015flar\u0131 kimi b\u00f6y\u00fck ruh y\u00fcks\u0259kliyi il\u0259 qeyd edirl\u0259r.<\/p>\n\n\n\n<figure class=\"wp-block-gallery columns-3 is-cropped wp-block-gallery-1 is-layout-flex wp-block-gallery-is-layout-flex\"><ul class=\"blocks-gallery-grid\"><li class=\"blocks-gallery-item\"><figure><img loading=\"lazy\" decoding=\"async\" width=\"1000\" height=\"613\" src=\"https:\/\/iif.gdu.edu.az\/wp-content\/uploads\/2025\/01\/01_gencler-gunu-uz-shekil.jpg\" alt=\"\" data-id=\"7627\" data-full-url=\"https:\/\/iif.gdu.edu.az\/wp-content\/uploads\/2025\/01\/01_gencler-gunu-uz-shekil.jpg\" data-link=\"https:\/\/iif.gdu.edu.az\/?attachment_id=7627#main\" class=\"wp-image-7627\" srcset=\"https:\/\/iif.gdu.edu.az\/wp-content\/uploads\/2025\/01\/01_gencler-gunu-uz-shekil.jpg 1000w, https:\/\/iif.gdu.edu.az\/wp-content\/uploads\/2025\/01\/01_gencler-gunu-uz-shekil-768x471.jpg 768w\" sizes=\"auto, (max-width: 1000px) 100vw, 1000px\" \/><\/figure><\/li><li class=\"blocks-gallery-item\"><figure><img loading=\"lazy\" decoding=\"async\" width=\"1000\" height=\"593\" src=\"https:\/\/iif.gdu.edu.az\/wp-content\/uploads\/2025\/01\/007.jpg\" alt=\"\" data-id=\"7628\" data-full-url=\"https:\/\/iif.gdu.edu.az\/wp-content\/uploads\/2025\/01\/007.jpg\" data-link=\"https:\/\/iif.gdu.edu.az\/?attachment_id=7628#main\" class=\"wp-image-7628\" srcset=\"https:\/\/iif.gdu.edu.az\/wp-content\/uploads\/2025\/01\/007.jpg 1000w, https:\/\/iif.gdu.edu.az\/wp-content\/uploads\/2025\/01\/007-768x455.jpg 768w\" sizes=\"auto, (max-width: 1000px) 100vw, 1000px\" \/><\/figure><\/li><li class=\"blocks-gallery-item\"><figure><img loading=\"lazy\" decoding=\"async\" width=\"1000\" height=\"561\" src=\"https:\/\/iif.gdu.edu.az\/wp-content\/uploads\/2025\/01\/02_metnde-gencler-gunu.jpg\" alt=\"\" data-id=\"7629\" data-full-url=\"https:\/\/iif.gdu.edu.az\/wp-content\/uploads\/2025\/01\/02_metnde-gencler-gunu.jpg\" data-link=\"https:\/\/iif.gdu.edu.az\/?attachment_id=7629#main\" class=\"wp-image-7629\" srcset=\"https:\/\/iif.gdu.edu.az\/wp-content\/uploads\/2025\/01\/02_metnde-gencler-gunu.jpg 1000w, https:\/\/iif.gdu.edu.az\/wp-content\/uploads\/2025\/01\/02_metnde-gencler-gunu-768x431.jpg 768w\" sizes=\"auto, (max-width: 1000px) 100vw, 1000px\" \/><\/figure><\/li><li class=\"blocks-gallery-item\"><figure><img loading=\"lazy\" decoding=\"async\" width=\"1000\" height=\"631\" src=\"https:\/\/iif.gdu.edu.az\/wp-content\/uploads\/2025\/01\/04.jpg\" alt=\"\" data-id=\"7630\" data-full-url=\"https:\/\/iif.gdu.edu.az\/wp-content\/uploads\/2025\/01\/04.jpg\" data-link=\"https:\/\/iif.gdu.edu.az\/?attachment_id=7630#main\" class=\"wp-image-7630\" srcset=\"https:\/\/iif.gdu.edu.az\/wp-content\/uploads\/2025\/01\/04.jpg 1000w, https:\/\/iif.gdu.edu.az\/wp-content\/uploads\/2025\/01\/04-768x485.jpg 768w\" sizes=\"auto, (max-width: 1000px) 100vw, 1000px\" \/><\/figure><\/li><li class=\"blocks-gallery-item\"><figure><img loading=\"lazy\" decoding=\"async\" width=\"1000\" height=\"626\" src=\"https:\/\/iif.gdu.edu.az\/wp-content\/uploads\/2025\/01\/006.jpg\" alt=\"\" data-id=\"7631\" data-full-url=\"https:\/\/iif.gdu.edu.az\/wp-content\/uploads\/2025\/01\/006.jpg\" data-link=\"https:\/\/iif.gdu.edu.az\/?attachment_id=7631#main\" class=\"wp-image-7631\" srcset=\"https:\/\/iif.gdu.edu.az\/wp-content\/uploads\/2025\/01\/006.jpg 1000w, https:\/\/iif.gdu.edu.az\/wp-content\/uploads\/2025\/01\/006-768x481.jpg 768w\" sizes=\"auto, (max-width: 1000px) 100vw, 1000px\" \/><\/figure><\/li><\/ul><\/figure>\n\n\n\n<p><\/p>\n","protected":false},"excerpt":{"rendered":"<p>2 fevral &#8211; Az\u0259rbaycan G\u0259ncl\u0259ri G\u00fcn\u00fcd\u00fcr. Ulu \u00d6nd\u0259r Heyd\u0259r \u018fliyevin 1997-ci il fevral\u0131n 2-d\u0259 imzalad\u0131\u011f\u0131 F\u0259rmana \u0259sas\u0259n, h\u0259r il fevral\u0131n 2-si Az\u0259rbaycan G\u0259ncl\u0259ri G\u00fcn\u00fc elan edilib. H\u0259min vaxtdan etibar\u0259n bu g\u00fcn MDB m\u0259kan\u0131nda v\u0259 \u015e\u0259rqi Avropa \u00f6lk\u0259l\u0259ri aras\u0131nda ilk d\u0259f\u0259 Az\u0259rbaycanda t\u0259nt\u0259n\u0259li \u015f\u0259kild\u0259 qeyd edilm\u0259y\u0259 ba\u015flan\u0131b. Bu sah\u0259d\u0259 d\u0259 Az\u0259rbaycan bir \u00e7ox \u00f6lk\u0259l\u0259ri qabaqlay\u0131b. Bel\u0259 [&hellip;]<\/p>\n","protected":false},"author":6,"featured_media":7631,"comment_status":"closed","ping_status":"closed","sticky":false,"template":"","format":"standard","meta":{"footnotes":""},"categories":[1],"tags":[],"class_list":["post-7626","post","type-post","status-publish","format-standard","has-post-thumbnail","hentry","category-sas"],"_links":{"self":[{"href":"https:\/\/iif.gdu.edu.az\/index.php?rest_route=\/wp\/v2\/posts\/7626","targetHints":{"allow":["GET"]}}],"collection":[{"href":"https:\/\/iif.gdu.edu.az\/index.php?rest_route=\/wp\/v2\/posts"}],"about":[{"href":"https:\/\/iif.gdu.edu.az\/index.php?rest_route=\/wp\/v2\/types\/post"}],"author":[{"embeddable":true,"href":"https:\/\/iif.gdu.edu.az\/index.php?rest_route=\/wp\/v2\/users\/6"}],"replies":[{"embeddable":true,"href":"https:\/\/iif.gdu.edu.az\/index.php?rest_route=%2Fwp%2Fv2%2Fcomments&post=7626"}],"version-history":[{"count":1,"href":"https:\/\/iif.gdu.edu.az\/index.php?rest_route=\/wp\/v2\/posts\/7626\/revisions"}],"predecessor-version":[{"id":7632,"href":"https:\/\/iif.gdu.edu.az\/index.php?rest_route=\/wp\/v2\/posts\/7626\/revisions\/7632"}],"wp:featuredmedia":[{"embeddable":true,"href":"https:\/\/iif.gdu.edu.az\/index.php?rest_route=\/wp\/v2\/media\/7631"}],"wp:attachment":[{"href":"https:\/\/iif.gdu.edu.az\/index.php?rest_route=%2Fwp%2Fv2%2Fmedia&parent=7626"}],"wp:term":[{"taxonomy":"category","embeddable":true,"href":"https:\/\/iif.gdu.edu.az\/index.php?rest_route=%2Fwp%2Fv2%2Fcategories&post=7626"},{"taxonomy":"post_tag","embeddable":true,"href":"https:\/\/iif.gdu.edu.az\/index.php?rest_route=%2Fwp%2Fv2%2Ftags&post=7626"}],"curies":[{"name":"wp","href":"https:\/\/api.w.org\/{rel}","templated":true}]}}