{"id":7634,"date":"2025-02-05T13:19:00","date_gmt":"2025-02-05T11:19:00","guid":{"rendered":"http:\/\/iif.gdu.edu.az\/?p=7634"},"modified":"2025-02-10T10:24:48","modified_gmt":"2025-02-10T08:24:48","slug":"g%c9%99nc%c9%99-dovl%c9%99t-universitetind%c9%99-elmi-suranin-iclasi-kecirilib","status":"publish","type":"post","link":"https:\/\/iif.gdu.edu.az\/?p=7634","title":{"rendered":"G\u0259nc\u0259 D\u00f6vl\u0259t Universitetind\u0259 elmi \u015furan\u0131n iclas\u0131 ke\u00e7irilib"},"content":{"rendered":"\n<p>&nbsp;G\u0259nc\u0259 D\u00f6vl\u0259t Universitetind\u0259 (GDU) Elmi \u015euran\u0131n&nbsp; n\u00f6vb\u0259ti iclas\u0131 ke\u00e7irilib. \u0130clas \u00f6z i\u015fin\u0259 ba\u015flamazdan \u00f6nc\u0259 &nbsp;universitetin rektoru Yusif Yusibov GDU T\u0259l\u0259b\u0259 G\u0259ncl\u0259r T\u0259\u015fkilat\u0131n\u0131n Az\u0259rbaycan T\u0259l\u0259b\u0259 G\u0259ncl\u0259r T\u0259\u015fkilatlar\u0131 \u0130ttifaq\u0131 t\u0259r\u0259find\u0259n \u201cA\u011f \u00c7inar\u201d m\u00fckafat\u0131na layiq &nbsp;g\u00f6r\u00fclm\u0259si m\u00fcnasib\u0259ti il\u0259 t\u0259brik edib v\u0259 g\u0259ncl\u0259r\u0259 u\u011furlar arzulay\u0131b.<\/p>\n\n\n\n<p>&nbsp;&nbsp;&nbsp; &nbsp;&nbsp;&nbsp;&nbsp;&nbsp;&nbsp; Sonra Elmi \u015eura \u00f6z i\u015fin\u0259 ba\u015flay\u0131b. Rektor Yusif Yusibov \u015eura \u00fczvl\u0259rini g\u00fcnd\u0259likd\u0259 duran m\u0259s\u0259l\u0259l\u0259rl\u0259 tan\u0131\u015f edib.<\/p>\n\n\n\n<p>&nbsp;&nbsp;&nbsp;&nbsp; &nbsp;Elmi \u015eurada birinci m\u0259s\u0259l\u0259 \u2013&nbsp; Pay\u0131z imtahan sessiyas\u0131n\u0131n gedi\u015fi haqq\u0131nda T\u0259dris m\u0259s\u0259l\u0259l\u0259ri \u00fczr\u0259 prorektor \u015eahin Xur\u015fudovun \u00e7\u0131x\u0131\u015f\u0131 dinl\u0259nilib. Diqq\u0259t\u0259 \u00e7atd\u0131r\u0131l\u0131b ki, &nbsp;cari t\u0259dris ilinin&nbsp;pay\u0131z semestrinin imtahan sessiyas\u0131 6 yanvar 2025-ci il tarixd\u0259 ba\u015flay\u0131b v\u0259 31 yanvar 2025-ci il tarixind\u0259 yekunla\u015f\u0131b. \u0130mtahan sessiyas\u0131 yaz\u0131l\u0131, test, \u015fifahi v\u0259 yarad\u0131c\u0131l\u0131q t\u0259l\u0259b ed\u0259n ixtisaslarda is\u0259 qabiliyy\u0259t formas\u0131nda ke\u00e7irilib. \u0130mtahanlar\u0131n ke\u00e7irilm\u0259si \u00fc\u00e7\u00fcn b\u00fct\u00fcn texniki-t\u0259\u015fkilati i\u015fl\u0259r vaxt\u0131nda g\u00f6r\u00fcl\u00fcb, imtahan prosesin\u0259 k\u0259nar m\u00fcdaxil\u0259nin yol verilm\u0259m\u0259si v\u0259 t\u0259l\u0259b\u0259l\u0259rin bilikl\u0259rini n\u00fcmayi\u015f etdirm\u0259si \u00fc\u00e7\u00fcn laz\u0131mi \u015f\u0259rait yarad\u0131l\u0131b. T\u0259l\u0259b\u0259l\u0259rin biliyinin qiym\u0259tl\u0259ndirilm\u0259sind\u0259 \u015f\u0259ffafl\u0131\u011f\u0131 t\u0259min etm\u0259k m\u0259qs\u0259dil\u0259 universitetd\u0259&nbsp; \u0130mtahan Q\u0259rargah\u0131,&nbsp; Apellyasiya Komissiyas\u0131 v\u0259 \u201cQaynar x\u0259tt\u201d f\u0259aliyy\u0259t g\u00f6st\u0259rir. Bununla yana\u015f\u0131 auditoriyalarda imtahan sessiyas\u0131n\u0131 &nbsp;yax\u0131ndan izl\u0259m\u0259k \u00fc\u00e7\u00fcn Mediatur da t\u0259\u015fkil olunub.<\/p>\n\n\n\n<p>&nbsp;&nbsp;&nbsp;&nbsp;&nbsp;&nbsp;&nbsp;&nbsp;&nbsp; &nbsp;&nbsp;Universitetin Elm v\u0259 innovasiyalar \u00fczr\u0259 prorektoru, mill\u0259t v\u0259kili P\u0259rvin K\u0259rimzad\u0259 GDU-nun professor-m\u00fc\u0259llim hey\u0259tinin 2024-c\u00fc ild\u0259 yerin\u0259 yetirdiyi elmi-t\u0259dqiqat i\u015fl\u0259rinin n\u0259\u00adtic\u0259l\u0259ri bar\u0259d\u0259 m\u0259lumat verib. Qeyd edib ki,&nbsp; 21 n\u0259f\u0259r f\u0259ls\u0259f\u0259 doktoru diplomuna, 1 n\u0259f\u0259r professor, 4 n\u0259f\u0259r is\u0259 dosent elmi ad\u0131na layiq g\u00f6r\u00fcl\u00fcb.<\/p>\n\n\n\n<p>&nbsp;&nbsp;&nbsp;&nbsp;&nbsp; &nbsp;Daha sonra Universitetin \u0130nnovasiyalar Departamentinin direktoru Vasif H\u0259s\u0259nov Akkreditasiya Komissiyas\u0131n\u0131n verdiyi t\u00f6vsiy\u0259l\u0259rin icras\u0131na dair f\u0259aliyy\u0259t plan\u0131 bar\u0259d\u0259 &nbsp;\u00e7\u0131x\u0131\u015f edib.<\/p>\n\n\n\n<p>&nbsp;&nbsp;&nbsp;&nbsp;&nbsp; Elmi \u015euran\u0131n iclas\u0131nda V\u0259fa M\u0259mm\u0259dovan\u0131n&nbsp; \u201cZoologiya\u201d ixtisas\u0131 \u00fczr\u0259 professor, G\u00fcnay Kaz\u0131movan\u0131n \u201cPedaqoji psixologiya\u201d ixtisas\u0131 \u00fczr\u0259 dosent elmi ad\u0131n\u0131 alma\u011fa dair Az\u0259rbaycan Respublikas\u0131n\u0131n Prezidenti yan\u0131nda&nbsp;Ali Attestasiya Komissiyas\u0131&nbsp;qar\u015f\u0131s\u0131nda v\u0259sat\u0259tin qald\u0131r\u0131lmas\u0131 bar\u0259d\u0259 gizli s\u0259sverm\u0259 yolu il\u0259 q\u0259rar q\u0259bul olunub.<\/p>\n\n\n\n<p>\u00a0\u00a0 \u00a0Elmi \u015euran\u0131n iclas\u0131 cari m\u0259s\u0259l\u0259l\u0259rin m\u00fczakir\u0259si il\u0259 ba\u015fa \u00e7at\u0131b.<\/p>\n\n\n\n<figure class=\"wp-block-image size-large\"><img loading=\"lazy\" decoding=\"async\" width=\"1024\" height=\"585\" src=\"https:\/\/iif.gdu.edu.az\/wp-content\/uploads\/2025\/02\/IMG_7626-1024x585-1.jpg\" alt=\"\" class=\"wp-image-7635\" srcset=\"https:\/\/iif.gdu.edu.az\/wp-content\/uploads\/2025\/02\/IMG_7626-1024x585-1.jpg 1024w, https:\/\/iif.gdu.edu.az\/wp-content\/uploads\/2025\/02\/IMG_7626-1024x585-1-768x439.jpg 768w\" sizes=\"auto, (max-width: 1024px) 100vw, 1024px\" \/><\/figure>\n\n\n\n<p><\/p>\n","protected":false},"excerpt":{"rendered":"<p>&nbsp;G\u0259nc\u0259 D\u00f6vl\u0259t Universitetind\u0259 (GDU) Elmi \u015euran\u0131n&nbsp; n\u00f6vb\u0259ti iclas\u0131 ke\u00e7irilib. \u0130clas \u00f6z i\u015fin\u0259 ba\u015flamazdan \u00f6nc\u0259 &nbsp;universitetin rektoru Yusif Yusibov GDU T\u0259l\u0259b\u0259 G\u0259ncl\u0259r T\u0259\u015fkilat\u0131n\u0131n Az\u0259rbaycan T\u0259l\u0259b\u0259 G\u0259ncl\u0259r T\u0259\u015fkilatlar\u0131 \u0130ttifaq\u0131 t\u0259r\u0259find\u0259n \u201cA\u011f \u00c7inar\u201d m\u00fckafat\u0131na layiq &nbsp;g\u00f6r\u00fclm\u0259si m\u00fcnasib\u0259ti il\u0259 t\u0259brik edib v\u0259 g\u0259ncl\u0259r\u0259 u\u011furlar arzulay\u0131b. &nbsp;&nbsp;&nbsp; &nbsp;&nbsp;&nbsp;&nbsp;&nbsp;&nbsp; Sonra Elmi \u015eura \u00f6z i\u015fin\u0259 ba\u015flay\u0131b. Rektor Yusif Yusibov \u015eura \u00fczvl\u0259rini g\u00fcnd\u0259likd\u0259 [&hellip;]<\/p>\n","protected":false},"author":6,"featured_media":7635,"comment_status":"closed","ping_status":"closed","sticky":false,"template":"","format":"standard","meta":{"footnotes":""},"categories":[1],"tags":[],"class_list":["post-7634","post","type-post","status-publish","format-standard","has-post-thumbnail","hentry","category-sas"],"_links":{"self":[{"href":"https:\/\/iif.gdu.edu.az\/index.php?rest_route=\/wp\/v2\/posts\/7634","targetHints":{"allow":["GET"]}}],"collection":[{"href":"https:\/\/iif.gdu.edu.az\/index.php?rest_route=\/wp\/v2\/posts"}],"about":[{"href":"https:\/\/iif.gdu.edu.az\/index.php?rest_route=\/wp\/v2\/types\/post"}],"author":[{"embeddable":true,"href":"https:\/\/iif.gdu.edu.az\/index.php?rest_route=\/wp\/v2\/users\/6"}],"replies":[{"embeddable":true,"href":"https:\/\/iif.gdu.edu.az\/index.php?rest_route=%2Fwp%2Fv2%2Fcomments&post=7634"}],"version-history":[{"count":1,"href":"https:\/\/iif.gdu.edu.az\/index.php?rest_route=\/wp\/v2\/posts\/7634\/revisions"}],"predecessor-version":[{"id":7636,"href":"https:\/\/iif.gdu.edu.az\/index.php?rest_route=\/wp\/v2\/posts\/7634\/revisions\/7636"}],"wp:featuredmedia":[{"embeddable":true,"href":"https:\/\/iif.gdu.edu.az\/index.php?rest_route=\/wp\/v2\/media\/7635"}],"wp:attachment":[{"href":"https:\/\/iif.gdu.edu.az\/index.php?rest_route=%2Fwp%2Fv2%2Fmedia&parent=7634"}],"wp:term":[{"taxonomy":"category","embeddable":true,"href":"https:\/\/iif.gdu.edu.az\/index.php?rest_route=%2Fwp%2Fv2%2Fcategories&post=7634"},{"taxonomy":"post_tag","embeddable":true,"href":"https:\/\/iif.gdu.edu.az\/index.php?rest_route=%2Fwp%2Fv2%2Ftags&post=7634"}],"curies":[{"name":"wp","href":"https:\/\/api.w.org\/{rel}","templated":true}]}}