{"id":7694,"date":"2025-02-26T06:12:00","date_gmt":"2025-02-26T04:12:00","guid":{"rendered":"http:\/\/iif.gdu.edu.az\/?p=7694"},"modified":"2025-02-26T07:31:44","modified_gmt":"2025-02-26T05:31:44","slug":"26-fevral-xocali-soyqirimi","status":"publish","type":"post","link":"https:\/\/iif.gdu.edu.az\/?p=7694","title":{"rendered":"26 fevral- Xocal\u0131 soyq\u0131r\u0131m\u0131"},"content":{"rendered":"\n<p><\/p>\n\n\n\n<figure class=\"wp-block-image size-large\"><img loading=\"lazy\" decoding=\"async\" width=\"1000\" height=\"656\" src=\"https:\/\/iif.gdu.edu.az\/wp-content\/uploads\/2025\/02\/372aa0ddc4f15b0b33851cac9c9efff8.jpg\" alt=\"\" class=\"wp-image-7695\" srcset=\"https:\/\/iif.gdu.edu.az\/wp-content\/uploads\/2025\/02\/372aa0ddc4f15b0b33851cac9c9efff8.jpg 1000w, https:\/\/iif.gdu.edu.az\/wp-content\/uploads\/2025\/02\/372aa0ddc4f15b0b33851cac9c9efff8-768x504.jpg 768w\" sizes=\"auto, (max-width: 1000px) 100vw, 1000px\" \/><\/figure>\n\n\n\n<p>1992-ci il fevral\u0131n 25-d\u0259n 26-na ke\u00e7\u0259n gec\u0259 erm\u0259ni silahl\u0131 d\u0259st\u0259l\u0259ri SSR\u0130 d\u00f6vr\u00fcnd\u0259 Xank\u0259ndi (Stepanakert) \u015f\u0259h\u0259rind\u0259 yerl\u0259\u015fdirilmi\u015f 366-c\u0131 motoat\u0131c\u0131 alay\u0131n\u0131n zirehli texnikas\u0131 v\u0259 h\u0259rbi hey\u0259tinin k\u00f6m\u0259kliyi il\u0259 Xocal\u0131 \u015f\u0259h\u0259rini z\u0259bt etdil\u0259r.<\/p>\n\n\n\n<p>H\u00fccumdan \u0259vv\u0259l, fevral\u0131n 25-i ax\u015fam \u00e7a\u011f\u0131ndan \u015f\u0259h\u0259r toplardan v\u0259 a\u011f\u0131r zirehli texnikadan \u015fidd\u0259tli at\u0259\u015f\u0259 tutulma\u011fa ba\u015flam\u0131\u015fd\u0131r. N\u0259tic\u0259d\u0259 \u015f\u0259h\u0259rd\u0259 yan\u011f\u0131nlar ba\u015f vermi\u015f v\u0259 fevral\u0131n 26-\u0131 s\u0259h\u0259r saat 5 rad\u0259l\u0259rind\u0259 \u015f\u0259h\u0259r tam alova b\u00fcr\u00fcnm\u00fc\u015fd\u00fcr. Bel\u0259 bir v\u0259ziyy\u0259td\u0259, erm\u0259ni \u0259hat\u0259sind\u0259 olan \u015f\u0259h\u0259rd\u0259 qalm\u0131\u015f t\u0259qrib\u0259n 2500 n\u0259f\u0259r \u0259hali yax\u0131nl\u0131qdak\u0131 az\u0259rbaycanl\u0131lar m\u0259skunla\u015fm\u0131\u015f A\u011fdam rayonunun m\u0259rk\u0259zin\u0259 \u00e7atmaq \u00fcmidi il\u0259 \u015f\u0259h\u0259ri t\u0259rk etm\u0259y\u0259 m\u0259cbur olmu\u015fdur.<\/p>\n\n\n\n<p>Ancaq bu niyy\u0259t ba\u015f tutmad\u0131. \u015e\u0259h\u0259ri yerl\u0259 yeksan etmi\u015f erm\u0259ni silahl\u0131 d\u0259st\u0259l\u0259ri v\u0259 motoat\u0131c\u0131 alay\u0131n h\u0259rbi\u00e7il\u0259ri dinc \u0259haliy\u0259 divan tutdular.<\/p>\n\n\n\n<p>Bu q\u0131r\u011f\u0131n\u0131n n\u0259tic\u0259sind\u0259 613 n\u0259f\u0259r h\u0259lak olmu\u015fdur, onlardan:<\/p>\n\n\n\n<p><strong>u\u015faqlar &#8211; 63 n\u0259f\u0259r;<\/strong>&nbsp;<br><strong>qad\u0131nlar &#8211; 106 n\u0259f\u0259r;&nbsp;<br>qocalar &#8211; 70 n\u0259f\u0259r.<\/strong><\/p>\n\n\n\n<p><strong>8 ail\u0259 tamamil\u0259 m\u0259hv edilmi\u015fdir.<\/strong><br><strong>25 u\u015faq h\u0259r iki valideynini itirmi\u015fdir.<br>130 u\u015faq valideynl\u0259rind\u0259n birini itirmi\u015fdir<\/strong><\/p>\n\n\n\n<p><strong>487 n\u0259f\u0259r yaralanm\u0131\u015fd\u0131r, onlardan:<\/strong><\/p>\n\n\n\n<p><strong>u\u015faqlar &#8211; 76 n\u0259f\u0259r;<\/strong><\/p>\n\n\n\n<p><strong>1275 n\u0259f\u0259r \u0259sir g\u00f6t\u00fcr\u00fclm\u00fc\u015fd\u00fcr.<\/strong><br><strong>150 n\u0259f\u0259r itkin d\u00fc\u015fm\u00fc\u015fd\u00fcr.<br>D\u00f6vl\u0259tin v\u0259 \u0259halinin \u0259mlak\u0131na 01.04.1992-ci il tarixin\u0259 olan qiym\u0259tl\u0259rl\u0259 5 mlrd. rubl d\u0259y\u0259rind\u0259 ziyan vurulmu\u015fdur.<\/strong><\/p>\n\n\n\n<p>Bu r\u0259q\u0259ml\u0259r Erm\u0259nistan SSR-in d\u0259st\u0259yi v\u0259 SSR\u0130 r\u0259hb\u0259rliyinin s\u0259hl\u0259nkarl\u0131\u011f\u0131 il\u0259 1988-ci ild\u0259 ba\u015flam\u0131\u015f v\u0259 Az\u0259rbaycan SSR-in t\u0259rkib hiss\u0259si olan Da\u011fl\u0131q Qaraba\u011f Muxtar Vilay\u0259tinin Erm\u0259nistana birl\u0259\u015fdirilm\u0259si iddias\u0131n\u0131n ger\u00e7\u0259kl\u0259\u015fdirilm\u0259si \u0259sas\u0131nda yaranm\u0131\u015f Erm\u0259nistan-Az\u0259rbaycan, Da\u011fl\u0131q Qaraba\u011f m\u00fcnaqi\u015f\u0259sinin \u0259n d\u0259h\u015f\u0259tli, qanl\u0131 faci\u0259sind\u0259n x\u0259b\u0259r verir.<\/p>\n\n\n\n<p>Onlar \u015f\u0259hid olmaqla \u00f6z adlar\u0131n\u0131 tarix\u0259 yaz\u0131blar. Bu an\u0131m g\u00fcnl\u0259rinin m\u0259qs\u0259di odur ki, bu faci\u0259li g\u00fcn he\u00e7 vaxt yaddan \u00e7\u0131xmas\u0131n. Bu il  5 ildir ki, q\u0259l\u0259b\u0259d\u0259n sonra Xocal\u0131 soyq\u0131r\u0131m\u0131n\u0131n ild\u00f6n\u00fcm\u00fcn\u00fc qeyd edirik. Q\u0259hr\u0259man ordumuz say\u0259sind\u0259 2020-ci ild\u0259 i\u015f\u011fal alt\u0131nda olan torpaqlar\u0131m\u0131z azad olub. V\u0259t\u0259n m\u00fcharib\u0259sind\u0259 q\u0259l\u0259b\u0259miz Xocal\u0131 qurbanlar\u0131n\u0131n da ruhunu \u015fad edir&#8221;.<\/p>\n","protected":false},"excerpt":{"rendered":"<p>1992-ci il fevral\u0131n 25-d\u0259n 26-na ke\u00e7\u0259n gec\u0259 erm\u0259ni silahl\u0131 d\u0259st\u0259l\u0259ri SSR\u0130 d\u00f6vr\u00fcnd\u0259 Xank\u0259ndi (Stepanakert) \u015f\u0259h\u0259rind\u0259 yerl\u0259\u015fdirilmi\u015f 366-c\u0131 motoat\u0131c\u0131 alay\u0131n\u0131n zirehli texnikas\u0131 v\u0259 h\u0259rbi hey\u0259tinin k\u00f6m\u0259kliyi il\u0259 Xocal\u0131 \u015f\u0259h\u0259rini z\u0259bt etdil\u0259r. H\u00fccumdan \u0259vv\u0259l, fevral\u0131n 25-i ax\u015fam \u00e7a\u011f\u0131ndan \u015f\u0259h\u0259r toplardan v\u0259 a\u011f\u0131r zirehli texnikadan \u015fidd\u0259tli at\u0259\u015f\u0259 tutulma\u011fa ba\u015flam\u0131\u015fd\u0131r. N\u0259tic\u0259d\u0259 \u015f\u0259h\u0259rd\u0259 yan\u011f\u0131nlar ba\u015f vermi\u015f v\u0259 fevral\u0131n 26-\u0131 s\u0259h\u0259r [&hellip;]<\/p>\n","protected":false},"author":6,"featured_media":7695,"comment_status":"closed","ping_status":"closed","sticky":false,"template":"","format":"standard","meta":{"footnotes":""},"categories":[1],"tags":[],"class_list":["post-7694","post","type-post","status-publish","format-standard","has-post-thumbnail","hentry","category-sas"],"_links":{"self":[{"href":"https:\/\/iif.gdu.edu.az\/index.php?rest_route=\/wp\/v2\/posts\/7694","targetHints":{"allow":["GET"]}}],"collection":[{"href":"https:\/\/iif.gdu.edu.az\/index.php?rest_route=\/wp\/v2\/posts"}],"about":[{"href":"https:\/\/iif.gdu.edu.az\/index.php?rest_route=\/wp\/v2\/types\/post"}],"author":[{"embeddable":true,"href":"https:\/\/iif.gdu.edu.az\/index.php?rest_route=\/wp\/v2\/users\/6"}],"replies":[{"embeddable":true,"href":"https:\/\/iif.gdu.edu.az\/index.php?rest_route=%2Fwp%2Fv2%2Fcomments&post=7694"}],"version-history":[{"count":1,"href":"https:\/\/iif.gdu.edu.az\/index.php?rest_route=\/wp\/v2\/posts\/7694\/revisions"}],"predecessor-version":[{"id":7696,"href":"https:\/\/iif.gdu.edu.az\/index.php?rest_route=\/wp\/v2\/posts\/7694\/revisions\/7696"}],"wp:featuredmedia":[{"embeddable":true,"href":"https:\/\/iif.gdu.edu.az\/index.php?rest_route=\/wp\/v2\/media\/7695"}],"wp:attachment":[{"href":"https:\/\/iif.gdu.edu.az\/index.php?rest_route=%2Fwp%2Fv2%2Fmedia&parent=7694"}],"wp:term":[{"taxonomy":"category","embeddable":true,"href":"https:\/\/iif.gdu.edu.az\/index.php?rest_route=%2Fwp%2Fv2%2Fcategories&post=7694"},{"taxonomy":"post_tag","embeddable":true,"href":"https:\/\/iif.gdu.edu.az\/index.php?rest_route=%2Fwp%2Fv2%2Ftags&post=7694"}],"curies":[{"name":"wp","href":"https:\/\/api.w.org\/{rel}","templated":true}]}}