{"id":7706,"date":"2025-02-25T08:20:26","date_gmt":"2025-02-25T06:20:26","guid":{"rendered":"http:\/\/iif.gdu.edu.az\/?p=7706"},"modified":"2025-02-25T08:24:30","modified_gmt":"2025-02-25T06:24:30","slug":"su-c%c9%99rs%c9%99nb%c9%99si-yazin-ilk-mujd%c9%99si","status":"publish","type":"post","link":"https:\/\/iif.gdu.edu.az\/?p=7706","title":{"rendered":"Su \u00e7\u0259r\u015f\u0259nb\u0259si \u2013 yaz\u0131n ilk m\u00fcjd\u0259si"},"content":{"rendered":"\n<figure class=\"wp-block-image size-large\"><img loading=\"lazy\" decoding=\"async\" width=\"1887\" height=\"1276\" src=\"https:\/\/iif.gdu.edu.az\/wp-content\/uploads\/2025\/02\/4.jpg\" alt=\"\" class=\"wp-image-7707\" srcset=\"https:\/\/iif.gdu.edu.az\/wp-content\/uploads\/2025\/02\/4.jpg 1887w, https:\/\/iif.gdu.edu.az\/wp-content\/uploads\/2025\/02\/4-768x519.jpg 768w, https:\/\/iif.gdu.edu.az\/wp-content\/uploads\/2025\/02\/4-1536x1039.jpg 1536w\" sizes=\"auto, (max-width: 1887px) 100vw, 1887px\" \/><\/figure>\n\n\n\n<p><\/p>\n\n\n\n<p><strong>Novruz ad\u0259tl\u0259rimiz\u0259 g\u00f6r\u0259, bu g\u00fcn t\u0259z\u0259 ilimizin \u201cSu \u00e7\u0259r\u015f\u0259nb\u0259si\u201ddir. Bahar\u0131n ilk x\u0259b\u0259r\u00e7isi olan bu \u00e7\u0259r\u015f\u0259nb\u0259 suya tap\u0131nma inanc\u0131 il\u0259 ba\u011fl\u0131d\u0131r. Ki\u00e7ik \u00e7ill\u0259 \u00e7\u0131xandan sonra boz ayda ilk olaraq bu g\u00fcn\u00fc qeyd edirik. Evl\u0259rd\u0259 a\u015f bi\u015firilir, k\u0259ndl\u0259rd\u0259 su \u00fcst\u00fcnd\u0259n atlan\u0131l\u0131r, su adamlar\u0131n azar-bezar\u0131n\u0131 apar\u0131r. Bu g\u00fcn xalq aras\u0131nda \u201c\u018fz\u0259l \u00e7\u0259r\u015f\u0259nb\u0259\u201d, \u201cG\u00f6z\u0259l \u00e7\u0259r\u015f\u0259nb\u0259\u201d, \u201cSular Novruzu\u201d, \u201cG\u00fcl \u00e7\u0259r\u015f\u0259nb\u0259\u201d kimi d\u0259 tan\u0131n\u0131r.<\/strong><\/p>\n\n\n\n<p>\u00dcz\u00fcm\u00fcz\u0259 g\u0259l\u0259n h\u0259ft\u0259l\u0259r &#8211; mart\u0131n 4-\u00fc \u201cOd \u00e7\u0259r\u015f\u0259nb\u0259si\u201d, 11-i \u201cYel \u00e7\u0259r\u015f\u0259nb\u0259si\u201d, 18-i is\u0259 \u201c\u0130lax\u0131r (Torpaq) \u00e7\u0259r\u015f\u0259nb\u0259si\u201d olacaq. Bunlar do\u011fru \u00e7\u0259r\u015f\u0259nb\u0259l\u0259r say\u0131l\u0131r. Etnoqraf aliml\u0259rin fikrinc\u0259, ta q\u0259dimd\u0259n yazqaba\u011f\u0131 sayca 7 o\u011fru-do\u011fru \u00e7\u0259r\u015f\u0259nb\u0259l\u0259r olub. \u0130ndi is\u0259 Az\u0259rbaycanda yaln\u0131z yuxar\u0131da sadalananlar qeyd edilir. Tarix\u0259n Novruzaq\u0259d\u0259rki m\u0259rasiml\u0259r\u0259 b\u00f6y\u00fck \u00e7ill\u0259nin, ki\u00e7ik \u00e7ill\u0259nin g\u0259lib-getm\u0259si, X\u0131d\u0131r N\u0259bi bayram\u0131 daxildir. Novruz m\u0259rasiml\u0259ri is\u0259 boz ay\u0131n \u0259vv\u0259lind\u0259n ba\u015flay\u0131r: Boz ay\u0131n ilk 4 \u00e7\u0259r\u015f\u0259nb\u0259si v\u0259 bayram\u0131n \u00f6z\u00fc.<\/p>\n\n\n\n<p>Mifik m\u0259tnl\u0259rd\u0259 su h\u0259yat, dirilik m\u0259nb\u0259yi kimi g\u00f6st\u0259rilib. \u0130nanca g\u00f6r\u0259, Tanr\u0131 ilk olaraq suyu yarad\u0131b. Buna g\u00f6r\u0259 d\u0259 su ilk \u00e7\u0259r\u015f\u0259nb\u0259 kimi qeyd olunur. Bu \u00e7\u0259r\u015f\u0259nb\u0259d\u0259 su h\u00f6vz\u0259l\u0259rind\u0259 abadl\u0131q i\u015fl\u0259ri g\u00f6r\u00fcl\u00fcr, arxlar t\u0259mizl\u0259nir. Bayrama haz\u0131rl\u0131qlar su \u00e7\u0259r\u015f\u0259nb\u0259si il\u0259 ba\u015flay\u0131r, su il\u0259 ba\u011fl\u0131 m\u00fcxt\u0259lif \u015f\u0259nlikl\u0259r ke\u00e7irilir&#8230;<\/p>\n","protected":false},"excerpt":{"rendered":"<p>Novruz ad\u0259tl\u0259rimiz\u0259 g\u00f6r\u0259, bu g\u00fcn t\u0259z\u0259 ilimizin \u201cSu \u00e7\u0259r\u015f\u0259nb\u0259si\u201ddir. Bahar\u0131n ilk x\u0259b\u0259r\u00e7isi olan bu \u00e7\u0259r\u015f\u0259nb\u0259 suya tap\u0131nma inanc\u0131 il\u0259 ba\u011fl\u0131d\u0131r. Ki\u00e7ik \u00e7ill\u0259 \u00e7\u0131xandan sonra boz ayda ilk olaraq bu g\u00fcn\u00fc qeyd edirik. Evl\u0259rd\u0259 a\u015f bi\u015firilir, k\u0259ndl\u0259rd\u0259 su \u00fcst\u00fcnd\u0259n atlan\u0131l\u0131r, su adamlar\u0131n azar-bezar\u0131n\u0131 apar\u0131r. Bu g\u00fcn xalq aras\u0131nda \u201c\u018fz\u0259l \u00e7\u0259r\u015f\u0259nb\u0259\u201d, \u201cG\u00f6z\u0259l \u00e7\u0259r\u015f\u0259nb\u0259\u201d, \u201cSular Novruzu\u201d, \u201cG\u00fcl \u00e7\u0259r\u015f\u0259nb\u0259\u201d [&hellip;]<\/p>\n","protected":false},"author":6,"featured_media":7707,"comment_status":"closed","ping_status":"closed","sticky":false,"template":"","format":"standard","meta":{"footnotes":""},"categories":[1],"tags":[],"class_list":["post-7706","post","type-post","status-publish","format-standard","has-post-thumbnail","hentry","category-sas"],"_links":{"self":[{"href":"https:\/\/iif.gdu.edu.az\/index.php?rest_route=\/wp\/v2\/posts\/7706","targetHints":{"allow":["GET"]}}],"collection":[{"href":"https:\/\/iif.gdu.edu.az\/index.php?rest_route=\/wp\/v2\/posts"}],"about":[{"href":"https:\/\/iif.gdu.edu.az\/index.php?rest_route=\/wp\/v2\/types\/post"}],"author":[{"embeddable":true,"href":"https:\/\/iif.gdu.edu.az\/index.php?rest_route=\/wp\/v2\/users\/6"}],"replies":[{"embeddable":true,"href":"https:\/\/iif.gdu.edu.az\/index.php?rest_route=%2Fwp%2Fv2%2Fcomments&post=7706"}],"version-history":[{"count":1,"href":"https:\/\/iif.gdu.edu.az\/index.php?rest_route=\/wp\/v2\/posts\/7706\/revisions"}],"predecessor-version":[{"id":7708,"href":"https:\/\/iif.gdu.edu.az\/index.php?rest_route=\/wp\/v2\/posts\/7706\/revisions\/7708"}],"wp:featuredmedia":[{"embeddable":true,"href":"https:\/\/iif.gdu.edu.az\/index.php?rest_route=\/wp\/v2\/media\/7707"}],"wp:attachment":[{"href":"https:\/\/iif.gdu.edu.az\/index.php?rest_route=%2Fwp%2Fv2%2Fmedia&parent=7706"}],"wp:term":[{"taxonomy":"category","embeddable":true,"href":"https:\/\/iif.gdu.edu.az\/index.php?rest_route=%2Fwp%2Fv2%2Fcategories&post=7706"},{"taxonomy":"post_tag","embeddable":true,"href":"https:\/\/iif.gdu.edu.az\/index.php?rest_route=%2Fwp%2Fv2%2Ftags&post=7706"}],"curies":[{"name":"wp","href":"https:\/\/api.w.org\/{rel}","templated":true}]}}