{"id":7794,"date":"2025-02-27T12:05:00","date_gmt":"2025-02-27T10:05:00","guid":{"rendered":"http:\/\/iif.gdu.edu.az\/?p=7794"},"modified":"2026-04-09T08:07:11","modified_gmt":"2026-04-09T06:07:11","slug":"elmi-sura-15","status":"publish","type":"post","link":"https:\/\/iif.gdu.edu.az\/?p=7794","title":{"rendered":"Elmi \u015eura"},"content":{"rendered":"\n<p>&nbsp;&nbsp;&nbsp;&nbsp;&nbsp;&nbsp;&nbsp;&nbsp;&nbsp;&nbsp;&nbsp;&nbsp;&nbsp; 27&nbsp; &nbsp;&nbsp;fevral 2025-ci &nbsp;il tarixd\u0259 saat 11-<sup>00<\/sup> \u0130qtisadiyyat v\u0259 idar\u0259etm\u0259 fak\u00fclt\u0259si Elmi \u015euras\u0131n\u0131n iclas\u0131 oldu.<\/p>\n\n\n\n<p class=\"has-text-align-center\"><strong>G\u00dcND\u018fL\u0130K&nbsp; M\u018fS\u018fL\u018fL\u018fR<\/strong><\/p>\n\n\n\n<p>1. 2024\/2025-ci t\u0259dris ilinin&nbsp; q\u0131\u015f imtahan sessiyalar\u0131n\u0131n yekunlar\u0131 v\u0259 &nbsp;&nbsp;&nbsp;&nbsp;&nbsp; fak\u00fclt\u0259nin qar\u015f\u0131s\u0131nda duran v\u0259zif\u0259l\u0259r&nbsp;&nbsp;&nbsp;&nbsp;&nbsp;&nbsp;&nbsp;&nbsp;&nbsp;&nbsp;&nbsp;&nbsp;&nbsp;&nbsp;<\/p>\n\n\n\n<p>&nbsp;2.&nbsp; &nbsp;&nbsp;Turizm i\u015finin t\u0259\u015fkili ixtisas\u0131 VI kurs t\u0259l\u0259b\u0259l\u0259rinin burax\u0131l\u0131\u015f i\u015fl\u0259rinin&nbsp; icra v\u0259ziyy\u0259ti bar\u0259sind\u0259&nbsp;&nbsp;&nbsp;&nbsp;&nbsp;&nbsp;&nbsp;&nbsp;&nbsp;&nbsp;&nbsp;&nbsp;&nbsp;&nbsp;&nbsp;&nbsp;&nbsp;&nbsp;&nbsp;&nbsp;&nbsp;&nbsp;&nbsp; &nbsp;&nbsp;&nbsp;&nbsp;&nbsp;<\/p>\n\n\n\n<p>&nbsp;3.Cari t\u0259dris ilinin q\u0131\u015f imtahan sessiyas\u0131nda yaranm\u0131\u015f akademik &nbsp;borclar\u0131n v\u0259&nbsp;&nbsp;&nbsp;&nbsp;&nbsp; kreditl\u0259rin \u00f6d\u0259nilm\u0259sinin t\u0259\u015fkili&nbsp;&nbsp;&nbsp;&nbsp;&nbsp;&nbsp;&nbsp;&nbsp;&nbsp;&nbsp;&nbsp;&nbsp;&nbsp;&nbsp;&nbsp;&nbsp;&nbsp;&nbsp;&nbsp;&nbsp;&nbsp;&nbsp;&nbsp;&nbsp;&nbsp;&nbsp; &nbsp;&nbsp;&nbsp;&nbsp;&nbsp;&nbsp;&nbsp;&nbsp;&nbsp;&nbsp;&nbsp;&nbsp;&nbsp;&nbsp;&nbsp;&nbsp;&nbsp;&nbsp;<\/p>\n\n\n\n<p>&nbsp;4. M\u00fcsabiq\u0259 yolu il\u0259 professor-m\u00fc\u0259llim hey\u0259tinin se\u00e7kisi<\/p>\n\n\n\n<p>&nbsp;5. 2024\/2025-ci t\u0259dris ilinin ikinci yar\u0131s\u0131 \u00fc\u00e7\u00fcn t\u0259qa\u00fcd\u0259 d\u00fc\u015f\u0259n namiz\u0259dl\u0259rin&nbsp; verilm\u0259si haqq\u0131nda.<\/p>\n\n\n\n<p>&nbsp;6. Cari m\u0259s\u0259l\u0259l\u0259r<\/p>\n\n\n\n<figure class=\"wp-block-gallery has-nested-images columns-default is-cropped wp-block-gallery-1 is-layout-flex wp-block-gallery-is-layout-flex\">\n<figure class=\"wp-block-image size-large\"><img loading=\"lazy\" decoding=\"async\" width=\"1280\" height=\"960\" data-id=\"7795\" src=\"https:\/\/iif.gdu.edu.az\/wp-content\/uploads\/2025\/03\/9bd5090c-b02d-46cd-adfe-9ed2c13ce15b.jpg\" alt=\"\" class=\"wp-image-7795\" srcset=\"https:\/\/iif.gdu.edu.az\/wp-content\/uploads\/2025\/03\/9bd5090c-b02d-46cd-adfe-9ed2c13ce15b.jpg 1280w, https:\/\/iif.gdu.edu.az\/wp-content\/uploads\/2025\/03\/9bd5090c-b02d-46cd-adfe-9ed2c13ce15b-768x576.jpg 768w, https:\/\/iif.gdu.edu.az\/wp-content\/uploads\/2025\/03\/9bd5090c-b02d-46cd-adfe-9ed2c13ce15b-960x720.jpg 960w, https:\/\/iif.gdu.edu.az\/wp-content\/uploads\/2025\/03\/9bd5090c-b02d-46cd-adfe-9ed2c13ce15b-480x360.jpg 480w, https:\/\/iif.gdu.edu.az\/wp-content\/uploads\/2025\/03\/9bd5090c-b02d-46cd-adfe-9ed2c13ce15b-320x240.jpg 320w, https:\/\/iif.gdu.edu.az\/wp-content\/uploads\/2025\/03\/9bd5090c-b02d-46cd-adfe-9ed2c13ce15b-240x180.jpg 240w\" sizes=\"auto, (max-width: 1280px) 100vw, 1280px\" \/><\/figure>\n\n\n\n<figure class=\"wp-block-image size-large\"><img loading=\"lazy\" decoding=\"async\" width=\"1280\" height=\"960\" data-id=\"7796\" src=\"https:\/\/iif.gdu.edu.az\/wp-content\/uploads\/2025\/03\/86d0b021-b463-4b9c-888d-6017b30b08a6.jpg\" alt=\"\" class=\"wp-image-7796\" srcset=\"https:\/\/iif.gdu.edu.az\/wp-content\/uploads\/2025\/03\/86d0b021-b463-4b9c-888d-6017b30b08a6.jpg 1280w, https:\/\/iif.gdu.edu.az\/wp-content\/uploads\/2025\/03\/86d0b021-b463-4b9c-888d-6017b30b08a6-768x576.jpg 768w, https:\/\/iif.gdu.edu.az\/wp-content\/uploads\/2025\/03\/86d0b021-b463-4b9c-888d-6017b30b08a6-960x720.jpg 960w, https:\/\/iif.gdu.edu.az\/wp-content\/uploads\/2025\/03\/86d0b021-b463-4b9c-888d-6017b30b08a6-480x360.jpg 480w, https:\/\/iif.gdu.edu.az\/wp-content\/uploads\/2025\/03\/86d0b021-b463-4b9c-888d-6017b30b08a6-320x240.jpg 320w, https:\/\/iif.gdu.edu.az\/wp-content\/uploads\/2025\/03\/86d0b021-b463-4b9c-888d-6017b30b08a6-240x180.jpg 240w\" sizes=\"auto, (max-width: 1280px) 100vw, 1280px\" \/><\/figure>\n<\/figure>\n\n\n\n<p><\/p>\n","protected":false},"excerpt":{"rendered":"<p>&nbsp;&nbsp;&nbsp;&nbsp;&nbsp;&nbsp;&nbsp;&nbsp;&nbsp;&nbsp;&nbsp;&nbsp;&nbsp; 27&nbsp; &nbsp;&nbsp;fevral 2025-ci &nbsp;il tarixd\u0259 saat 11-00 \u0130qtisadiyyat v\u0259 idar\u0259etm\u0259 fak\u00fclt\u0259si Elmi \u015euras\u0131n\u0131n iclas\u0131 oldu. G\u00dcND\u018fL\u0130K&nbsp; M\u018fS\u018fL\u018fL\u018fR 1. 2024\/2025-ci t\u0259dris ilinin&nbsp; q\u0131\u015f imtahan sessiyalar\u0131n\u0131n yekunlar\u0131 v\u0259 &nbsp;&nbsp;&nbsp;&nbsp;&nbsp; fak\u00fclt\u0259nin qar\u015f\u0131s\u0131nda duran v\u0259zif\u0259l\u0259r&nbsp;&nbsp;&nbsp;&nbsp;&nbsp;&nbsp;&nbsp;&nbsp;&nbsp;&nbsp;&nbsp;&nbsp;&nbsp;&nbsp; &nbsp;2.&nbsp; &nbsp;&nbsp;Turizm i\u015finin t\u0259\u015fkili ixtisas\u0131 VI kurs t\u0259l\u0259b\u0259l\u0259rinin burax\u0131l\u0131\u015f i\u015fl\u0259rinin&nbsp; icra v\u0259ziyy\u0259ti bar\u0259sind\u0259&nbsp;&nbsp;&nbsp;&nbsp;&nbsp;&nbsp;&nbsp;&nbsp;&nbsp;&nbsp;&nbsp;&nbsp;&nbsp;&nbsp;&nbsp;&nbsp;&nbsp;&nbsp;&nbsp;&nbsp;&nbsp;&nbsp;&nbsp; &nbsp;&nbsp;&nbsp;&nbsp;&nbsp; &nbsp;3.Cari t\u0259dris ilinin q\u0131\u015f imtahan sessiyas\u0131nda yaranm\u0131\u015f akademik &nbsp;borclar\u0131n [&hellip;]<\/p>\n","protected":false},"author":6,"featured_media":7796,"comment_status":"closed","ping_status":"closed","sticky":false,"template":"","format":"standard","meta":{"footnotes":""},"categories":[330],"tags":[],"class_list":["post-7794","post","type-post","status-publish","format-standard","has-post-thumbnail","hentry","category-elmi-sura"],"_links":{"self":[{"href":"https:\/\/iif.gdu.edu.az\/index.php?rest_route=\/wp\/v2\/posts\/7794","targetHints":{"allow":["GET"]}}],"collection":[{"href":"https:\/\/iif.gdu.edu.az\/index.php?rest_route=\/wp\/v2\/posts"}],"about":[{"href":"https:\/\/iif.gdu.edu.az\/index.php?rest_route=\/wp\/v2\/types\/post"}],"author":[{"embeddable":true,"href":"https:\/\/iif.gdu.edu.az\/index.php?rest_route=\/wp\/v2\/users\/6"}],"replies":[{"embeddable":true,"href":"https:\/\/iif.gdu.edu.az\/index.php?rest_route=%2Fwp%2Fv2%2Fcomments&post=7794"}],"version-history":[{"count":2,"href":"https:\/\/iif.gdu.edu.az\/index.php?rest_route=\/wp\/v2\/posts\/7794\/revisions"}],"predecessor-version":[{"id":12642,"href":"https:\/\/iif.gdu.edu.az\/index.php?rest_route=\/wp\/v2\/posts\/7794\/revisions\/12642"}],"wp:featuredmedia":[{"embeddable":true,"href":"https:\/\/iif.gdu.edu.az\/index.php?rest_route=\/wp\/v2\/media\/7796"}],"wp:attachment":[{"href":"https:\/\/iif.gdu.edu.az\/index.php?rest_route=%2Fwp%2Fv2%2Fmedia&parent=7794"}],"wp:term":[{"taxonomy":"category","embeddable":true,"href":"https:\/\/iif.gdu.edu.az\/index.php?rest_route=%2Fwp%2Fv2%2Fcategories&post=7794"},{"taxonomy":"post_tag","embeddable":true,"href":"https:\/\/iif.gdu.edu.az\/index.php?rest_route=%2Fwp%2Fv2%2Ftags&post=7794"}],"curies":[{"name":"wp","href":"https:\/\/api.w.org\/{rel}","templated":true}]}}