{"id":7798,"date":"2025-03-06T18:03:00","date_gmt":"2025-03-06T16:03:00","guid":{"rendered":"http:\/\/iif.gdu.edu.az\/?p=7798"},"modified":"2025-03-07T08:33:19","modified_gmt":"2025-03-07T06:33:19","slug":"birinci-vitse-prezident-mehriban-%c9%99liyeva-g%c9%99nc%c9%99-s%c9%99h%c9%99rin%c9%99-s%c9%99f%c9%99r-edib","status":"publish","type":"post","link":"https:\/\/iif.gdu.edu.az\/?p=7798","title":{"rendered":"Birinci vitse-prezident Mehriban \u018fliyeva G\u0259nc\u0259 \u015f\u0259h\u0259rin\u0259 s\u0259f\u0259r edib"},"content":{"rendered":"\n<figure class=\"wp-block-image size-large is-resized\"><img loading=\"lazy\" decoding=\"async\" src=\"https:\/\/iif.gdu.edu.az\/wp-content\/uploads\/2025\/03\/ba925e0a-c0b2-44ff-a323-010736217f0f.jpg\" alt=\"\" class=\"wp-image-7807\" width=\"592\" height=\"533\" srcset=\"https:\/\/iif.gdu.edu.az\/wp-content\/uploads\/2025\/03\/ba925e0a-c0b2-44ff-a323-010736217f0f.jpg 1080w, https:\/\/iif.gdu.edu.az\/wp-content\/uploads\/2025\/03\/ba925e0a-c0b2-44ff-a323-010736217f0f-768x691.jpg 768w\" sizes=\"auto, (max-width: 592px) 100vw, 592px\" \/><\/figure>\n\n\n\n<p>Birinci vitse-prezident Mehriban \u018fliyeva, q\u0131zlar\u0131 Leyla \u018fliyeva v\u0259 Arzu \u018fliyeva Az\u0259rbaycan xalq\u0131n\u0131n \u00dcmummilli Lideri Heyd\u0259r \u018fliyevin G\u0259nc\u0259 \u015f\u0259h\u0259rinin m\u0259rk\u0259zind\u0259 ucald\u0131lan abid\u0259sini ziyar\u0259t ed\u0259r\u0259k, \u00f6n\u00fcn\u0259 g\u00fcl d\u0259st\u0259l\u0259ri qoyublar.<\/p>\n\n\n\n<p>Sonra \u015f\u0259h\u0259r sakinl\u0259ri il\u0259 xatir\u0259 fotolar\u0131 \u00e7\u0259kdirilib.<\/p>\n\n\n\n<figure class=\"wp-block-gallery columns-3 is-cropped wp-block-gallery-1 is-layout-flex wp-block-gallery-is-layout-flex\"><ul class=\"blocks-gallery-grid\"><li class=\"blocks-gallery-item\"><figure><img loading=\"lazy\" decoding=\"async\" width=\"283\" height=\"178\" src=\"https:\/\/iif.gdu.edu.az\/wp-content\/uploads\/2025\/03\/2.jpg\" alt=\"\" data-id=\"7799\" data-full-url=\"https:\/\/iif.gdu.edu.az\/wp-content\/uploads\/2025\/03\/2.jpg\" data-link=\"https:\/\/iif.gdu.edu.az\/?attachment_id=7799#main\" class=\"wp-image-7799\"\/><\/figure><\/li><li class=\"blocks-gallery-item\"><figure><img loading=\"lazy\" decoding=\"async\" width=\"294\" height=\"171\" src=\"https:\/\/iif.gdu.edu.az\/wp-content\/uploads\/2025\/03\/3.jpg\" alt=\"\" data-id=\"7800\" data-full-url=\"https:\/\/iif.gdu.edu.az\/wp-content\/uploads\/2025\/03\/3.jpg\" data-link=\"https:\/\/iif.gdu.edu.az\/?attachment_id=7800#main\" class=\"wp-image-7800\"\/><\/figure><\/li><li class=\"blocks-gallery-item\"><figure><img loading=\"lazy\" decoding=\"async\" width=\"297\" height=\"170\" src=\"https:\/\/iif.gdu.edu.az\/wp-content\/uploads\/2025\/03\/6.jpg\" alt=\"\" data-id=\"7801\" data-full-url=\"https:\/\/iif.gdu.edu.az\/wp-content\/uploads\/2025\/03\/6.jpg\" data-link=\"https:\/\/iif.gdu.edu.az\/?attachment_id=7801#main\" class=\"wp-image-7801\"\/><\/figure><\/li><li class=\"blocks-gallery-item\"><figure><img loading=\"lazy\" decoding=\"async\" width=\"299\" height=\"168\" src=\"https:\/\/iif.gdu.edu.az\/wp-content\/uploads\/2025\/03\/5.jpg\" alt=\"\" data-id=\"7802\" data-full-url=\"https:\/\/iif.gdu.edu.az\/wp-content\/uploads\/2025\/03\/5.jpg\" data-link=\"https:\/\/iif.gdu.edu.az\/?attachment_id=7802#main\" class=\"wp-image-7802\"\/><\/figure><\/li><li class=\"blocks-gallery-item\"><figure><img loading=\"lazy\" decoding=\"async\" width=\"269\" height=\"187\" src=\"https:\/\/iif.gdu.edu.az\/wp-content\/uploads\/2025\/03\/4.jpg\" alt=\"\" data-id=\"7803\" data-full-url=\"https:\/\/iif.gdu.edu.az\/wp-content\/uploads\/2025\/03\/4.jpg\" data-link=\"https:\/\/iif.gdu.edu.az\/?attachment_id=7803#main\" class=\"wp-image-7803\"\/><\/figure><\/li><li class=\"blocks-gallery-item\"><figure><img loading=\"lazy\" decoding=\"async\" width=\"284\" height=\"177\" src=\"https:\/\/iif.gdu.edu.az\/wp-content\/uploads\/2025\/03\/1.jpg\" alt=\"\" data-id=\"7804\" data-full-url=\"https:\/\/iif.gdu.edu.az\/wp-content\/uploads\/2025\/03\/1.jpg\" data-link=\"https:\/\/iif.gdu.edu.az\/?attachment_id=7804#main\" class=\"wp-image-7804\"\/><\/figure><\/li><\/ul><\/figure>\n\n\n\n<figure class=\"wp-block-image size-large\"><img loading=\"lazy\" decoding=\"async\" width=\"300\" height=\"168\" src=\"https:\/\/iif.gdu.edu.az\/wp-content\/uploads\/2025\/03\/images.jpg\" alt=\"\" class=\"wp-image-7805\"\/><\/figure>\n\n\n\n<p><\/p>\n","protected":false},"excerpt":{"rendered":"<p>Birinci vitse-prezident Mehriban \u018fliyeva, q\u0131zlar\u0131 Leyla \u018fliyeva v\u0259 Arzu \u018fliyeva Az\u0259rbaycan xalq\u0131n\u0131n \u00dcmummilli Lideri Heyd\u0259r \u018fliyevin G\u0259nc\u0259 \u015f\u0259h\u0259rinin m\u0259rk\u0259zind\u0259 ucald\u0131lan abid\u0259sini ziyar\u0259t ed\u0259r\u0259k, \u00f6n\u00fcn\u0259 g\u00fcl d\u0259st\u0259l\u0259ri qoyublar. Sonra \u015f\u0259h\u0259r sakinl\u0259ri il\u0259 xatir\u0259 fotolar\u0131 \u00e7\u0259kdirilib.<\/p>\n","protected":false},"author":6,"featured_media":7807,"comment_status":"closed","ping_status":"closed","sticky":false,"template":"","format":"standard","meta":{"footnotes":""},"categories":[1],"tags":[],"class_list":["post-7798","post","type-post","status-publish","format-standard","has-post-thumbnail","hentry","category-sas"],"_links":{"self":[{"href":"https:\/\/iif.gdu.edu.az\/index.php?rest_route=\/wp\/v2\/posts\/7798","targetHints":{"allow":["GET"]}}],"collection":[{"href":"https:\/\/iif.gdu.edu.az\/index.php?rest_route=\/wp\/v2\/posts"}],"about":[{"href":"https:\/\/iif.gdu.edu.az\/index.php?rest_route=\/wp\/v2\/types\/post"}],"author":[{"embeddable":true,"href":"https:\/\/iif.gdu.edu.az\/index.php?rest_route=\/wp\/v2\/users\/6"}],"replies":[{"embeddable":true,"href":"https:\/\/iif.gdu.edu.az\/index.php?rest_route=%2Fwp%2Fv2%2Fcomments&post=7798"}],"version-history":[{"count":2,"href":"https:\/\/iif.gdu.edu.az\/index.php?rest_route=\/wp\/v2\/posts\/7798\/revisions"}],"predecessor-version":[{"id":7808,"href":"https:\/\/iif.gdu.edu.az\/index.php?rest_route=\/wp\/v2\/posts\/7798\/revisions\/7808"}],"wp:featuredmedia":[{"embeddable":true,"href":"https:\/\/iif.gdu.edu.az\/index.php?rest_route=\/wp\/v2\/media\/7807"}],"wp:attachment":[{"href":"https:\/\/iif.gdu.edu.az\/index.php?rest_route=%2Fwp%2Fv2%2Fmedia&parent=7798"}],"wp:term":[{"taxonomy":"category","embeddable":true,"href":"https:\/\/iif.gdu.edu.az\/index.php?rest_route=%2Fwp%2Fv2%2Fcategories&post=7798"},{"taxonomy":"post_tag","embeddable":true,"href":"https:\/\/iif.gdu.edu.az\/index.php?rest_route=%2Fwp%2Fv2%2Ftags&post=7798"}],"curies":[{"name":"wp","href":"https:\/\/api.w.org\/{rel}","templated":true}]}}