{"id":7809,"date":"2025-03-08T09:00:29","date_gmt":"2025-03-08T07:00:29","guid":{"rendered":"http:\/\/iif.gdu.edu.az\/?p=7809"},"modified":"2025-03-08T09:00:31","modified_gmt":"2025-03-08T07:00:31","slug":"beyn%c9%99lxalq-qadinlar-gunu-3","status":"publish","type":"post","link":"https:\/\/iif.gdu.edu.az\/?p=7809","title":{"rendered":"Beyn\u0259lxalq Qad\u0131nlar G\u00fcn\u00fc"},"content":{"rendered":"\n<p>Qad\u0131nlar h\u0259yat\u0131n m\u0259nas\u0131, b\u0259z\u0259yi v\u0259 \u0259b\u0259di g\u00f6z\u0259lliyidir. \u00dclvilik, z\u0259riflik v\u0259 g\u00f6z\u0259llik r\u0259mzi olan qad\u0131n, ana ad\u0131 \u00f6lk\u0259mizd\u0259 h\u0259mi\u015f\u0259 uca tutulmu\u015fdur. Az\u0259rbaycan qad\u0131n\u0131 b\u00fct\u00fcn d\u00f6vrl\u0259rd\u0259 \u00f6z istedad\u0131, z\u0259kas\u0131, irad\u0259si v\u0259 \u0259zmi il\u0259 milli &#8211; m\u0259n\u0259vi d\u0259y\u0259rl\u0259rimizin qorunub saxlanmas\u0131 v\u0259 ya\u015fad\u0131lmas\u0131nda m\u00fcst\u0259sna xidm\u0259tl\u0259r g\u00f6st\u0259rmi\u015fdir. Tariximizin v\u0259 m\u0259d\u0259niyy\u0259timizin ne\u00e7\u0259-ne\u00e7\u0259 \u015fanl\u0131, parlaq s\u0259hif\u0259si m\u0259hz onun ad\u0131 il\u0259 ba\u011fl\u0131 olmu\u015fdur. Az\u0259rbaycan qad\u0131n\u0131 d\u00fcnyaya b\u0259\u015f\u0259riyy\u0259tin m\u0259d\u0259ni fikir x\u0259zin\u0259sinin incil\u0259rini yaradan \u0259d\u0259bi \u015f\u0259xsiyy\u0259tl\u0259r, g\u00f6rk\u0259mli elm v\u0259 s\u0259n\u0259t adamlar\u0131, tan\u0131nm\u0131\u015f siyasi xadiml\u0259r b\u0259x\u015f etmi\u015fdir. Xalq\u0131m\u0131z\u0131n t\u0259f\u0259kk\u00fcr\u00fcnd\u0259 ana m\u0259fhumu do\u011fma yurdun, V\u0259t\u0259n torpa\u011f\u0131n\u0131n t\u0259c\u0259ss\u00fcm\u00fcd\u00fcr. Tarix boyu Az\u0259rbaycanda qad\u0131na \u2013 anaya daim b\u00f6y\u00fck ehtiram v\u0259 h\u00f6rm\u0259t b\u0259sl\u0259nmi\u015f, ana h\u0259mi\u015f\u0259 m\u00fcq\u0259dd\u0259s olmu\u015f, namus, qeyr\u0259t r\u0259mzi say\u0131lm\u0131\u015fd\u0131r. M\u00fcdrik h\u00f6kmdar, c\u0259sur s\u0259rk\u0259rd\u0259, istedadl\u0131 \u015fair v\u0259 s\u0259n\u0259tkar qad\u0131nlar\u0131m\u0131z\u0131n adlar\u0131 \u00e7ox\u0259srlik tariximizin s\u0259hif\u0259l\u0259rin\u0259 q\u0131z\u0131l h\u0259rfl\u0259rl\u0259 yaz\u0131lm\u0131\u015fd\u0131r.<br>B\u0259\u015f\u0259riyy\u0259t tarixind\u0259 \u0259n \u0259lam\u0259tdar g\u00fcnl\u0259rd\u0259n biri olan 8 Mart Beyn\u0259lxalq Qad\u0131nlar G\u00fcn\u00fc bayram kimi h\u0259r il m\u00fcxt\u0259lif d\u00fcnya d\u00f6vl\u0259tl\u0259rind\u0259, el\u0259c\u0259 d\u0259 respublikam\u0131zda t\u0259nt\u0259n\u0259li \u015f\u0259kild\u0259 qeyd olunur. Bu g\u00fcn 1975-ci ild\u0259n Beyn\u0259lxalq Qad\u0131nlar G\u00fcn\u00fc olaraq qeyd edilir.<br>\u00a0\u00a0\u00a0\u00a0\u00a0\u00a0 \u00d6t\u0259n \u0259srd\u0259 qad\u0131n h\u00fcquqlar\u0131n\u0131n qazan\u0131lmas\u0131 v\u0259 qorunmas\u0131 yolunda misilsiz u\u011furlar \u0259ld\u0259 etmi\u015f Az\u0259rbaycan qad\u0131n\u0131 bu g\u00fcn art\u0131q \u00f6lk\u0259mizin ictimai-siyasi, iqtisadi, m\u0259d\u0259ni h\u0259yat\u0131n\u0131n f\u0259al i\u015ftirak\u00e7\u0131s\u0131d\u0131r. O, taley\u00fckl\u00fc milli m\u0259s\u0259l\u0259l\u0259rin h\u0259llin\u0259 sanball\u0131 t\u00f6hf\u0259l\u0259r verir. Elm, t\u0259hsil, m\u0259d\u0259niyy\u0259t, s\u0259hiyy\u0259 v\u0259 dig\u0259r sah\u0259l\u0259rd\u0259 qazand\u0131\u011f\u0131 nailiyy\u0259tl\u0259r Az\u0259rbaycan qad\u0131n\u0131n\u0131n \u00e7ox b\u00f6y\u00fck potensiala malik oldu\u011funu t\u0259sdiq etmi\u015fdir.<br>\u00d6lk\u0259mizd\u0259 d\u00f6vl\u0259t &#8211; qad\u0131n siyas\u0259tinin \u0259sas\u0131n\u0131 qoyan \u00fcmummilli lider Heyd\u0259r \u018fliyev qad\u0131n \u015f\u0259xsiyy\u0259tin\u0259 b\u00f6y\u00fck h\u00f6rm\u0259tl\u0259 yana\u015f\u0131rd\u0131. Ulu \u00d6nd\u0259r \u00f6lk\u0259 h\u0259yat\u0131n\u0131n b\u00fct\u00fcn sah\u0259l\u0259rind\u0259 qad\u0131nlara x\u00fcsusi yer ay\u0131rd\u0131, onlar\u0131n h\u0259rt\u0259r\u0259fli f\u0259aliyy\u0259tin\u0259 geni\u015f meydan verdi, lider qad\u0131nlar yeti\u015fdirdi. Ulu \u00f6nd\u0259r Heyd\u0259r \u018fliyevin imzalad\u0131\u011f\u0131 \u201cAz\u0259rbaycan Respublikas\u0131nda D\u00f6vl\u0259t qad\u0131n siyas\u0259tinin h\u0259yata ke\u00e7irilm\u0259si haqq\u0131nda\u201d 6 mart 2000-ci il tarixli f\u0259rman\u0131n icras\u0131 il\u0259 \u0259laq\u0259dar olaraq apar\u0131lan u\u011furlu i\u015fl\u0259r bel\u0259 statistik n\u0259tic\u0259y\u0259 g\u0259lm\u0259y\u0259 \u0259sas verir ki, respublikada qad\u0131nlar\u0131n t\u0259hsil, m\u0259\u015f\u011fulluq, sahibkarl\u0131q f\u0259aliyy\u0259ti, r\u0259hb\u0259r v\u0259zif\u0259l\u0259rd\u0259 t\u0259msil olunma s\u0259viyy\u0259si \u0259vv\u0259lki ill\u0259r\u0259 nisb\u0259t\u0259n getdikc\u0259 y\u00fcks\u0259l\u0259n x\u0259tt \u00fczr\u0259 inki\u015faf edir. \u00dcmummilli lider Heyd\u0259r \u018fliyev 8 Mart Beyn\u0259lxalq Qad\u0131nlar bayram\u0131 il\u0259 ba\u011fl\u0131 demi\u015fdir: \u201cBu bayram, do\u011frudan da bizim b\u00fct\u00fcn bayramlar\u0131m\u0131z i\u00e7\u0259risind\u0259 \u0259n g\u00f6z\u0259l bayramd\u0131r. \u00c7\u00fcnki bu, qad\u0131nlara h\u0259sr olunubdur. \u0130nsan c\u0259miyy\u0259tind\u0259 qad\u0131n\u0131n rolu, \u0259h\u0259miyy\u0259ti m\u0259lumdur. Q\u0131saca onu dem\u0259k olar ki, qad\u0131ns\u0131z insan yoxdur, qad\u0131ns\u0131z h\u0259yat yoxdur. Qad\u0131nlar c\u0259miyy\u0259td\u0259, h\u0259yatda g\u00f6st\u0259rdikl\u0259ri b\u00fct\u00fcn ba\u015fqa xidm\u0259tl\u0259rl\u0259 yana\u015f\u0131, ona g\u00f6r\u0259 \u0259n y\u00fcks\u0259k qiym\u0259t\u0259 layiqdirl\u0259r ki, onlar anad\u0131rlar.\u201d<\/p>\n\n\n\n<figure class=\"wp-block-gallery columns-2 is-cropped wp-block-gallery-1 is-layout-flex wp-block-gallery-is-layout-flex\"><ul class=\"blocks-gallery-grid\"><li class=\"blocks-gallery-item\"><figure><img loading=\"lazy\" decoding=\"async\" width=\"204\" height=\"192\" src=\"https:\/\/iif.gdu.edu.az\/wp-content\/uploads\/2025\/03\/download.png\" alt=\"\" data-id=\"7810\" data-full-url=\"https:\/\/iif.gdu.edu.az\/wp-content\/uploads\/2025\/03\/download.png\" data-link=\"https:\/\/iif.gdu.edu.az\/?attachment_id=7810#main\" class=\"wp-image-7810\"\/><\/figure><\/li><li class=\"blocks-gallery-item\"><figure><img loading=\"lazy\" decoding=\"async\" width=\"204\" height=\"192\" src=\"https:\/\/iif.gdu.edu.az\/wp-content\/uploads\/2025\/03\/download.jpg\" alt=\"\" data-id=\"7811\" data-full-url=\"https:\/\/iif.gdu.edu.az\/wp-content\/uploads\/2025\/03\/download.jpg\" data-link=\"https:\/\/iif.gdu.edu.az\/?attachment_id=7811#main\" class=\"wp-image-7811\"\/><\/figure><\/li><\/ul><\/figure>\n\n\n\n<p><\/p>\n","protected":false},"excerpt":{"rendered":"<p>Qad\u0131nlar h\u0259yat\u0131n m\u0259nas\u0131, b\u0259z\u0259yi v\u0259 \u0259b\u0259di g\u00f6z\u0259lliyidir. \u00dclvilik, z\u0259riflik v\u0259 g\u00f6z\u0259llik r\u0259mzi olan qad\u0131n, ana ad\u0131 \u00f6lk\u0259mizd\u0259 h\u0259mi\u015f\u0259 uca tutulmu\u015fdur. Az\u0259rbaycan qad\u0131n\u0131 b\u00fct\u00fcn d\u00f6vrl\u0259rd\u0259 \u00f6z istedad\u0131, z\u0259kas\u0131, irad\u0259si v\u0259 \u0259zmi il\u0259 milli &#8211; m\u0259n\u0259vi d\u0259y\u0259rl\u0259rimizin qorunub saxlanmas\u0131 v\u0259 ya\u015fad\u0131lmas\u0131nda m\u00fcst\u0259sna xidm\u0259tl\u0259r g\u00f6st\u0259rmi\u015fdir. Tariximizin v\u0259 m\u0259d\u0259niyy\u0259timizin ne\u00e7\u0259-ne\u00e7\u0259 \u015fanl\u0131, parlaq s\u0259hif\u0259si m\u0259hz onun ad\u0131 il\u0259 ba\u011fl\u0131 olmu\u015fdur. [&hellip;]<\/p>\n","protected":false},"author":6,"featured_media":7811,"comment_status":"closed","ping_status":"closed","sticky":false,"template":"","format":"standard","meta":{"footnotes":""},"categories":[1],"tags":[],"class_list":["post-7809","post","type-post","status-publish","format-standard","has-post-thumbnail","hentry","category-sas"],"_links":{"self":[{"href":"https:\/\/iif.gdu.edu.az\/index.php?rest_route=\/wp\/v2\/posts\/7809","targetHints":{"allow":["GET"]}}],"collection":[{"href":"https:\/\/iif.gdu.edu.az\/index.php?rest_route=\/wp\/v2\/posts"}],"about":[{"href":"https:\/\/iif.gdu.edu.az\/index.php?rest_route=\/wp\/v2\/types\/post"}],"author":[{"embeddable":true,"href":"https:\/\/iif.gdu.edu.az\/index.php?rest_route=\/wp\/v2\/users\/6"}],"replies":[{"embeddable":true,"href":"https:\/\/iif.gdu.edu.az\/index.php?rest_route=%2Fwp%2Fv2%2Fcomments&post=7809"}],"version-history":[{"count":1,"href":"https:\/\/iif.gdu.edu.az\/index.php?rest_route=\/wp\/v2\/posts\/7809\/revisions"}],"predecessor-version":[{"id":7812,"href":"https:\/\/iif.gdu.edu.az\/index.php?rest_route=\/wp\/v2\/posts\/7809\/revisions\/7812"}],"wp:featuredmedia":[{"embeddable":true,"href":"https:\/\/iif.gdu.edu.az\/index.php?rest_route=\/wp\/v2\/media\/7811"}],"wp:attachment":[{"href":"https:\/\/iif.gdu.edu.az\/index.php?rest_route=%2Fwp%2Fv2%2Fmedia&parent=7809"}],"wp:term":[{"taxonomy":"category","embeddable":true,"href":"https:\/\/iif.gdu.edu.az\/index.php?rest_route=%2Fwp%2Fv2%2Fcategories&post=7809"},{"taxonomy":"post_tag","embeddable":true,"href":"https:\/\/iif.gdu.edu.az\/index.php?rest_route=%2Fwp%2Fv2%2Ftags&post=7809"}],"curies":[{"name":"wp","href":"https:\/\/api.w.org\/{rel}","templated":true}]}}