{"id":7875,"date":"2025-03-20T09:02:00","date_gmt":"2025-03-20T07:02:00","guid":{"rendered":"http:\/\/iif.gdu.edu.az\/?p=7875"},"modified":"2025-03-19T11:18:46","modified_gmt":"2025-03-19T09:18:46","slug":"novruz-bayraminiz-mubar%c9%99k","status":"publish","type":"post","link":"https:\/\/iif.gdu.edu.az\/?p=7875","title":{"rendered":"Novruz bayram\u0131n\u0131z m\u00fcbar\u0259k!"},"content":{"rendered":"\n<p>Novruz&nbsp; bir bayram kimi bahar\u0131n g\u0259lm\u0259si m\u00fcnasib\u0259til\u0259 geni\u015f miqyasda qeyd olunur v\u0259 sevincli bir hala \u2014 q\u0131\u015f\u0131n qurtarmas\u0131na v\u0259 bahar\u0131n g\u0259li\u015fin\u0259 h\u0259sr olunur.<\/p>\n\n\n\n<p>Novruz bayram\u0131n\u0131 qeyd etm\u0259k t\u0259z\u0259 ili, bahar\u0131n ilk g\u00fcn\u00fcn\u00fc qar\u015f\u0131lamaq dem\u0259kdir. T\u0259qvimd\u0259 bahar\u0131n ilk g\u00fcn\u00fc is\u0259 g\u00fcn\u0259\u015fin bir illik f\u0131rlanmas\u0131 il\u0259 \u0259saslan\u0131r.<\/p>\n\n\n\n<p>Aliml\u0259rin fikrinc\u0259 bu bayram\u0131n tarixi \u00e7ox q\u0259dimdir. Elmi ara\u015fd\u0131rmalar Novruz bayram\u0131n\u0131n ibtidas\u0131n\u0131 \u00e7ox \u0259ski \u00e7a\u011flarla \u2014 Z\u0259rd\u00fc\u015ft pey\u011f\u0259mb\u0259rimizin ya\u015fad\u0131\u011f\u0131 d\u00f6vrl\u0259 ba\u011flay\u0131r, onun ya\u015f\u0131n\u0131 \u0259n az\u0131 3700, \u0259n \u00e7oxu 5000 il\u0259 b\u0259rab\u0259r edirl\u0259r.<\/p>\n\n\n\n<p>Q\u0259dim Vavilonada bu bayram Nisan\u0131n (mart, aprel) 21 g\u00fcn\u00fc qeyd olunurdu v\u0259 12 g\u00fcn davam edirdi. Bununla bel\u0259 bu 12 g\u00fcn\u00fcn h\u0259r birisinin \u00f6z rituallar\u0131 (m\u0259rasim, ayin), \u00f6z \u0259yl\u0259nc\u0259l\u0259ri m\u00f6vc\u00fcd idi. \u0130lk yaz\u0131l\u0131 m\u0259nb\u0259d\u0259 qeyd olunur ki, Novruz bayram\u0131 bizim eradan \u0259vv\u0259l 505-ci ild\u0259 yaranm\u0131\u015fd\u0131r.<\/p>\n\n\n\n<p>\u0130slam xadiml\u0259ri bu bayrama h\u0259mi\u015f\u0259 dini r\u0259ng verm\u0259y\u0259 \u00e7al\u0131\u015f\u0131rlar. Ancaq Novruzun islamdan da \u0259vv\u0259l yaranmas\u0131n\u0131 g\u00f6rk\u0259mli maarif\u00e7il\u0259rd\u0259n Firdovsi, Rudaki, Avisenna, Nizami, S\u0259di, Hafiz v\u0259 ba\u015fqalar\u0131 da t\u0259sdiq edirl\u0259r. Novruz bayram\u0131n\u0131n yaranmas\u0131 tarixin\u0259 h\u0259sr olunmu\u015f yaz\u0131lardan Nizaminin &#8220;Siyas\u0259tnam\u0259&#8221;sini, \u00d6m\u0259r X\u0259yyam\u0131n &#8220;Novruznam\u0259&#8221;sini v\u0259 ba\u015fqalar\u0131n\u0131 qeyd etm\u0259k olar.<\/p>\n\n\n\n<figure class=\"wp-block-gallery columns-3 is-cropped wp-block-gallery-1 is-layout-flex wp-block-gallery-is-layout-flex\"><ul class=\"blocks-gallery-grid\"><li class=\"blocks-gallery-item\"><figure><img loading=\"lazy\" decoding=\"async\" width=\"1400\" height=\"788\" src=\"https:\/\/iif.gdu.edu.az\/wp-content\/uploads\/2025\/03\/semeni2.jpg\" alt=\"\" data-id=\"7876\" data-full-url=\"https:\/\/iif.gdu.edu.az\/wp-content\/uploads\/2025\/03\/semeni2.jpg\" data-link=\"https:\/\/iif.gdu.edu.az\/?attachment_id=7876#main\" class=\"wp-image-7876\" srcset=\"https:\/\/iif.gdu.edu.az\/wp-content\/uploads\/2025\/03\/semeni2.jpg 1400w, https:\/\/iif.gdu.edu.az\/wp-content\/uploads\/2025\/03\/semeni2-768x432.jpg 768w\" sizes=\"auto, (max-width: 1400px) 100vw, 1400px\" \/><\/figure><\/li><li class=\"blocks-gallery-item\"><figure><img loading=\"lazy\" decoding=\"async\" width=\"256\" height=\"197\" src=\"https:\/\/iif.gdu.edu.az\/wp-content\/uploads\/2025\/03\/1-2.jpg\" alt=\"\" data-id=\"7877\" data-full-url=\"https:\/\/iif.gdu.edu.az\/wp-content\/uploads\/2025\/03\/1-2.jpg\" data-link=\"https:\/\/iif.gdu.edu.az\/?attachment_id=7877#main\" class=\"wp-image-7877\"\/><\/figure><\/li><li class=\"blocks-gallery-item\"><figure><img loading=\"lazy\" decoding=\"async\" width=\"225\" height=\"225\" src=\"https:\/\/iif.gdu.edu.az\/wp-content\/uploads\/2025\/03\/images-1.jpg\" alt=\"\" data-id=\"7878\" data-full-url=\"https:\/\/iif.gdu.edu.az\/wp-content\/uploads\/2025\/03\/images-1.jpg\" data-link=\"https:\/\/iif.gdu.edu.az\/?attachment_id=7878#main\" class=\"wp-image-7878\"\/><\/figure><\/li><li class=\"blocks-gallery-item\"><figure><img loading=\"lazy\" decoding=\"async\" width=\"1000\" height=\"635\" src=\"https:\/\/iif.gdu.edu.az\/wp-content\/uploads\/2025\/03\/image094.jpg\" alt=\"\" data-id=\"7879\" data-full-url=\"https:\/\/iif.gdu.edu.az\/wp-content\/uploads\/2025\/03\/image094.jpg\" data-link=\"https:\/\/iif.gdu.edu.az\/?attachment_id=7879#main\" class=\"wp-image-7879\" srcset=\"https:\/\/iif.gdu.edu.az\/wp-content\/uploads\/2025\/03\/image094.jpg 1000w, https:\/\/iif.gdu.edu.az\/wp-content\/uploads\/2025\/03\/image094-768x488.jpg 768w\" sizes=\"auto, (max-width: 1000px) 100vw, 1000px\" \/><\/figure><\/li><\/ul><\/figure>\n\n\n\n<figure class=\"wp-block-image size-large\"><img loading=\"lazy\" decoding=\"async\" width=\"600\" height=\"350\" src=\"https:\/\/iif.gdu.edu.az\/wp-content\/uploads\/2025\/03\/IMG_4775-600x350-1.jpg\" alt=\"\" class=\"wp-image-7881\"\/><\/figure>\n\n\n\n<p><\/p>\n","protected":false},"excerpt":{"rendered":"<p>Novruz&nbsp; bir bayram kimi bahar\u0131n g\u0259lm\u0259si m\u00fcnasib\u0259til\u0259 geni\u015f miqyasda qeyd olunur v\u0259 sevincli bir hala \u2014 q\u0131\u015f\u0131n qurtarmas\u0131na v\u0259 bahar\u0131n g\u0259li\u015fin\u0259 h\u0259sr olunur. Novruz bayram\u0131n\u0131 qeyd etm\u0259k t\u0259z\u0259 ili, bahar\u0131n ilk g\u00fcn\u00fcn\u00fc qar\u015f\u0131lamaq dem\u0259kdir. T\u0259qvimd\u0259 bahar\u0131n ilk g\u00fcn\u00fc is\u0259 g\u00fcn\u0259\u015fin bir illik f\u0131rlanmas\u0131 il\u0259 \u0259saslan\u0131r. Aliml\u0259rin fikrinc\u0259 bu bayram\u0131n tarixi \u00e7ox q\u0259dimdir. Elmi ara\u015fd\u0131rmalar Novruz [&hellip;]<\/p>\n","protected":false},"author":6,"featured_media":7881,"comment_status":"closed","ping_status":"closed","sticky":false,"template":"","format":"standard","meta":{"footnotes":""},"categories":[1],"tags":[],"class_list":["post-7875","post","type-post","status-publish","format-standard","has-post-thumbnail","hentry","category-sas"],"_links":{"self":[{"href":"https:\/\/iif.gdu.edu.az\/index.php?rest_route=\/wp\/v2\/posts\/7875","targetHints":{"allow":["GET"]}}],"collection":[{"href":"https:\/\/iif.gdu.edu.az\/index.php?rest_route=\/wp\/v2\/posts"}],"about":[{"href":"https:\/\/iif.gdu.edu.az\/index.php?rest_route=\/wp\/v2\/types\/post"}],"author":[{"embeddable":true,"href":"https:\/\/iif.gdu.edu.az\/index.php?rest_route=\/wp\/v2\/users\/6"}],"replies":[{"embeddable":true,"href":"https:\/\/iif.gdu.edu.az\/index.php?rest_route=%2Fwp%2Fv2%2Fcomments&post=7875"}],"version-history":[{"count":2,"href":"https:\/\/iif.gdu.edu.az\/index.php?rest_route=\/wp\/v2\/posts\/7875\/revisions"}],"predecessor-version":[{"id":7882,"href":"https:\/\/iif.gdu.edu.az\/index.php?rest_route=\/wp\/v2\/posts\/7875\/revisions\/7882"}],"wp:featuredmedia":[{"embeddable":true,"href":"https:\/\/iif.gdu.edu.az\/index.php?rest_route=\/wp\/v2\/media\/7881"}],"wp:attachment":[{"href":"https:\/\/iif.gdu.edu.az\/index.php?rest_route=%2Fwp%2Fv2%2Fmedia&parent=7875"}],"wp:term":[{"taxonomy":"category","embeddable":true,"href":"https:\/\/iif.gdu.edu.az\/index.php?rest_route=%2Fwp%2Fv2%2Fcategories&post=7875"},{"taxonomy":"post_tag","embeddable":true,"href":"https:\/\/iif.gdu.edu.az\/index.php?rest_route=%2Fwp%2Fv2%2Ftags&post=7875"}],"curies":[{"name":"wp","href":"https:\/\/api.w.org\/{rel}","templated":true}]}}