{"id":7897,"date":"2025-03-30T08:24:00","date_gmt":"2025-03-30T06:24:00","guid":{"rendered":"http:\/\/iif.gdu.edu.az\/?p=7897"},"modified":"2025-04-03T08:54:22","modified_gmt":"2025-04-03T06:54:22","slug":"ramazan-bayrami","status":"publish","type":"post","link":"https:\/\/iif.gdu.edu.az\/?p=7897","title":{"rendered":"Ramazan bayram\u0131"},"content":{"rendered":"\n<p>Ramazan ay\u0131nda oruc tutulmas\u0131\u00a0<a href=\"https:\/\/az.wikipedia.org\/wiki\/M%C3%BCs%C9%99lman\">m\u00fcs\u0259lmanlara<\/a>\u00a0hicr\u0259tin ikinci (622-ci il) ili t\u0259yin edilmi\u015fdir. Ramazan ay\u0131 insanlara\u00a0<a href=\"https:\/\/az.wikipedia.org\/wiki\/Allah\">Allah\u0131<\/a>\u00a0sevm\u0259k prinsipl\u0259rini \u00f6yr\u0259dir, onlara \u00f6z irad\u0259 q\u00fcvv\u0259l\u0259rini, d\u00f6z\u00fcml\u00fcy\u00fcn\u00fc yoxlamaq imkan\u0131 verir, onlar\u0131 g\u00f6z\u00fca\u00e7\u0131q, t\u0259miz, vicdanl\u0131 olma\u011fa y\u00f6n\u0259ldir v\u0259 oruc tutmaqla ifad\u0259 olunur. Oruc ramazan ay\u0131nda tutuldu\u011fu \u00fc\u00e7\u00fcn ona &#8220;<a href=\"https:\/\/az.wikipedia.org\/w\/index.php?title=Ramazan_orucu&amp;action=edit&amp;redlink=1\">Ramazan orucu<\/a>&#8221; da deyirl\u0259r.<\/p>\n\n\n\n<p>Ramazan bayram\u0131n\u0131n m\u0259qs\u0259dl\u0259rind\u0259n biri m\u00fcs\u0259lmanlar\u0131n toplanmas\u0131 v\u0259 g\u00f6r\u00fc\u015fm\u0259sidir. M\u00fcs\u0259lmanlar bayramda g\u00f6r\u00fc\u015f\u00fcr, bir yerd\u0259 namaz q\u0131l\u0131rlar. Oruc ibad\u0259tl\u0259rini bitirdikd\u0259n sonra m\u00fcs\u0259lmanlar bayram ke\u00e7irir v\u0259 bir yer\u0259 y\u0131\u011f\u0131l\u0131rlar. Bayram\u0131n ba\u015fqa m\u0259qs\u0259dl\u0259rind\u0259n d\u0259, m\u00fcs\u0259lmanlar\u0131n bir-birini ziyar\u0259t etm\u0259si, qohum-\u0259qrabalarla g\u00f6r\u00fc\u015fm\u0259si, \u0259g\u0259r arada inciklik varsa bar\u0131\u015fmas\u0131 \u00fc\u00e7\u00fcnd\u00fcr. Bayramda kas\u0131blar v\u0259 yoxsullar da sevinm\u0259lidir, onlar da yeni paltar gey\u0259r\u0259k b\u00fct\u00fcn m\u00fcs\u0259lmanlarla bir yerd\u0259 namaza g\u0259lm\u0259lidirl\u0259r. M\u0259hz buna g\u00f6r\u0259 fitr\u0259 z\u0259kat\u0131 buyurulmu\u015fdur ki, yoxsul m\u00fcs\u0259lmanlar da bayram\u0131 ke\u00e7irsinl\u0259r v\u0259 ham\u0131 kimi \u015f\u0259nl\u0259nsinl\u0259r.<\/p>\n\n\n\n<p><\/p>\n\n\n\n<figure class=\"wp-block-image size-large is-resized\"><img loading=\"lazy\" decoding=\"async\" src=\"http:\/\/iif.gdu.edu.az\/wp-content\/uploads\/2025\/04\/250px-Sultan_Ahmed_Mosque_mahya3.jpg\" alt=\"\" class=\"wp-image-7898\" width=\"593\" height=\"396\" srcset=\"https:\/\/iif.gdu.edu.az\/wp-content\/uploads\/2025\/04\/250px-Sultan_Ahmed_Mosque_mahya3.jpg 250w, https:\/\/iif.gdu.edu.az\/wp-content\/uploads\/2025\/04\/250px-Sultan_Ahmed_Mosque_mahya3-240x160.jpg 240w\" sizes=\"auto, (max-width: 593px) 100vw, 593px\" \/><\/figure>\n\n\n\n<p><\/p>\n","protected":false},"excerpt":{"rendered":"<p>Ramazan ay\u0131nda oruc tutulmas\u0131\u00a0m\u00fcs\u0259lmanlara\u00a0hicr\u0259tin ikinci (622-ci il) ili t\u0259yin edilmi\u015fdir. Ramazan ay\u0131 insanlara\u00a0Allah\u0131\u00a0sevm\u0259k prinsipl\u0259rini \u00f6yr\u0259dir, onlara \u00f6z irad\u0259 q\u00fcvv\u0259l\u0259rini, d\u00f6z\u00fcml\u00fcy\u00fcn\u00fc yoxlamaq imkan\u0131 verir, onlar\u0131 g\u00f6z\u00fca\u00e7\u0131q, t\u0259miz, vicdanl\u0131 olma\u011fa y\u00f6n\u0259ldir v\u0259 oruc tutmaqla ifad\u0259 olunur. Oruc ramazan ay\u0131nda tutuldu\u011fu \u00fc\u00e7\u00fcn ona &#8220;Ramazan orucu&#8221; da deyirl\u0259r. Ramazan bayram\u0131n\u0131n m\u0259qs\u0259dl\u0259rind\u0259n biri m\u00fcs\u0259lmanlar\u0131n toplanmas\u0131 v\u0259 g\u00f6r\u00fc\u015fm\u0259sidir. M\u00fcs\u0259lmanlar bayramda g\u00f6r\u00fc\u015f\u00fcr, [&hellip;]<\/p>\n","protected":false},"author":6,"featured_media":0,"comment_status":"closed","ping_status":"closed","sticky":false,"template":"","format":"standard","meta":{"footnotes":""},"categories":[1],"tags":[],"class_list":["post-7897","post","type-post","status-publish","format-standard","hentry","category-sas"],"_links":{"self":[{"href":"https:\/\/iif.gdu.edu.az\/index.php?rest_route=\/wp\/v2\/posts\/7897","targetHints":{"allow":["GET"]}}],"collection":[{"href":"https:\/\/iif.gdu.edu.az\/index.php?rest_route=\/wp\/v2\/posts"}],"about":[{"href":"https:\/\/iif.gdu.edu.az\/index.php?rest_route=\/wp\/v2\/types\/post"}],"author":[{"embeddable":true,"href":"https:\/\/iif.gdu.edu.az\/index.php?rest_route=\/wp\/v2\/users\/6"}],"replies":[{"embeddable":true,"href":"https:\/\/iif.gdu.edu.az\/index.php?rest_route=%2Fwp%2Fv2%2Fcomments&post=7897"}],"version-history":[{"count":1,"href":"https:\/\/iif.gdu.edu.az\/index.php?rest_route=\/wp\/v2\/posts\/7897\/revisions"}],"predecessor-version":[{"id":7899,"href":"https:\/\/iif.gdu.edu.az\/index.php?rest_route=\/wp\/v2\/posts\/7897\/revisions\/7899"}],"wp:attachment":[{"href":"https:\/\/iif.gdu.edu.az\/index.php?rest_route=%2Fwp%2Fv2%2Fmedia&parent=7897"}],"wp:term":[{"taxonomy":"category","embeddable":true,"href":"https:\/\/iif.gdu.edu.az\/index.php?rest_route=%2Fwp%2Fv2%2Fcategories&post=7897"},{"taxonomy":"post_tag","embeddable":true,"href":"https:\/\/iif.gdu.edu.az\/index.php?rest_route=%2Fwp%2Fv2%2Ftags&post=7897"}],"curies":[{"name":"wp","href":"https:\/\/api.w.org\/{rel}","templated":true}]}}